{"id":48786,"date":"2023-02-06T17:24:59","date_gmt":"2023-02-06T17:24:59","guid":{"rendered":"http:\/\/elterritorialweb.com.ar\/web\/?p=48786"},"modified":"2023-02-06T17:24:59","modified_gmt":"2023-02-06T17:24:59","slug":"la-escuela-de-patin-quimsa-retorna-a-sus-actividades","status":"publish","type":"post","link":"https:\/\/elterritorialweb.com.ar\/web\/la-escuela-de-patin-quimsa-retorna-a-sus-actividades\/","title":{"rendered":"LA ESCUELA DE PAT\u00cdN QUIMSA RETORNA A SUS ACTIVIDADES"},"content":{"rendered":"\n<p><strong>La Profesora Lic. Florencia Cella, Directora de la Escuela Pat\u00edn Quimsa te ofrece clases de patinaje en todos los niveles y edades, recreativo o competitivo, desde los 4 a\u00f1os en adelante, las inscripciones siguen abiertas.<\/strong><\/p>\n\n\n\n<p><strong>La Escuela de Pat\u00edn Quimsa tiene sede en Santiago&nbsp; del Estero y Los Quirogas, a las mismas concurren un gran n\u00famero de alumnos.<\/strong><\/p>\n\n\n\n<p><strong>Los alumnos llegan a dicha a instituci\u00f3n no solo con el fin de poder crear lazos de amistad sino tambi\u00e9n para prepararse con el fin de representar a la provincia sino tambi\u00e9n en el futuro representar al pa\u00eds.<\/strong><\/p>\n\n\n\n<p><strong>Cabe destacar que la Escuela de Pat\u00edn Quimsa en el a\u00f1o 2022, particip\u00f3 en numerosas competencias obteniendo los primeros podios y grandes reconocimientos hacia toda la delegaci\u00f3n como tambi\u00e9n fue la organizadora de la 3era Edici\u00f3n de la Copa Quimsa, donde participaron numerosas delegaciones locales y de otras provincias.<\/strong><\/p>\n\n\n\n<p><strong>Para este a\u00f1o 2023 la Escuela Pat\u00edn Quimsa no solo organizar\u00e1 la 4ta Edici\u00f3n de la Copa Quimsa sino tambi\u00e9n tiene una invitaci\u00f3n a participar de un Campeonato Nacional de Pat\u00edn a realizarse en el Mes de Octubre en la Provincia de Misiones.<\/strong><\/p>\n\n\n\n<p><strong>Florencia Cella, Profesora de la Escuela de Pat\u00edn Quimsa te invita a seguir formando parte y por&nbsp; consultas e inscripciones te tienes que comunicar a los siguientes medios:<\/strong><\/p>\n\n\n\n<h3 class=\"wp-block-heading\">LUGAR, D\u00cdAS Y HORARIOS<\/h3>\n\n\n\n<figure class=\"wp-block-table\"><table><tbody><tr><td><strong>Sede<\/strong><\/td><td><strong>Direcci\u00f3n<\/strong><\/td><td><strong>D\u00edas<\/strong><\/td><td><strong>Horario<\/strong><\/td><td><strong>Categor\u00eda<\/strong><\/td><\/tr><tr><td><strong>&nbsp;<\/strong><\/td><td><strong>&nbsp;<\/strong><\/td><td><strong>&nbsp;<\/strong><\/td><td><strong>&nbsp;<\/strong><\/td><td><strong>&nbsp;<\/strong><\/td><\/tr><tr><td><strong>S.U.O.E.M<\/strong><\/td><td><strong>9 DE JULIO N\u00aa 571<\/strong><\/td><td><strong>Lunes y Mi\u00e9rcoles<\/strong><strong><\/strong><\/td><td><strong>19:00 a 20:00<\/strong> <strong>20:00 a 21:30 <\/strong><strong><\/strong><\/td><td><strong>Iniciados<\/strong> <strong>Avanzadas<\/strong><strong><\/strong><\/td><\/tr><tr><td><strong>&nbsp;<\/strong><\/td><td><strong>&nbsp;<\/strong><\/td><td><strong>&nbsp;<\/strong><\/td><td><strong>&nbsp;<\/strong><\/td><td><strong>&nbsp;<\/strong><\/td><\/tr><tr><td><strong>Biblioteca M\u00e1rmol<\/strong><\/td><td><strong>Avenida Moreno (n) N\u00aa 436<\/strong><\/td><td><strong>Martes y Jueves<\/strong><\/td><td><strong>19:30 a 20:30<\/strong> <strong>20:30 a 21:30<\/strong><\/td><td><strong>Iniciados<\/strong> <strong>Avanzados<\/strong><\/td><\/tr><tr><td><strong>&nbsp;<\/strong><\/td><td><strong>&nbsp;<\/strong><\/td><td><strong>&nbsp;<\/strong><\/td><td><strong>&nbsp;<\/strong><\/td><td><strong>&nbsp;<\/strong><\/td><\/tr><tr><td><strong>Polideportivo Municipal Los Quiroga<\/strong><\/td><td><strong>&nbsp;<\/strong><\/td><td><strong>S\u00e1bado<\/strong><strong><\/strong><\/td><td><strong>09:00 hs a 11:00 hs<\/strong><\/td><td><strong>&nbsp;<\/strong><\/td><\/tr><\/tbody><\/table><\/figure>\n\n\n\n<p><strong>Wsp: (0385) 154-385-676<\/strong><\/p>\n\n\n\n<p><strong>Fan Page: Patin Quimsa<\/strong><\/p>\n\n\n\n<p><strong>Instagram: @quimsapatin<\/strong><\/p>\n\n\n\n<p><strong>Email: florenciacella31@gmail.com<\/strong><\/p>\n\n\n\n<figure class=\"wp-block-image size-large\"><a href=\"https:\/\/i0.wp.com\/elterritorialweb.com.ar\/web\/wp-content\/uploads\/2023\/02\/WhatsApp-Image-2023-02-04-at-15.46.46.jpeg\"><img data-recalc-dims=\"1\" decoding=\"async\" width=\"640\" height=\"801\" data-src=\"https:\/\/i0.wp.com\/elterritorialweb.com.ar\/web\/wp-content\/uploads\/2023\/02\/WhatsApp-Image-2023-02-04-at-15.46.46.jpeg?resize=640%2C801\" alt=\"\" class=\"wp-image-48788 lazyload\" data-srcset=\"https:\/\/i0.wp.com\/elterritorialweb.com.ar\/web\/wp-content\/uploads\/2023\/02\/WhatsApp-Image-2023-02-04-at-15.46.46.jpeg?resize=818%2C1024&amp;ssl=1 818w, https:\/\/i0.wp.com\/elterritorialweb.com.ar\/web\/wp-content\/uploads\/2023\/02\/WhatsApp-Image-2023-02-04-at-15.46.46.jpeg?resize=240%2C300&amp;ssl=1 240w, https:\/\/i0.wp.com\/elterritorialweb.com.ar\/web\/wp-content\/uploads\/2023\/02\/WhatsApp-Image-2023-02-04-at-15.46.46.jpeg?resize=768%2C961&amp;ssl=1 768w, https:\/\/i0.wp.com\/elterritorialweb.com.ar\/web\/wp-content\/uploads\/2023\/02\/WhatsApp-Image-2023-02-04-at-15.46.46.jpeg?w=863&amp;ssl=1 863w\" data-sizes=\"(max-width: 640px) 100vw, 640px\" src=\"data:image\/svg+xml;base64,PHN2ZyB3aWR0aD0iMSIgaGVpZ2h0PSIxIiB4bWxucz0iaHR0cDovL3d3dy53My5vcmcvMjAwMC9zdmciPjwvc3ZnPg==\" style=\"--smush-placeholder-width: 640px; --smush-placeholder-aspect-ratio: 640\/801;\" \/><\/a><\/figure>\n","protected":false},"excerpt":{"rendered":"<p>La Escuela de Pat\u00edn Quimsa, a cargo de la Profesora Florencia Cella, luego de un breve receso, retornar\u00e1 con los entrenamientos en sus distintas sedes a partir del 6 de Febrero.<\/p>\n","protected":false},"author":2,"featured_media":48787,"comment_status":"open","ping_status":"open","sticky":false,"template":"","format":"standard","meta":{"om_disable_all_campaigns":false,"_monsterinsights_skip_tracking":false,"_monsterinsights_sitenote_active":false,"_monsterinsights_sitenote_note":"","_monsterinsights_sitenote_category":0,"_uf_show_specific_survey":0,"_uf_disable_surveys":false,"jetpack_post_was_ever_published":false,"_jetpack_newsletter_access":"","_jetpack_dont_email_post_to_subs":false,"_jetpack_newsletter_tier_id":0,"_jetpack_memberships_contains_paywalled_content":false,"_jetpack_memberships_contains_paid_content":false,"footnotes":"","jetpack_publicize_message":"","jetpack_publicize_feature_enabled":true,"jetpack_social_post_already_shared":false,"jetpack_social_options":{"image_generator_settings":{"template":"highway","default_image_id":0,"font":"","enabled":false},"version":2}},"categories":[6],"tags":[],"class_list":["post-48786","post","type-post","status-publish","format-standard","has-post-thumbnail","hentry","category-deportes"],"aioseo_notices":[],"views":33,"jetpack_publicize_connections":[],"jetpack_featured_media_url":"https:\/\/i0.wp.com\/elterritorialweb.com.ar\/web\/wp-content\/uploads\/2023\/02\/WhatsApp-Image-2023-02-04-at-15.46.45.jpeg?fit=1600%2C1066&ssl=1","jetpack_sharing_enabled":true,"_links":{"self":[{"href":"https:\/\/elterritorialweb.com.ar\/web\/wp-json\/wp\/v2\/posts\/48786","targetHints":{"allow":["GET"]}}],"collection":[{"href":"https:\/\/elterritorialweb.com.ar\/web\/wp-json\/wp\/v2\/posts"}],"about":[{"href":"https:\/\/elterritorialweb.com.ar\/web\/wp-json\/wp\/v2\/types\/post"}],"author":[{"embeddable":true,"href":"https:\/\/elterritorialweb.com.ar\/web\/wp-json\/wp\/v2\/users\/2"}],"replies":[{"embeddable":true,"href":"https:\/\/elterritorialweb.com.ar\/web\/wp-json\/wp\/v2\/comments?post=48786"}],"version-history":[{"count":1,"href":"https:\/\/elterritorialweb.com.ar\/web\/wp-json\/wp\/v2\/posts\/48786\/revisions"}],"predecessor-version":[{"id":48789,"href":"https:\/\/elterritorialweb.com.ar\/web\/wp-json\/wp\/v2\/posts\/48786\/revisions\/48789"}],"wp:featuredmedia":[{"embeddable":true,"href":"https:\/\/elterritorialweb.com.ar\/web\/wp-json\/wp\/v2\/media\/48787"}],"wp:attachment":[{"href":"https:\/\/elterritorialweb.com.ar\/web\/wp-json\/wp\/v2\/media?parent=48786"}],"wp:term":[{"taxonomy":"category","embeddable":true,"href":"https:\/\/elterritorialweb.com.ar\/web\/wp-json\/wp\/v2\/categories?post=48786"},{"taxonomy":"post_tag","embeddable":true,"href":"https:\/\/elterritorialweb.com.ar\/web\/wp-json\/wp\/v2\/tags?post=48786"}],"curies":[{"name":"wp","href":"https:\/\/api.w.org\/{rel}","templated":true}]}}