{"id":48790,"date":"2023-02-06T17:44:55","date_gmt":"2023-02-06T17:44:55","guid":{"rendered":"http:\/\/elterritorialweb.com.ar\/web\/?p=48790"},"modified":"2023-02-06T17:51:58","modified_gmt":"2023-02-06T17:51:58","slug":"fernando-burlando-los-tres-acusados-beneficiados-ahora-son-nuestro-objetivo","status":"publish","type":"post","link":"https:\/\/elterritorialweb.com.ar\/web\/fernando-burlando-los-tres-acusados-beneficiados-ahora-son-nuestro-objetivo\/","title":{"rendered":"FERNANDO BURLANDO: \u00abLOS TRES ACUSADOS BENEFICIADOS AHORA SON NUESTRO OBJETIVO\u00bb"},"content":{"rendered":"\n<p><strong>Fernando Burlando,<\/strong>\u00a0el abogado de la familia de\u00a0<strong>Fernando B\u00e1ez Sosa,<\/strong>\u00a0confirm\u00f3 que\u00a0<strong>apelar\u00e1 la condena<\/strong>\u00a0a Blas Cinalli, Lucas Pertossi y Ayrton Viollaz por el crimen del estudiante de Derecho. \u201cLos tres acusados beneficiados ahora son nuestro objetivo\u201d, asegur\u00f3 el letrado sobre los tres rugbiers que recibieron un castigo de\u00a0<strong>15 a\u00f1os de prisi\u00f3n.<\/strong><\/p>\n\n\n\n<p>\u201cUsaremos todas las instancias\u201d, afirm\u00f3, haciendo referencia que recurrir\u00e1n a la C\u00e1mara de Apelaciones de la provincia de Buenos Aires y a la Suprema Corte de la provincia de Buenos Aires.<\/p>\n\n\n\n<p>Despu\u00e9s de lo que fue la condena por el asesinato del joven en enero de 2020 en Villa Gesell, Burlando fue cr\u00edtico sobre la pena de 15 a\u00f1os de prisi\u00f3n a tres de los condenados. \u00abUna justicia que no atienda a las s\u00faplicas de una v\u00edctima, sino a la contemplaci\u00f3n, hasta tal vez incluso de la juventud de los acusados, no es justicia\u00bb, expres\u00f3.<\/p>\n\n\n\n<p>Luego, profundizando en su disconformidad, sentenci\u00f3 que \u00abuna justicia d\u00e9bil al momento de evaluar sentencias no es justicia\u00bb. \u00abFueron quince jornadas de debate en donde lo \u00fanico que se vio fue una criatura pidiendo clemencia y este tribunal desde mi punto de vista tuvo clemencia con tres acusados de una manera irracional. Ese va a ser el motivo de nuestra apelaci\u00f3n\u00bb, agreg\u00f3 Burlando sobre lo que se presentar\u00e1 judicialmente.<\/p>\n\n\n\n<p>Adem\u00e1s, insisti\u00f3 en lo que ped\u00eda la querella durante las audiencias al manifestar que \u00ablo que merec\u00edan los condenados era que todos sufran un castigo acorde a lo que fue su actividad dentro del crimen\u00bb.<\/p>\n\n\n\n<p>Al momento de recordar lo que fue el asesinato, expres\u00f3 que hubo \u00abun plan, cada uno ten\u00eda su actividad\u00bb.<\/p>\n\n\n\n<p>\u00abQueda un gran camino por recorrer. Entendemos que el Tribunal de Casaci\u00f3n va a ser el lugar en el que podamos construir un fallo justo\u00bb, agreg\u00f3 Burlando ante la prensa sobre la b\u00fasqueda de la querella para modificar parte de las condenas.<\/p>\n\n\n\n<p>Tambi\u00e9n apunt\u00f3 contra uno de los condenados a prisi\u00f3n perpetua, M\u00e1ximo Thomsen, despu\u00e9s de lo que fue el desmayo de uno de los involucrados en el crimen de B\u00e1ez Sosa: \u00ab\u00bfSe desmay\u00f3? As\u00ed le pegaron a Fernando, desmayado\u00bb.<\/p>\n\n\n\n<p>En tanto, continu\u00f3 criticando a lo que fue el fallo al asegurar que \u00abcon esta calificaci\u00f3n es imposible pensar en un grado de participaci\u00f3n diferente a la coautor\u00eda\u00bb.<\/p>\n\n\n\n<p>\u00abNo tengo dudas de que fueron contemplativos\u00bb, insisti\u00f3. \u00ab\u00bfCinalli fue uno de los beneficiados? Explicame el ADN de Cinalli en el dedo me\u00f1ique de Fernando\u00bb, apunt\u00f3 Burlando sobre uno de los condenados a 15 a\u00f1os de prisi\u00f3n.<\/p>\n","protected":false},"excerpt":{"rendered":"<p>El abogado de la familia de Fernando B\u00e1ez Sosa se mostr\u00f3 disconforme con el veredicto y anticip\u00f3 que seguir\u00e1n trabajando para lograr \u201cel castigo que se merecen\u201d.<\/p>\n","protected":false},"author":2,"featured_media":48791,"comment_status":"open","ping_status":"open","sticky":false,"template":"","format":"standard","meta":{"om_disable_all_campaigns":false,"_monsterinsights_skip_tracking":false,"_monsterinsights_sitenote_active":false,"_monsterinsights_sitenote_note":"","_monsterinsights_sitenote_category":0,"_uf_show_specific_survey":0,"_uf_disable_surveys":false,"jetpack_post_was_ever_published":false,"_jetpack_newsletter_access":"","_jetpack_dont_email_post_to_subs":false,"_jetpack_newsletter_tier_id":0,"_jetpack_memberships_contains_paywalled_content":false,"_jetpack_memberships_contains_paid_content":false,"footnotes":"","jetpack_publicize_message":"","jetpack_publicize_feature_enabled":true,"jetpack_social_post_already_shared":false,"jetpack_social_options":{"image_generator_settings":{"template":"highway","default_image_id":0,"font":"","enabled":false},"version":2}},"categories":[4,7],"tags":[],"class_list":["post-48790","post","type-post","status-publish","format-standard","has-post-thumbnail","hentry","category-destacadas","category-nacionales"],"aioseo_notices":[],"views":12,"jetpack_publicize_connections":[],"jetpack_featured_media_url":"https:\/\/i0.wp.com\/elterritorialweb.com.ar\/web\/wp-content\/uploads\/2023\/02\/BURLANDO-3.jpg?fit=1614%2C723&ssl=1","jetpack_sharing_enabled":true,"_links":{"self":[{"href":"https:\/\/elterritorialweb.com.ar\/web\/wp-json\/wp\/v2\/posts\/48790","targetHints":{"allow":["GET"]}}],"collection":[{"href":"https:\/\/elterritorialweb.com.ar\/web\/wp-json\/wp\/v2\/posts"}],"about":[{"href":"https:\/\/elterritorialweb.com.ar\/web\/wp-json\/wp\/v2\/types\/post"}],"author":[{"embeddable":true,"href":"https:\/\/elterritorialweb.com.ar\/web\/wp-json\/wp\/v2\/users\/2"}],"replies":[{"embeddable":true,"href":"https:\/\/elterritorialweb.com.ar\/web\/wp-json\/wp\/v2\/comments?post=48790"}],"version-history":[{"count":1,"href":"https:\/\/elterritorialweb.com.ar\/web\/wp-json\/wp\/v2\/posts\/48790\/revisions"}],"predecessor-version":[{"id":48792,"href":"https:\/\/elterritorialweb.com.ar\/web\/wp-json\/wp\/v2\/posts\/48790\/revisions\/48792"}],"wp:featuredmedia":[{"embeddable":true,"href":"https:\/\/elterritorialweb.com.ar\/web\/wp-json\/wp\/v2\/media\/48791"}],"wp:attachment":[{"href":"https:\/\/elterritorialweb.com.ar\/web\/wp-json\/wp\/v2\/media?parent=48790"}],"wp:term":[{"taxonomy":"category","embeddable":true,"href":"https:\/\/elterritorialweb.com.ar\/web\/wp-json\/wp\/v2\/categories?post=48790"},{"taxonomy":"post_tag","embeddable":true,"href":"https:\/\/elterritorialweb.com.ar\/web\/wp-json\/wp\/v2\/tags?post=48790"}],"curies":[{"name":"wp","href":"https:\/\/api.w.org\/{rel}","templated":true}]}}