{"id":48793,"date":"2023-02-06T18:01:14","date_gmt":"2023-02-06T18:01:14","guid":{"rendered":"http:\/\/elterritorialweb.com.ar\/web\/?p=48793"},"modified":"2023-02-06T18:01:14","modified_gmt":"2023-02-06T18:01:14","slug":"presentacion-oficial-de-la-liga-federal-argentina-de-voley-en-el-nodo-tecnologico","status":"publish","type":"post","link":"https:\/\/elterritorialweb.com.ar\/web\/presentacion-oficial-de-la-liga-federal-argentina-de-voley-en-el-nodo-tecnologico\/","title":{"rendered":"PRESENTACI\u00d3N OFICIAL DE LA LIGA FEDERAL ARGENTINA DE V\u00d3LEY EN EL NODO TECNOL\u00d3GICO"},"content":{"rendered":"\n<p>La presentaci\u00f3n oficial fue realizada este lunes por la ma\u00f1ana, con la presencia del secretario de Deportes de la provincia, Carlos Dapello, en representaci\u00f3n del gobernador Gerardo Zamora. Tambi\u00e9n estuvieron el director de Organizaci\u00f3n Deportiva de la Federaci\u00f3n de V\u00f3ley Argentino (Feva), Eduardo Fern\u00e1ndez; el director de la empresa Convexa S.R.L, Sergio Foti, y la presencia destacada de Ana Gallay, jugadora de v\u00f3ley playa y medalla de oro en los Juegos Panamericanos 2015; y del ex jugador del Seleccionado Argentino, Marcos Milinkovic.<br>Durante la presentaci\u00f3n el secretario de Deportes entreg\u00f3 plaquetas de reconocimiento a Milinkovic por su trayectoria en la disciplina, como tambi\u00e9n a Ana Gallay \u201cpor ser la primera representante femenina del v\u00f3leibol argentino en los Juegos Ol\u00edmpicos Londres 2012\u201d.<br>Asimismo, Dapello recibi\u00f3 de la Feva una plaqueta destinada al gobernador Zamora \u201cpor su permanente apoyo al deporte argentino\u201d.<br>Las provincias presentes en la edici\u00f3n 2023 del torneo son Salta, Misiones, La Rioja, Catamarca, Santiago del Estero, Tucum\u00e1n, Mendoza, San Juan, San Luis, Buenos Aires, La Pampa, C\u00f3rdoba, Santa Fe, Entre R\u00edos y Chubut.<\/p>\n\n\n\n<figure class=\"wp-block-image size-large\"><a href=\"https:\/\/i0.wp.com\/elterritorialweb.com.ar\/web\/wp-content\/uploads\/2023\/02\/WhatsApp-Image-2023-02-06-at-17.28.16.jpeg\"><img data-recalc-dims=\"1\" decoding=\"async\" width=\"640\" height=\"406\" data-src=\"https:\/\/i0.wp.com\/elterritorialweb.com.ar\/web\/wp-content\/uploads\/2023\/02\/WhatsApp-Image-2023-02-06-at-17.28.16.jpeg?resize=640%2C406\" alt=\"\" class=\"wp-image-48794 lazyload\" data-srcset=\"https:\/\/i0.wp.com\/elterritorialweb.com.ar\/web\/wp-content\/uploads\/2023\/02\/WhatsApp-Image-2023-02-06-at-17.28.16.jpeg?resize=1024%2C650&amp;ssl=1 1024w, https:\/\/i0.wp.com\/elterritorialweb.com.ar\/web\/wp-content\/uploads\/2023\/02\/WhatsApp-Image-2023-02-06-at-17.28.16.jpeg?resize=300%2C191&amp;ssl=1 300w, https:\/\/i0.wp.com\/elterritorialweb.com.ar\/web\/wp-content\/uploads\/2023\/02\/WhatsApp-Image-2023-02-06-at-17.28.16.jpeg?resize=768%2C488&amp;ssl=1 768w, https:\/\/i0.wp.com\/elterritorialweb.com.ar\/web\/wp-content\/uploads\/2023\/02\/WhatsApp-Image-2023-02-06-at-17.28.16.jpeg?resize=1536%2C975&amp;ssl=1 1536w, https:\/\/i0.wp.com\/elterritorialweb.com.ar\/web\/wp-content\/uploads\/2023\/02\/WhatsApp-Image-2023-02-06-at-17.28.16.jpeg?w=1600&amp;ssl=1 1600w, https:\/\/i0.wp.com\/elterritorialweb.com.ar\/web\/wp-content\/uploads\/2023\/02\/WhatsApp-Image-2023-02-06-at-17.28.16.jpeg?w=1280 1280w\" data-sizes=\"(max-width: 640px) 100vw, 640px\" src=\"data:image\/svg+xml;base64,PHN2ZyB3aWR0aD0iMSIgaGVpZ2h0PSIxIiB4bWxucz0iaHR0cDovL3d3dy53My5vcmcvMjAwMC9zdmciPjwvc3ZnPg==\" style=\"--smush-placeholder-width: 640px; --smush-placeholder-aspect-ratio: 640\/406;\" \/><\/a><\/figure>\n\n\n\n<p>La competencia tendr\u00e1 un agregado importante, ya que otorga dos ascensos para la Liga Argentina Femenina y la Liga Nacional de Voleibol Masculina.<br>En sus palabras de bienvenida, Dapello destac\u00f3: \u201cEl Gobierno de la provincia est\u00e1 siguiendo su pol\u00edtica deportiva y organiz\u00f3 por primera vez esta Liga Federal de V\u00f3ley que llega a Santiago del Estero\u201d.<br>En tanto, Eduardo Fern\u00e1ndez agradeci\u00f3 a la provincia por el apoyo para el desarrollo del evento. \u201cEl nivel que ha presentado Santiago es extremadamente bueno. El Nodo Tecnol\u00f3gico tiene un lindo sal\u00f3n para esta competencia, pero sobre todo, para que los chicos que practican este deporte puedan convivir durante estos diez d\u00edas permanentemente entre ellos\u201d, dijo.<br>Por su parte, Sergio Foti resalt\u00f3 la organizaci\u00f3n de la competencia y augur\u00f3 el comienzo de un camino para muchos eventos de esta magnitud en la provincia.<br>Seguidamente, Marcos Milinkovic se mostr\u00f3 muy agradecido con el Gobierno de Santiago del Estero y felicit\u00f3 el trabajo de preparaci\u00f3n de las canchas. \u201cMe sorprend\u00ed al entrar al sal\u00f3n y ver un lugar de juego tan lindo, c\u00f3mo lo han preparado\u201d.<br>\u201cQuiero desearles lo mejor a todos los participantes de la Liga Federal, que seguramente ir\u00e1 creciendo a\u00f1o a a\u00f1o, ojal\u00e1 que sea el puntapi\u00e9 inicial para un gran proyecto a futuro del v\u00f3ley argentino\u201d, destac\u00f3 el reconocido ex jugador.<br>Para finalizar, Ana Gallay remarc\u00f3 las condiciones de las canchas donde se jugar\u00e1 la Liga Federal y el apoyo recibido. \u201cLa verdad que me sorprendi\u00f3 mucho la infraestructura de Santiago del Estero, es muy bueno que se apunte al deporte de esta manera\u201d, se\u00f1al\u00f3.<\/p>\n","protected":false},"excerpt":{"rendered":"<p>Con la participaci\u00f3n de 42 equipos, femeninos y masculinos, que representar\u00e1n a 15 provincias, este martes comenzar\u00e1 la Liga Federal Argentina de V\u00f3ley 2023 en Santiago del Estero, que se desarrollar\u00e1 hasta el 15 de febrero en las instalaciones del Nodo Tecnol\u00f3gico, con entrada libre desde las 9.<\/p>\n","protected":false},"author":2,"featured_media":48795,"comment_status":"open","ping_status":"open","sticky":false,"template":"","format":"standard","meta":{"om_disable_all_campaigns":false,"_monsterinsights_skip_tracking":false,"_monsterinsights_sitenote_active":false,"_monsterinsights_sitenote_note":"","_monsterinsights_sitenote_category":0,"_uf_show_specific_survey":0,"_uf_disable_surveys":false,"jetpack_post_was_ever_published":false,"_jetpack_newsletter_access":"","_jetpack_dont_email_post_to_subs":false,"_jetpack_newsletter_tier_id":0,"_jetpack_memberships_contains_paywalled_content":false,"_jetpack_memberships_contains_paid_content":false,"footnotes":"","jetpack_publicize_message":"","jetpack_publicize_feature_enabled":true,"jetpack_social_post_already_shared":false,"jetpack_social_options":{"image_generator_settings":{"template":"highway","default_image_id":0,"font":"","enabled":false},"version":2}},"categories":[6],"tags":[],"class_list":["post-48793","post","type-post","status-publish","format-standard","has-post-thumbnail","hentry","category-deportes"],"aioseo_notices":[],"views":16,"jetpack_publicize_connections":[],"jetpack_featured_media_url":"https:\/\/i0.wp.com\/elterritorialweb.com.ar\/web\/wp-content\/uploads\/2023\/02\/WhatsApp-Image-2023-02-06-at-17.28.17.jpeg?fit=1600%2C1067&ssl=1","jetpack_sharing_enabled":true,"_links":{"self":[{"href":"https:\/\/elterritorialweb.com.ar\/web\/wp-json\/wp\/v2\/posts\/48793","targetHints":{"allow":["GET"]}}],"collection":[{"href":"https:\/\/elterritorialweb.com.ar\/web\/wp-json\/wp\/v2\/posts"}],"about":[{"href":"https:\/\/elterritorialweb.com.ar\/web\/wp-json\/wp\/v2\/types\/post"}],"author":[{"embeddable":true,"href":"https:\/\/elterritorialweb.com.ar\/web\/wp-json\/wp\/v2\/users\/2"}],"replies":[{"embeddable":true,"href":"https:\/\/elterritorialweb.com.ar\/web\/wp-json\/wp\/v2\/comments?post=48793"}],"version-history":[{"count":1,"href":"https:\/\/elterritorialweb.com.ar\/web\/wp-json\/wp\/v2\/posts\/48793\/revisions"}],"predecessor-version":[{"id":48796,"href":"https:\/\/elterritorialweb.com.ar\/web\/wp-json\/wp\/v2\/posts\/48793\/revisions\/48796"}],"wp:featuredmedia":[{"embeddable":true,"href":"https:\/\/elterritorialweb.com.ar\/web\/wp-json\/wp\/v2\/media\/48795"}],"wp:attachment":[{"href":"https:\/\/elterritorialweb.com.ar\/web\/wp-json\/wp\/v2\/media?parent=48793"}],"wp:term":[{"taxonomy":"category","embeddable":true,"href":"https:\/\/elterritorialweb.com.ar\/web\/wp-json\/wp\/v2\/categories?post=48793"},{"taxonomy":"post_tag","embeddable":true,"href":"https:\/\/elterritorialweb.com.ar\/web\/wp-json\/wp\/v2\/tags?post=48793"}],"curies":[{"name":"wp","href":"https:\/\/api.w.org\/{rel}","templated":true}]}}