{"id":48801,"date":"2023-02-06T22:03:29","date_gmt":"2023-02-06T22:03:29","guid":{"rendered":"http:\/\/elterritorialweb.com.ar\/web\/?p=48801"},"modified":"2023-02-06T22:03:31","modified_gmt":"2023-02-06T22:03:31","slug":"nassif-participa-de-la-primera-reunion-presencial-de-consejo-federal-de-salud-de-2023","status":"publish","type":"post","link":"https:\/\/elterritorialweb.com.ar\/web\/nassif-participa-de-la-primera-reunion-presencial-de-consejo-federal-de-salud-de-2023\/","title":{"rendered":"NASSIF PARTICIPA DE LA PRIMERA REUNI\u00d3N PRESENCIAL DE CONSEJO FEDERAL DE SALUD DE 2023"},"content":{"rendered":"\n<p>La ministra de Salud de Santiago del Estero, Natividad Nassif, fue una de las asistentes del encuentro junto con otras autoridades sanitarias de las 23 jurisdicciones restantes del pa\u00eds, con quienes analizaron los avances de los programas que se vienen implementando y definir\u00e1n los pasos y desaf\u00edos de la agenda de este a\u00f1o.<br>Durante la apertura, Manzur hizo referencia a la complejidad de abordar los sistemas sanitarios \u201cen un mundo globalizado e interconectado\u201d, por lo que subray\u00f3 la \u201cimportancia de poder reunir a todas las ministras y los ministros y ver c\u00f3mo se llevan a la pr\u00e1ctica cada uno de los programas y acciones que tenemos previstos a lo largo y ancho del pa\u00eds\u201d.<br>En ese sentido, resalt\u00f3 la \u201ctrascendencia que cobra la implementaci\u00f3n de las pol\u00edticas p\u00fablicas y el rol del Estado para mejorar la calidad de vida de los argentinos y las argentinas\u201d.<br>Por su parte, Vizzotti agradeci\u00f3 la presencia y el acompa\u00f1amiento de Manzur, y adelant\u00f3 que \u201ceste ser\u00e1 un a\u00f1o de trabajo intenso para seguir profundizando en pol\u00edticas que mejoren la equidad, la calidad y el acceso al sistema de salud\u201d.<br>Destac\u00f3 entre las prioridades de la agenda sanitaria \u201cla implementaci\u00f3n del programa Fierritas, el lanzamiento de Sue\u00f1o Seguro, la incorporaci\u00f3n de las vacunas bivariantes en la estrategia nacional de vacunaci\u00f3n contra Covid-19, la Estrategia Federal de Abordaje Integral de la Salud Mental, y los ejes de trabajo de Talento Humano y el Plan Nacional de Calidad\u201d.<br>En este marco, destac\u00f3 los avances del Plan de Reconstrucci\u00f3n del Sistema de Salud, por el cual vienen recorriendo el pa\u00eds, \u201centregando ambulancias y preparando los hospitales y los centros de salud para la distribuci\u00f3n de resonadores, angi\u00f3grafos, equipos digitales y tom\u00f3grafos\u201d.<br>Adem\u00e1s, Vizzotti inform\u00f3 a sus pares que el Ministerio de Salud de la Naci\u00f3n firm\u00f3 una resoluci\u00f3n para declarar de inter\u00e9s sanitario la profesi\u00f3n veterinaria en el marco del enfoque \u201cUna Salud\u201d. En esta l\u00ednea, adelant\u00f3 que los detalles ser\u00e1n presentados durante la jornada para que todas las jurisdicciones puedan fomentar la inscripci\u00f3n de las veterinarias y los veterinarios en el Registro Federal de Profesionales de Salud (REFEPS).<\/p>\n\n\n\n<figure class=\"wp-block-image size-large\"><a href=\"https:\/\/i0.wp.com\/elterritorialweb.com.ar\/web\/wp-content\/uploads\/2023\/02\/IMG-20230206-WA0076.jpg\"><img data-recalc-dims=\"1\" decoding=\"async\" width=\"640\" height=\"426\" data-src=\"https:\/\/i0.wp.com\/elterritorialweb.com.ar\/web\/wp-content\/uploads\/2023\/02\/IMG-20230206-WA0076.jpg?resize=640%2C426\" alt=\"\" class=\"wp-image-48802 lazyload\" data-srcset=\"https:\/\/i0.wp.com\/elterritorialweb.com.ar\/web\/wp-content\/uploads\/2023\/02\/IMG-20230206-WA0076.jpg?resize=1024%2C682&amp;ssl=1 1024w, https:\/\/i0.wp.com\/elterritorialweb.com.ar\/web\/wp-content\/uploads\/2023\/02\/IMG-20230206-WA0076.jpg?resize=300%2C200&amp;ssl=1 300w, https:\/\/i0.wp.com\/elterritorialweb.com.ar\/web\/wp-content\/uploads\/2023\/02\/IMG-20230206-WA0076.jpg?resize=768%2C512&amp;ssl=1 768w, https:\/\/i0.wp.com\/elterritorialweb.com.ar\/web\/wp-content\/uploads\/2023\/02\/IMG-20230206-WA0076.jpg?resize=1536%2C1023&amp;ssl=1 1536w, https:\/\/i0.wp.com\/elterritorialweb.com.ar\/web\/wp-content\/uploads\/2023\/02\/IMG-20230206-WA0076.jpg?w=1600&amp;ssl=1 1600w, https:\/\/i0.wp.com\/elterritorialweb.com.ar\/web\/wp-content\/uploads\/2023\/02\/IMG-20230206-WA0076.jpg?w=1280 1280w\" data-sizes=\"(max-width: 640px) 100vw, 640px\" src=\"data:image\/svg+xml;base64,PHN2ZyB3aWR0aD0iMSIgaGVpZ2h0PSIxIiB4bWxucz0iaHR0cDovL3d3dy53My5vcmcvMjAwMC9zdmciPjwvc3ZnPg==\" style=\"--smush-placeholder-width: 640px; --smush-placeholder-aspect-ratio: 640\/426;\" \/><\/a><\/figure>\n\n\n\n<h3 class=\"wp-block-heading\"><strong>La agenda de la jornada<\/strong><\/h3>\n\n\n\n<p>Como inicio de la agenda, el subsecretario de Calidad, Regulaci\u00f3n y Fiscalizaci\u00f3n, Claudio Ortiz, present\u00f3 el nuevo Sistema Integral de Evaluaci\u00f3n de las Residencias del Equipo de Salud (SIER) que \u201ctendr\u00e1 como objetivo principal promover la evaluaci\u00f3n de las residencias del equipo de salud, a trav\u00e9s del cumplimiento de est\u00e1ndares de calidad para poder garantizar una adecuada formaci\u00f3n del profesional\u201d, seg\u00fan indic\u00f3 el funcionario.<br>As\u00ed, explic\u00f3 que el sistema se implementar\u00e1 a trav\u00e9s de registros en el Sistema Integrado de Informaci\u00f3n Sanitaria Argentino (SISA) y encuestas virtuales autoadministradas, agilizando de esta forma los procesos de evaluaci\u00f3n y contribuyendo a la producci\u00f3n de datos para el desarrollo de pol\u00edticas sanitarias y educativas. La evaluaci\u00f3n constar\u00e1 de un primer proceso de autoevaluaci\u00f3n para obtener el reconocimiento de la residencia por parte de la Direcci\u00f3n Nacional de Talento Humano y Conocimiento, y luego se podr\u00e1 optar por continuar con el proceso de acreditaci\u00f3n a trav\u00e9s de la evaluaci\u00f3n externa que realizar\u00e1n las distintas Entidades Evaluadores (Universidades, Sociedades Cient\u00edficas, etc.).<br>\u201cLa realizaci\u00f3n de dicha evaluaci\u00f3n ser\u00e1 necesaria para aquellas residencias que deseen obtener el reconocimiento por parte del Ministerio de Salud de la Naci\u00f3n y ser incluidos al Sistema Nacional de Residencias del Equipo de Salud\u201d, inform\u00f3 el funcionario.<br>En este contexto, se estableci\u00f3 el cronograma de Residencias 2023. El funcionario inform\u00f3 que el Ex\u00e1men \u00danico se realizar\u00e1 el 28 de junio, y el ingreso a las residencias comenzar\u00e1 el 1 de septiembre.<br>Adem\u00e1s, en el marco del Plan Nacional de Calidad, Ortiz present\u00f3 el Manual de Seguridad del Paciente que tiene el prop\u00f3sito de compartir conocimiento sobre los riesgos inherentes a la atenci\u00f3n de las personas en el entorno sanitario, difundir las buenas pr\u00e1cticas y los modelos exitosos, permitiendo la evaluaci\u00f3n y la mejora continua.<br>Seg\u00fan detall\u00f3, el manual \u201cpretende ser un elemento de referencia para la mejora de la seguridad del paciente en el sistema de salud a trav\u00e9s del desarrollo de nueve l\u00edneas de acci\u00f3n, teniendo en cuenta la evidencia disponible, las recomendaciones internacionales y la factibilidad de su implementaci\u00f3n\u201d.<br>En la misma l\u00ednea, el subsecretario present\u00f3 tambi\u00e9n el nuevo Observatorio Federal de Talento Humano en Salud (OFETHUS) que tiene por objetivo generar informaci\u00f3n relevante para el dise\u00f1o, desarrollo y planificaci\u00f3n de pol\u00edticas vinculadas a la gesti\u00f3n del talento humano en salud, considerando las distintas perspectivas locales y en funci\u00f3n de las necesidades regionales y nacionales de salud.<br>La disponibilidad de esta informaci\u00f3n \u2014sistematizada en dos tableros de Monitoreo para el An\u00e1lisis y Planificaci\u00f3n de Acciones (M.A.P.A) que se actualizar\u00e1 anualmente a partir de los datos generados en los procesos de ingresos al Sistema de Residencias\u2014 permitir\u00e1 a las jurisdicciones, instituciones p\u00fablicas, privadas y residentes analizar la situaci\u00f3n de las residencias en funci\u00f3n de la evidencia y los datos objetivos para formular planificaciones, programas y proyectos que contribuyan a orientar las pol\u00edticas hacia una mejora de la accesibilidad, disponibilidad y calidad del talento humano en salud.<\/p>\n\n\n\n<figure class=\"wp-block-image size-large\"><a href=\"https:\/\/i0.wp.com\/elterritorialweb.com.ar\/web\/wp-content\/uploads\/2023\/02\/IMG-20230206-WA0078.jpg\"><img data-recalc-dims=\"1\" decoding=\"async\" width=\"640\" height=\"399\" data-src=\"https:\/\/i0.wp.com\/elterritorialweb.com.ar\/web\/wp-content\/uploads\/2023\/02\/IMG-20230206-WA0078.jpg?resize=640%2C399\" alt=\"\" class=\"wp-image-48804 lazyload\" data-srcset=\"https:\/\/i0.wp.com\/elterritorialweb.com.ar\/web\/wp-content\/uploads\/2023\/02\/IMG-20230206-WA0078.jpg?resize=1024%2C639&amp;ssl=1 1024w, https:\/\/i0.wp.com\/elterritorialweb.com.ar\/web\/wp-content\/uploads\/2023\/02\/IMG-20230206-WA0078.jpg?resize=300%2C187&amp;ssl=1 300w, https:\/\/i0.wp.com\/elterritorialweb.com.ar\/web\/wp-content\/uploads\/2023\/02\/IMG-20230206-WA0078.jpg?resize=768%2C480&amp;ssl=1 768w, https:\/\/i0.wp.com\/elterritorialweb.com.ar\/web\/wp-content\/uploads\/2023\/02\/IMG-20230206-WA0078.jpg?resize=1536%2C959&amp;ssl=1 1536w, https:\/\/i0.wp.com\/elterritorialweb.com.ar\/web\/wp-content\/uploads\/2023\/02\/IMG-20230206-WA0078.jpg?resize=800%2C500&amp;ssl=1 800w, https:\/\/i0.wp.com\/elterritorialweb.com.ar\/web\/wp-content\/uploads\/2023\/02\/IMG-20230206-WA0078.jpg?resize=400%2C250&amp;ssl=1 400w, https:\/\/i0.wp.com\/elterritorialweb.com.ar\/web\/wp-content\/uploads\/2023\/02\/IMG-20230206-WA0078.jpg?w=1600&amp;ssl=1 1600w, https:\/\/i0.wp.com\/elterritorialweb.com.ar\/web\/wp-content\/uploads\/2023\/02\/IMG-20230206-WA0078.jpg?w=1280 1280w\" data-sizes=\"(max-width: 640px) 100vw, 640px\" src=\"data:image\/svg+xml;base64,PHN2ZyB3aWR0aD0iMSIgaGVpZ2h0PSIxIiB4bWxucz0iaHR0cDovL3d3dy53My5vcmcvMjAwMC9zdmciPjwvc3ZnPg==\" style=\"--smush-placeholder-width: 640px; --smush-placeholder-aspect-ratio: 640\/399;\" \/><\/a><\/figure>\n\n\n\n<p>Por su parte, la subsecretaria de Articulaci\u00f3n Federal, Ver\u00f3nica De Crist\u00f3faro, comparti\u00f3 los avances del Plan de Reconstrucci\u00f3n del Sistema de Salud, para el cual el Gobierno Nacional destina en el per\u00edodo 2022-2023 una inversi\u00f3n total de 525 millones de d\u00f3lares para fortalecer el acceso a los servicios de salud con calidad y equidad en todo el territorio nacional.<br>En ese sentido, la funcionaria especific\u00f3 que alrededor de 54 millones de d\u00f3lares se asignan a obras, otros 283 millones de d\u00f3lares se transfieren a las provincias para robustecer el primer nivel de atenci\u00f3n, mientras que los restantes 188 millones de d\u00f3lares est\u00e1n dirigidos a la entrega de ambulancias y equipamiento sanitario a las distintas jurisdicciones.<br>Adem\u00e1s, De Crist\u00f3faro destac\u00f3 la importancia de la Red Federal de Bioim\u00e1genes, una iniciativa del Ministerio de Salud de la Naci\u00f3n que busca mejorar la capacidad diagn\u00f3stica de los establecimientos de salud p\u00fablica de todo el pa\u00eds incorporando equipamiento de calidad, junto con sistemas de digitalizaci\u00f3n que permitan compartir estas im\u00e1genes con profesionales y\/o especialistas que no puedan acceder a una consulta presencial con el paciente, evitando los traslados, optimizando los tiempos y mejorando la calidad de atenci\u00f3n.<br>La funcionaria detall\u00f3 que la inversi\u00f3n asciende a 138 millones de d\u00f3lares, que incluyen 21 resonadores (24,1 millones de d\u00f3lares), 20 angi\u00f3grafos (14,1 millones de d\u00f3lares), 29 tom\u00f3grafos (10,1 millones de d\u00f3lares), 126 equipos de digitalizaci\u00f3n de im\u00e1genes (86 millones de d\u00f3lares) y 100 ec\u00f3grafos doppler (3,6 millones de d\u00f3lares), y brind\u00f3 detalles sobre el cronograma de entrega a las jurisdicciones.<br>Por la tarde, se presentar\u00e1n los avances provinciales y los requisitos para la construcci\u00f3n de casas de medio camino junto al Ministerio de Desarrollo Territorial y H\u00e1bitat, en el marco de la Estrategia Federal de Abordaje Integral de la Salud Mental. Tambi\u00e9n se analizar\u00e1n los avances del Plan Estrat\u00e9gico de Vacunaci\u00f3n contra Covid-19 y los pr\u00f3ximos pasos a seguir, entre otros temas.<\/p>\n","protected":false},"excerpt":{"rendered":"<p>Santiago del Estero estuvo presente este lunes en la primera reuni\u00f3n presencial de este 2023 del Consejo Federal de Salud (Cofesa), realizada en el Sal\u00f3n Pueblos Originarios de la Casa Rosada, cuya apertura fue encabezada por el jefe de Gabinete, Juan Manzur, y la ministra de Salud de la Naci\u00f3n, Carla Vizzotti.<\/p>\n","protected":false},"author":2,"featured_media":48803,"comment_status":"open","ping_status":"open","sticky":false,"template":"","format":"standard","meta":{"om_disable_all_campaigns":false,"_monsterinsights_skip_tracking":false,"_monsterinsights_sitenote_active":false,"_monsterinsights_sitenote_note":"","_monsterinsights_sitenote_category":0,"_uf_show_specific_survey":0,"_uf_disable_surveys":false,"jetpack_post_was_ever_published":false,"_jetpack_newsletter_access":"","_jetpack_dont_email_post_to_subs":false,"_jetpack_newsletter_tier_id":0,"_jetpack_memberships_contains_paywalled_content":false,"_jetpack_memberships_contains_paid_content":false,"footnotes":"","jetpack_publicize_message":"","jetpack_publicize_feature_enabled":true,"jetpack_social_post_already_shared":false,"jetpack_social_options":{"image_generator_settings":{"template":"highway","default_image_id":0,"font":"","enabled":false},"version":2}},"categories":[3],"tags":[],"class_list":["post-48801","post","type-post","status-publish","format-standard","has-post-thumbnail","hentry","category-salud"],"aioseo_notices":[],"views":16,"jetpack_publicize_connections":[],"jetpack_featured_media_url":"https:\/\/i0.wp.com\/elterritorialweb.com.ar\/web\/wp-content\/uploads\/2023\/02\/IMG-20230206-WA0077.jpg?fit=1280%2C853&ssl=1","jetpack_sharing_enabled":true,"_links":{"self":[{"href":"https:\/\/elterritorialweb.com.ar\/web\/wp-json\/wp\/v2\/posts\/48801","targetHints":{"allow":["GET"]}}],"collection":[{"href":"https:\/\/elterritorialweb.com.ar\/web\/wp-json\/wp\/v2\/posts"}],"about":[{"href":"https:\/\/elterritorialweb.com.ar\/web\/wp-json\/wp\/v2\/types\/post"}],"author":[{"embeddable":true,"href":"https:\/\/elterritorialweb.com.ar\/web\/wp-json\/wp\/v2\/users\/2"}],"replies":[{"embeddable":true,"href":"https:\/\/elterritorialweb.com.ar\/web\/wp-json\/wp\/v2\/comments?post=48801"}],"version-history":[{"count":1,"href":"https:\/\/elterritorialweb.com.ar\/web\/wp-json\/wp\/v2\/posts\/48801\/revisions"}],"predecessor-version":[{"id":48805,"href":"https:\/\/elterritorialweb.com.ar\/web\/wp-json\/wp\/v2\/posts\/48801\/revisions\/48805"}],"wp:featuredmedia":[{"embeddable":true,"href":"https:\/\/elterritorialweb.com.ar\/web\/wp-json\/wp\/v2\/media\/48803"}],"wp:attachment":[{"href":"https:\/\/elterritorialweb.com.ar\/web\/wp-json\/wp\/v2\/media?parent=48801"}],"wp:term":[{"taxonomy":"category","embeddable":true,"href":"https:\/\/elterritorialweb.com.ar\/web\/wp-json\/wp\/v2\/categories?post=48801"},{"taxonomy":"post_tag","embeddable":true,"href":"https:\/\/elterritorialweb.com.ar\/web\/wp-json\/wp\/v2\/tags?post=48801"}],"curies":[{"name":"wp","href":"https:\/\/api.w.org\/{rel}","templated":true}]}}