{"id":48830,"date":"2023-02-07T15:40:43","date_gmt":"2023-02-07T15:40:43","guid":{"rendered":"http:\/\/elterritorialweb.com.ar\/web\/?p=48830"},"modified":"2023-02-07T15:47:35","modified_gmt":"2023-02-07T15:47:35","slug":"la-tasa-de-mortalidad-infantil-en-2021-fue-la-mas-baja-en-valor-historico-en-el-pais","status":"publish","type":"post","link":"https:\/\/elterritorialweb.com.ar\/web\/la-tasa-de-mortalidad-infantil-en-2021-fue-la-mas-baja-en-valor-historico-en-el-pais\/","title":{"rendered":"LA TASA DE MORTALIDAD INFANTIL EN 2021 FUE LA M\u00c1S BAJA EN VALOR HISTORICO EN EL PA\u00cdS"},"content":{"rendered":"\n<p>Este lunes,<strong>\u00a0la ministra de Salud de la Naci\u00f3n, Carla Vizzotti, anunci\u00f3 que la tasa de mortalidad infantil en Argentina descendi\u00f3 a 8 por mil en 2021<\/strong>, cifra que representa una baja de m\u00e1s de un punto en dos a\u00f1os y el\u00a0<strong>menor valor hist\u00f3rico registrado<\/strong>.<\/p>\n\n\n\n<p>La tasa de mortalidad infantil se mide por la cantidad de defunciones de ni\u00f1as y ni\u00f1os menores de 1 a\u00f1o que ocurren cada mil nacidos vivos.\u00a0<strong>En 2021 se contabilizaron 4238 muertes de ese grupo etario, una reducci\u00f3n del 6% respecto a 2020<\/strong>.<\/p>\n\n\n\n<p>El descenso fue del 8% para las defunciones que ocurren en el per\u00edodo neonatal (3.029 versus 3.303), mientras que se mantuvo para el posneonatal (1.209 versus 1202 muertes).<\/p>\n\n\n\n<p>Adem\u00e1s del descenso de la cifra a nivel pa\u00eds,\u00a0<strong>se registr\u00f3 un acortamiento en la brecha entre las provincias con mayor y menor tasa de mortalidad infantil<\/strong>. Por otra parte, los distritos con tasas superiores a 10 fallecimientos por cada mil nacidos vivos bajaron de cinco a cuatro.<\/p>\n\n\n\n<p><strong>Desde el Ministerio hicieron hincapi\u00e9 en la importancia de los m\u00faltiples planes y programas destinados a mejorar la salud de los menores de 1 a\u00f1o<\/strong>, como la Ley 1000 d\u00edas que tiene por objetivo la atenci\u00f3n y cuidado integral de la salud durante el embarazo y la primera infancia.<\/p>\n\n\n\n<p>Otro dato importante es que en 2021 se registraron 529.794 nacidos vivos, menos que en 2020, y es&nbsp;<strong>el s\u00e9ptimo a\u00f1o consecutivo de disminuci\u00f3n de la natalidad en el pa\u00eds<\/strong>.<\/p>\n\n\n\n<p>La cartera de Salud tambi\u00e9n comparti\u00f3 el dato de&nbsp;<strong>un nuevo descenso en la tasa de fecundidad adolescente<\/strong>, que pas\u00f3 de 15,4 por mil mujeres de 10 a 19 a\u00f1os en 2020, a 13,7 por mil en 2021. Lo que representa una disminuci\u00f3n de 1,7 puntos en un a\u00f1o.<\/p>\n\n\n\n<p>Seg\u00fan afirmaron,&nbsp;<strong>el sostenimiento del descenso de la fecundidad adolescente tard\u00eda se refuerza a partir de la estrategia de implementaci\u00f3n de pol\u00edticas p\u00fablicas de prevenci\u00f3n del embarazo no intencional en la adolescencia<\/strong>&nbsp;y el acceso a m\u00e9todos anticonceptivos gratuitos, en especial de larga duraci\u00f3n LARC (DIU e implantes subd\u00e9rmicos).<\/p>\n\n\n\n<p>Adem\u00e1s,&nbsp;<strong>las muertes maternas por aborto descendieron de 15 en 2020 a 9 en 2021<\/strong>. La diferencia estuvo en la sanci\u00f3n de la ley 27.610 de Acceso a la Interrupci\u00f3n del Embarazo (ILE\/IVE) gener\u00f3 condiciones para el acceso al aborto seguro. Sin embargo, a\u00fan falta recorrer un trecho ya que la meta es bajar esa estad\u00edstica a cero.<\/p>\n","protected":false},"excerpt":{"rendered":"<p>Lo anunci\u00f3 el Ministerio de Salud. Las estad\u00edsticas muestran una disminuci\u00f3n de m\u00e1s de un punto en dos a\u00f1os. Tambi\u00e9n descendieron los embarazos adolescentes y las muertes por aborto.<\/p>\n","protected":false},"author":2,"featured_media":48832,"comment_status":"open","ping_status":"open","sticky":false,"template":"","format":"standard","meta":{"om_disable_all_campaigns":false,"_monsterinsights_skip_tracking":false,"_monsterinsights_sitenote_active":false,"_monsterinsights_sitenote_note":"","_monsterinsights_sitenote_category":0,"_uf_show_specific_survey":0,"_uf_disable_surveys":false,"jetpack_post_was_ever_published":false,"_jetpack_newsletter_access":"","_jetpack_dont_email_post_to_subs":false,"_jetpack_newsletter_tier_id":0,"_jetpack_memberships_contains_paywalled_content":false,"_jetpack_memberships_contains_paid_content":false,"footnotes":"","jetpack_publicize_message":"","jetpack_publicize_feature_enabled":true,"jetpack_social_post_already_shared":false,"jetpack_social_options":{"image_generator_settings":{"template":"highway","default_image_id":0,"font":"","enabled":false},"version":2}},"categories":[4,3],"tags":[],"class_list":["post-48830","post","type-post","status-publish","format-standard","has-post-thumbnail","hentry","category-destacadas","category-salud"],"aioseo_notices":[],"views":10,"jetpack_publicize_connections":[],"jetpack_featured_media_url":"https:\/\/i0.wp.com\/elterritorialweb.com.ar\/web\/wp-content\/uploads\/2023\/02\/MORTALIDAD-INFANTIL.jpg?fit=1024%2C576&ssl=1","jetpack_sharing_enabled":true,"_links":{"self":[{"href":"https:\/\/elterritorialweb.com.ar\/web\/wp-json\/wp\/v2\/posts\/48830","targetHints":{"allow":["GET"]}}],"collection":[{"href":"https:\/\/elterritorialweb.com.ar\/web\/wp-json\/wp\/v2\/posts"}],"about":[{"href":"https:\/\/elterritorialweb.com.ar\/web\/wp-json\/wp\/v2\/types\/post"}],"author":[{"embeddable":true,"href":"https:\/\/elterritorialweb.com.ar\/web\/wp-json\/wp\/v2\/users\/2"}],"replies":[{"embeddable":true,"href":"https:\/\/elterritorialweb.com.ar\/web\/wp-json\/wp\/v2\/comments?post=48830"}],"version-history":[{"count":1,"href":"https:\/\/elterritorialweb.com.ar\/web\/wp-json\/wp\/v2\/posts\/48830\/revisions"}],"predecessor-version":[{"id":48833,"href":"https:\/\/elterritorialweb.com.ar\/web\/wp-json\/wp\/v2\/posts\/48830\/revisions\/48833"}],"wp:featuredmedia":[{"embeddable":true,"href":"https:\/\/elterritorialweb.com.ar\/web\/wp-json\/wp\/v2\/media\/48832"}],"wp:attachment":[{"href":"https:\/\/elterritorialweb.com.ar\/web\/wp-json\/wp\/v2\/media?parent=48830"}],"wp:term":[{"taxonomy":"category","embeddable":true,"href":"https:\/\/elterritorialweb.com.ar\/web\/wp-json\/wp\/v2\/categories?post=48830"},{"taxonomy":"post_tag","embeddable":true,"href":"https:\/\/elterritorialweb.com.ar\/web\/wp-json\/wp\/v2\/tags?post=48830"}],"curies":[{"name":"wp","href":"https:\/\/api.w.org\/{rel}","templated":true}]}}