{"id":48835,"date":"2023-02-07T20:51:51","date_gmt":"2023-02-07T20:51:51","guid":{"rendered":"http:\/\/elterritorialweb.com.ar\/web\/?p=48835"},"modified":"2023-02-07T20:51:51","modified_gmt":"2023-02-07T20:51:51","slug":"confirman-dias-y-horarios-para-los-proximos-tres-partidos-de-central-cordoba","status":"publish","type":"post","link":"https:\/\/elterritorialweb.com.ar\/web\/confirman-dias-y-horarios-para-los-proximos-tres-partidos-de-central-cordoba\/","title":{"rendered":"CONFIRMAN D\u00cdAS Y HORARIOS PARA LOS PR\u00d3XIMOS TRES PARTIDOS DE CENTRAL C\u00d3RDOBA"},"content":{"rendered":"\n<p><strong>La Liga Profesional de F\u00fatbol<\/strong>&nbsp;anunci\u00f3 la programaci\u00f3n de las pr\u00f3ximas tres fechas del&nbsp;<strong>Torneo 2023 que tendr\u00e1n a Central C\u00f3rdoba enfrentando a Talleres, Argentinos y Platense.<\/strong><\/p>\n\n\n\n<p><strong>Fecha 4<\/strong><\/p>\n\n\n\n<p><strong>Viernes 17 de febrero<\/strong><\/p>\n\n\n\n<p>18.00 Gimnasia \u2013 Instituto<br>21.30 Hurac\u00e1n \u2013 Barracas Central<br>21.30 Arsenal \u2013 Racing<\/p>\n\n\n\n<p><strong>S\u00e1bado 18 de febrero<\/strong><\/p>\n\n\n\n<p>17.00 Lan\u00fas \u2013 Rosario Central<br>19.15 Newell\u2019s \u2013 Banfield<br>19.15 Godoy Cruz \u2013 Estudiantes<br>19.15 Argentinos \u2013 Belgrano<br>21.30 Tigre \u2013 River<\/p>\n\n\n\n<p><strong>Domingo 19 de febrero<\/strong><\/p>\n\n\n\n<p>17.00 Uni\u00f3n \u2013 Col\u00f3n<br>19.15 Boca \u2013 Platense<br>21.30 Independiente \u2013 Defensa y Justicia<br>21.30 Talleres \u2013 Central C\u00f3rdoba<\/p>\n\n\n\n<p><strong>Lunes 20 de febrero<\/strong><\/p>\n\n\n\n<p>19.15 Sarmiento \u2013 San Lorenzo<br>21.30 Atl\u00e9tico Tucum\u00e1n \u2013 V\u00e9lez<\/p>\n\n\n\n<p><strong>Fecha 5<\/strong><\/p>\n\n\n\n<p><strong>Viernes 24 de febrero<\/strong><\/p>\n\n\n\n<p>21.00 Belgrano \u2013 Tigre<br>21.00 Rosario Central \u2013 Godoy Cruz<\/p>\n\n\n\n<p><strong>S\u00e1bado 25 de febrero<\/strong><\/p>\n\n\n\n<p>17.00 San Lorenzo \u2013 Uni\u00f3n<br>19.15 Estudiantes \u2013 Sarmiento<br>19.15 Platense \u2013 Talleres<br>21.30 V\u00e9lez \u2013 Boca<\/p>\n\n\n\n<p><strong>Domingo 26 de febrero<\/strong><\/p>\n\n\n\n<p>17.00 Defensa y Justicia \u2013 Atl\u00e9tico Tucum\u00e1n<br>17.00 Col\u00f3n \u2013 Hurac\u00e1n<br>19.15 River \u2013 Arsenal<br>21.30 Banfield \u2013 Independiente<br>21.30 Instituto \u2013 Newell\u2019s<\/p>\n\n\n\n<p><strong>Lunes 27 de febrero<\/strong><\/p>\n\n\n\n<p>17.00 Barracas Central \u2013 Gimnasia<br>19.15 Racing \u2013 Lan\u00fas<br>21.30 Central C\u00f3rdoba \u2013 Argentinos<\/p>\n\n\n\n<p><strong>Fecha 6<\/strong><\/p>\n\n\n\n<p><strong>Viernes 3 de marzo<\/strong><\/p>\n\n\n\n<p>20.00 Uni\u00f3n \u2013 Estudiantes<br>20.00 Sarmiento \u2013 Rosario Central<\/p>\n\n\n\n<p><strong>S\u00e1bado 4 de marzo<\/strong><\/p>\n\n\n\n<p>17.00 Platense \u2013 Central C\u00f3rdoba<br>17.00 Gimnasia \u2013 Col\u00f3n<br>19.15 Lan\u00fas \u2013 River<br>21.30 Newell\u2019s \u2013 Barracas Central<br>21.30 Atl\u00e9tico Tucum\u00e1n \u2013 Banfield<\/p>\n\n\n\n<p><strong>Domingo 5 de marzo<\/strong><\/p>\n\n\n\n<p>17.00 Independiente \u2013 Instituto<br>19.15 Hurac\u00e1n \u2013 San Lorenzo<br>21.30 Tigre \u2013 Argentinos<br>21.30 Talleres \u2013 V\u00e9lez<\/p>\n\n\n\n<p><strong>Lunes 6 de marzo<\/strong><\/p>\n\n\n\n<p>17.00 Godoy Cruz \u2013 Racing<br>17.00 Arsenal \u2013 Belgrano<br>21.00 Boca \u2013 Defensa y Justicia<\/p>\n","protected":false},"excerpt":{"rendered":"<p>La Liga Profesional confirm\u00f3 este martes las programaciones de las fechas 4, 5 y 6.<\/p>\n","protected":false},"author":2,"featured_media":48836,"comment_status":"open","ping_status":"open","sticky":false,"template":"","format":"standard","meta":{"om_disable_all_campaigns":false,"_monsterinsights_skip_tracking":false,"_monsterinsights_sitenote_active":false,"_monsterinsights_sitenote_note":"","_monsterinsights_sitenote_category":0,"_uf_show_specific_survey":0,"_uf_disable_surveys":false,"jetpack_post_was_ever_published":false,"_jetpack_newsletter_access":"","_jetpack_dont_email_post_to_subs":false,"_jetpack_newsletter_tier_id":0,"_jetpack_memberships_contains_paywalled_content":false,"_jetpack_memberships_contains_paid_content":false,"footnotes":"","jetpack_publicize_message":"","jetpack_publicize_feature_enabled":true,"jetpack_social_post_already_shared":false,"jetpack_social_options":{"image_generator_settings":{"template":"highway","default_image_id":0,"font":"","enabled":false},"version":2}},"categories":[6],"tags":[],"class_list":["post-48835","post","type-post","status-publish","format-standard","has-post-thumbnail","hentry","category-deportes"],"aioseo_notices":[],"views":13,"jetpack_publicize_connections":[],"jetpack_featured_media_url":"https:\/\/i0.wp.com\/elterritorialweb.com.ar\/web\/wp-content\/uploads\/2023\/02\/WhatsApp-Image-2023-02-06-at-00.08.53.jpeg?fit=1280%2C853&ssl=1","jetpack_sharing_enabled":true,"_links":{"self":[{"href":"https:\/\/elterritorialweb.com.ar\/web\/wp-json\/wp\/v2\/posts\/48835","targetHints":{"allow":["GET"]}}],"collection":[{"href":"https:\/\/elterritorialweb.com.ar\/web\/wp-json\/wp\/v2\/posts"}],"about":[{"href":"https:\/\/elterritorialweb.com.ar\/web\/wp-json\/wp\/v2\/types\/post"}],"author":[{"embeddable":true,"href":"https:\/\/elterritorialweb.com.ar\/web\/wp-json\/wp\/v2\/users\/2"}],"replies":[{"embeddable":true,"href":"https:\/\/elterritorialweb.com.ar\/web\/wp-json\/wp\/v2\/comments?post=48835"}],"version-history":[{"count":1,"href":"https:\/\/elterritorialweb.com.ar\/web\/wp-json\/wp\/v2\/posts\/48835\/revisions"}],"predecessor-version":[{"id":48837,"href":"https:\/\/elterritorialweb.com.ar\/web\/wp-json\/wp\/v2\/posts\/48835\/revisions\/48837"}],"wp:featuredmedia":[{"embeddable":true,"href":"https:\/\/elterritorialweb.com.ar\/web\/wp-json\/wp\/v2\/media\/48836"}],"wp:attachment":[{"href":"https:\/\/elterritorialweb.com.ar\/web\/wp-json\/wp\/v2\/media?parent=48835"}],"wp:term":[{"taxonomy":"category","embeddable":true,"href":"https:\/\/elterritorialweb.com.ar\/web\/wp-json\/wp\/v2\/categories?post=48835"},{"taxonomy":"post_tag","embeddable":true,"href":"https:\/\/elterritorialweb.com.ar\/web\/wp-json\/wp\/v2\/tags?post=48835"}],"curies":[{"name":"wp","href":"https:\/\/api.w.org\/{rel}","templated":true}]}}