{"id":48889,"date":"2023-02-09T04:32:01","date_gmt":"2023-02-09T04:32:01","guid":{"rendered":"http:\/\/elterritorialweb.com.ar\/web\/?p=48889"},"modified":"2023-02-09T04:32:02","modified_gmt":"2023-02-09T04:32:02","slug":"olympique-de-marsella-elimino-al-psg-de-la-copa-de-francia","status":"publish","type":"post","link":"https:\/\/elterritorialweb.com.ar\/web\/olympique-de-marsella-elimino-al-psg-de-la-copa-de-francia\/","title":{"rendered":"OLYMPIQUE DE MARSELLA ELIMIN\u00d3 AL PSG DE LA COPA DE FRANCIA"},"content":{"rendered":"\n<p>Par\u00eds Saint Germain, con el crack rosarino Lionel Messi como titular, perdi\u00f3 hoy el cl\u00e1sico ante Olympique de Marsella, por 2 a 1, y qued\u00f3 eliminado en octavos de final de la Copa de Francia.<\/p>\n\n\n\n<p>El delantero chileno Alexis S\u00e1nchez (PT 31m, de penal) puso en ventaja al Marsella y el defensor espa\u00f1ol Sergio Ramos, de cabeza, estableci\u00f3 el 1-1 (PT 45+2m). El atacante ucraniano Ruslan Malinovskiy (ST 12m), con un potente remate de media distancia, sell\u00f3 el triunfo en el Stade V\u00e9lodrome de Marsella.<\/p>\n\n\n\n<figure class=\"wp-block-image size-full is-resized\"><a href=\"https:\/\/i0.wp.com\/elterritorialweb.com.ar\/web\/wp-content\/uploads\/2023\/02\/PSG-1.jpg\"><img data-recalc-dims=\"1\" decoding=\"async\" data-src=\"https:\/\/i0.wp.com\/elterritorialweb.com.ar\/web\/wp-content\/uploads\/2023\/02\/PSG-1.jpg?resize=640%2C640\" alt=\"\" class=\"wp-image-48890 lazyload\" width=\"640\" height=\"640\" data-srcset=\"https:\/\/i0.wp.com\/elterritorialweb.com.ar\/web\/wp-content\/uploads\/2023\/02\/PSG-1.jpg?w=680&amp;ssl=1 680w, https:\/\/i0.wp.com\/elterritorialweb.com.ar\/web\/wp-content\/uploads\/2023\/02\/PSG-1.jpg?resize=300%2C300&amp;ssl=1 300w, https:\/\/i0.wp.com\/elterritorialweb.com.ar\/web\/wp-content\/uploads\/2023\/02\/PSG-1.jpg?resize=150%2C150&amp;ssl=1 150w\" data-sizes=\"(max-width: 640px) 100vw, 640px\" src=\"data:image\/svg+xml;base64,PHN2ZyB3aWR0aD0iMSIgaGVpZ2h0PSIxIiB4bWxucz0iaHR0cDovL3d3dy53My5vcmcvMjAwMC9zdmciPjwvc3ZnPg==\" style=\"--smush-placeholder-width: 640px; --smush-placeholder-aspect-ratio: 640\/640;\" \/><\/a><\/figure>\n\n\n\n<p>El capit\u00e1n campe\u00f3n del mundo con Argentina en Qatar 2022 dispuso de una ocasi\u00f3n para empatar el partido, a falta de diez minutos, pero su remate pas\u00f3 cerca del \u00e1ngulo izquierdo.<\/p>\n\n\n\n<p>Messi jug\u00f3 por segunda vez con la n\u00famero \u00ab10\u00bb en la espalda para PSG en partidos oficiales. La primera ocurri\u00f3 en enero de 2022, por Copa de Francia, en el empate sin goles ante Niza.<\/p>\n\n\n\n<p>El ataque de PSG estuvo compuesto por Messi y el brasile\u00f1o Neymar ante la ausencia del lesionado Kylian Mbapp\u00e9.<\/p>\n\n\n\n<figure class=\"wp-block-image size-full is-resized\"><a href=\"https:\/\/i0.wp.com\/elterritorialweb.com.ar\/web\/wp-content\/uploads\/2023\/02\/image-14.png\"><img data-recalc-dims=\"1\" decoding=\"async\" data-src=\"https:\/\/i0.wp.com\/elterritorialweb.com.ar\/web\/wp-content\/uploads\/2023\/02\/image-14.png?resize=640%2C368\" alt=\"\" class=\"wp-image-48891 lazyload\" width=\"640\" height=\"368\" data-srcset=\"https:\/\/i0.wp.com\/elterritorialweb.com.ar\/web\/wp-content\/uploads\/2023\/02\/image-14.png?w=790&amp;ssl=1 790w, https:\/\/i0.wp.com\/elterritorialweb.com.ar\/web\/wp-content\/uploads\/2023\/02\/image-14.png?resize=300%2C172&amp;ssl=1 300w, https:\/\/i0.wp.com\/elterritorialweb.com.ar\/web\/wp-content\/uploads\/2023\/02\/image-14.png?resize=768%2C441&amp;ssl=1 768w\" data-sizes=\"(max-width: 640px) 100vw, 640px\" src=\"data:image\/svg+xml;base64,PHN2ZyB3aWR0aD0iMSIgaGVpZ2h0PSIxIiB4bWxucz0iaHR0cDovL3d3dy53My5vcmcvMjAwMC9zdmciPjwvc3ZnPg==\" style=\"--smush-placeholder-width: 640px; --smush-placeholder-aspect-ratio: 640\/368;\" \/><\/a><\/figure>\n\n\n\n<p>La eliminaci\u00f3n del club parisino, m\u00e1ximo ganador de la Copa de Francia (14), incrementar\u00e1 el malestar en sus hinchas, quienes en la previa del cl\u00e1sico, antes del vuelo del plantel a Marsella, hicieron saber a los jugadores la importancia del partido.<\/p>\n\n\n\n<p>\u00abSolamente la victoria\u00bb, dec\u00eda una bandera desplegada por los fan\u00e1ticos del PSG, en una suerte de \u00abbanderazo\u00bb a la francesa.<\/p>\n\n\n\n<figure class=\"wp-block-image size-full\"><a href=\"https:\/\/i0.wp.com\/elterritorialweb.com.ar\/web\/wp-content\/uploads\/2023\/02\/image-15.png\"><img data-recalc-dims=\"1\" decoding=\"async\" width=\"640\" height=\"400\" data-src=\"https:\/\/i0.wp.com\/elterritorialweb.com.ar\/web\/wp-content\/uploads\/2023\/02\/image-15.png?resize=640%2C400\" alt=\"\" class=\"wp-image-48893 lazyload\" data-srcset=\"https:\/\/i0.wp.com\/elterritorialweb.com.ar\/web\/wp-content\/uploads\/2023\/02\/image-15.png?w=790&amp;ssl=1 790w, https:\/\/i0.wp.com\/elterritorialweb.com.ar\/web\/wp-content\/uploads\/2023\/02\/image-15.png?resize=300%2C188&amp;ssl=1 300w, https:\/\/i0.wp.com\/elterritorialweb.com.ar\/web\/wp-content\/uploads\/2023\/02\/image-15.png?resize=768%2C480&amp;ssl=1 768w, https:\/\/i0.wp.com\/elterritorialweb.com.ar\/web\/wp-content\/uploads\/2023\/02\/image-15.png?resize=400%2C250&amp;ssl=1 400w\" data-sizes=\"(max-width: 640px) 100vw, 640px\" src=\"data:image\/svg+xml;base64,PHN2ZyB3aWR0aD0iMSIgaGVpZ2h0PSIxIiB4bWxucz0iaHR0cDovL3d3dy53My5vcmcvMjAwMC9zdmciPjwvc3ZnPg==\" style=\"--smush-placeholder-width: 640px; --smush-placeholder-aspect-ratio: 640\/400;\" \/><\/a><\/figure>\n","protected":false},"excerpt":{"rendered":"<p>El elenco parisino perdi\u00f3 por 2-1 como visitante y se despidi\u00f3 del torneo franc\u00e9s en octavos de final.<\/p>\n","protected":false},"author":2,"featured_media":48892,"comment_status":"open","ping_status":"open","sticky":false,"template":"","format":"standard","meta":{"om_disable_all_campaigns":false,"_monsterinsights_skip_tracking":false,"_monsterinsights_sitenote_active":false,"_monsterinsights_sitenote_note":"","_monsterinsights_sitenote_category":0,"_uf_show_specific_survey":0,"_uf_disable_surveys":false,"jetpack_post_was_ever_published":false,"_jetpack_newsletter_access":"","_jetpack_dont_email_post_to_subs":false,"_jetpack_newsletter_tier_id":0,"_jetpack_memberships_contains_paywalled_content":false,"_jetpack_memberships_contains_paid_content":false,"footnotes":"","jetpack_publicize_message":"","jetpack_publicize_feature_enabled":true,"jetpack_social_post_already_shared":false,"jetpack_social_options":{"image_generator_settings":{"template":"highway","default_image_id":0,"font":"","enabled":false},"version":2}},"categories":[6],"tags":[],"class_list":["post-48889","post","type-post","status-publish","format-standard","has-post-thumbnail","hentry","category-deportes"],"aioseo_notices":[],"views":11,"jetpack_publicize_connections":[],"jetpack_featured_media_url":"https:\/\/i0.wp.com\/elterritorialweb.com.ar\/web\/wp-content\/uploads\/2023\/02\/PSG.png?fit=680%2C680&ssl=1","jetpack_sharing_enabled":true,"_links":{"self":[{"href":"https:\/\/elterritorialweb.com.ar\/web\/wp-json\/wp\/v2\/posts\/48889","targetHints":{"allow":["GET"]}}],"collection":[{"href":"https:\/\/elterritorialweb.com.ar\/web\/wp-json\/wp\/v2\/posts"}],"about":[{"href":"https:\/\/elterritorialweb.com.ar\/web\/wp-json\/wp\/v2\/types\/post"}],"author":[{"embeddable":true,"href":"https:\/\/elterritorialweb.com.ar\/web\/wp-json\/wp\/v2\/users\/2"}],"replies":[{"embeddable":true,"href":"https:\/\/elterritorialweb.com.ar\/web\/wp-json\/wp\/v2\/comments?post=48889"}],"version-history":[{"count":1,"href":"https:\/\/elterritorialweb.com.ar\/web\/wp-json\/wp\/v2\/posts\/48889\/revisions"}],"predecessor-version":[{"id":48894,"href":"https:\/\/elterritorialweb.com.ar\/web\/wp-json\/wp\/v2\/posts\/48889\/revisions\/48894"}],"wp:featuredmedia":[{"embeddable":true,"href":"https:\/\/elterritorialweb.com.ar\/web\/wp-json\/wp\/v2\/media\/48892"}],"wp:attachment":[{"href":"https:\/\/elterritorialweb.com.ar\/web\/wp-json\/wp\/v2\/media?parent=48889"}],"wp:term":[{"taxonomy":"category","embeddable":true,"href":"https:\/\/elterritorialweb.com.ar\/web\/wp-json\/wp\/v2\/categories?post=48889"},{"taxonomy":"post_tag","embeddable":true,"href":"https:\/\/elterritorialweb.com.ar\/web\/wp-json\/wp\/v2\/tags?post=48889"}],"curies":[{"name":"wp","href":"https:\/\/api.w.org\/{rel}","templated":true}]}}