{"id":48898,"date":"2023-02-09T15:56:20","date_gmt":"2023-02-09T15:56:20","guid":{"rendered":"http:\/\/elterritorialweb.com.ar\/web\/?p=48898"},"modified":"2023-02-09T15:56:20","modified_gmt":"2023-02-09T15:56:20","slug":"el-moto-gp-tendra-mas-visitantes-italianos-en-termas-de-rio-hondo","status":"publish","type":"post","link":"https:\/\/elterritorialweb.com.ar\/web\/el-moto-gp-tendra-mas-visitantes-italianos-en-termas-de-rio-hondo\/","title":{"rendered":"EL MOTO GP TENDR\u00c1 MAS VISITANTES ITALIANOS EN TERMAS DE R\u00cdO HONDO"},"content":{"rendered":"\n<p>Sosa, que se encuentra realizando diversas gestiones en una misi\u00f3n de promoci\u00f3n tur\u00edstica en Italia, mantuvo este encuentro en la sede de la Embajada Argentina en ese pa\u00eds, donde adem\u00e1s se analiz\u00f3 la importancia de haberse garantizado la continuidad de este evento por tres a\u00f1os consecutivos hasta 2025.<\/p>\n\n\n\n<p>En el marco de esa reuni\u00f3n, Camponeschi valor\u00f3 la decisi\u00f3n del Gobierno Nacional de implementar el denominado d\u00f3lar para el turista extranjero que le permite acceder a un mejor tipo de cambio y consecuentemente transformarse en otro incentivo para que el turista internacional pueda disfrutar de los atractivos tur\u00edsticos de Argentina.<\/p>\n\n\n\n<p>En el caso del MotoGP de Termas de R\u00edo Hondo se destac\u00f3 la importancia de mostrarle al p\u00fablico italiano que consume este producto el encuentro de motos que se realiza en las noches previas en las inmediaciones de la ciudad.&nbsp;<em>\u201cEsto no ocurre en todas las carreras de MotoGP de todo el mundo, es muy singular lo que sucede en R\u00edo Hondo y por eso es algo que mostramos cada vez que podemos en cada acci\u00f3n de promoci\u00f3n, ese encuentro de diferentes culturas, la fiesta, la armon\u00eda que se mezcla con la amabilidad del ciudadano termense es muy valorado por los turistas extranjeros\u201d<\/em>, se\u00f1al\u00f3 Sosa.<\/p>\n\n\n\n<p>Seguidamente tambi\u00e9n explic\u00f3 que en el caso del turista italiano<em>&nbsp;\u201cse sorprende ver c\u00f3mo llegan los motoqueros desde Brasil y disfrutan la noche como si&nbsp;fuese una hinchada de futbol, entonces esta acci\u00f3n se transforma en otro producto tur\u00edstico paralelo al MotoGP\u201d<\/em>.<\/p>\n\n\n\n<p>El empresario italiano se\u00f1al\u00f3 que precisamente esto es tambi\u00e9n una atracci\u00f3n en si mismo, m\u00e1s all\u00e1 de la participaci\u00f3n de las escuder\u00edas y los pilotos en el \u00e1mbito deportivo. La empresa Tours Service impacta sobre una gran cantidad de habitaciones en seis hoteles de Termas de R\u00edo Hondo y para esta edici\u00f3n ha recibido una mayor demanda de alojamiento por lo que el n\u00famero de visitantes italianos se incrementar\u00e1.<\/p>\n\n\n\n<p>Sosa ya se hab\u00eda reunido con Camponeschi en abril de 2022 en Roma. All\u00ed hab\u00edan dialogado sobre el incremento de oferta de paquetes tur\u00edsticos hacia nuestro pa\u00eds. Y para este primer trimestre de 2023&nbsp;<strong>ya tienen reservas de viajes que equivalen al 90% de la cantidad de turistas que ten\u00edan en la prepandemia<\/strong>. Y avanzaron en generar mayor oferta para el norte argentino durante el resto del a\u00f1o.<\/p>\n\n\n\n<p>Sosa record\u00f3 que el Inprotur viene colaborando activamente con el Gobierno de la Provincia de Santiago del Estero que conduce el&nbsp;<strong>Dr. Gerardo Zamora<\/strong>, en la promoci\u00f3n del MotoGP en diferentes pa\u00edses.&nbsp;<em>\u201cLa semana pasada organizamos dos activaciones de promoci\u00f3n al p\u00fablico final y trade en Londrina y Curitiba en Brasil y esta semana estamos en Italia incentivando la promoci\u00f3n de la competencia en este mercado tan importante, y una de las noticias positivas es este incremento de italianos que ir\u00e1n al MotoGP en Termas de R\u00edo Hondo. A fines de febrero estaremos en Bogot\u00e1 (Colombia) participando de la Feria Vitrina Anato donde tambi\u00e9n vamos a promocionar el MotoGP y le sumaremos el PGA Tour Latinoamericano en el Termas de Rio Hondo Golf Club y la doble fecha del Campeonato Mundial de BMX en la ciudad de Santiago del Estero, para fortalecer el turismo de deportivo\u201d<\/em>, asegur\u00f3.<\/p>\n\n\n\n<p>Cabe mencionar que Sosa estuvo acompa\u00f1ado por&nbsp;<strong>Alejandro Luppino, representante de la Embajada Argentina en Italia<\/strong>.<\/p>\n","protected":false},"excerpt":{"rendered":"<p>El Secretario Ejecutivo del Inprotur, Ricardo Sosa, se reuni\u00f3 en Roma (Italia) con el titular de Tours Service, Roberto Camponeschi, quien confirm\u00f3 que para esta edici\u00f3n 2023 existe una mayor demanda de alojamiento de visitantes italianos para asistir al Gran Premio de la Rep\u00fablica Argentina del MotoGP que se disputar\u00e1 a principios de abril en el circuito de Termas de R\u00edo Hondo.<\/p>\n","protected":false},"author":2,"featured_media":48900,"comment_status":"open","ping_status":"open","sticky":false,"template":"","format":"standard","meta":{"om_disable_all_campaigns":false,"_monsterinsights_skip_tracking":false,"_monsterinsights_sitenote_active":false,"_monsterinsights_sitenote_note":"","_monsterinsights_sitenote_category":0,"_uf_show_specific_survey":0,"_uf_disable_surveys":false,"jetpack_post_was_ever_published":false,"_jetpack_newsletter_access":"","_jetpack_dont_email_post_to_subs":false,"_jetpack_newsletter_tier_id":0,"_jetpack_memberships_contains_paywalled_content":false,"_jetpack_memberships_contains_paid_content":false,"footnotes":"","jetpack_publicize_message":"","jetpack_publicize_feature_enabled":true,"jetpack_social_post_already_shared":false,"jetpack_social_options":{"image_generator_settings":{"template":"highway","default_image_id":0,"font":"","enabled":false},"version":2}},"categories":[29],"tags":[],"class_list":["post-48898","post","type-post","status-publish","format-standard","has-post-thumbnail","hentry","category-turismo"],"aioseo_notices":[],"views":10,"jetpack_publicize_connections":[],"jetpack_featured_media_url":"https:\/\/i0.wp.com\/elterritorialweb.com.ar\/web\/wp-content\/uploads\/2023\/02\/unnamed-1-2.jpg?fit=2218%2C1367&ssl=1","jetpack_sharing_enabled":true,"_links":{"self":[{"href":"https:\/\/elterritorialweb.com.ar\/web\/wp-json\/wp\/v2\/posts\/48898","targetHints":{"allow":["GET"]}}],"collection":[{"href":"https:\/\/elterritorialweb.com.ar\/web\/wp-json\/wp\/v2\/posts"}],"about":[{"href":"https:\/\/elterritorialweb.com.ar\/web\/wp-json\/wp\/v2\/types\/post"}],"author":[{"embeddable":true,"href":"https:\/\/elterritorialweb.com.ar\/web\/wp-json\/wp\/v2\/users\/2"}],"replies":[{"embeddable":true,"href":"https:\/\/elterritorialweb.com.ar\/web\/wp-json\/wp\/v2\/comments?post=48898"}],"version-history":[{"count":1,"href":"https:\/\/elterritorialweb.com.ar\/web\/wp-json\/wp\/v2\/posts\/48898\/revisions"}],"predecessor-version":[{"id":48901,"href":"https:\/\/elterritorialweb.com.ar\/web\/wp-json\/wp\/v2\/posts\/48898\/revisions\/48901"}],"wp:featuredmedia":[{"embeddable":true,"href":"https:\/\/elterritorialweb.com.ar\/web\/wp-json\/wp\/v2\/media\/48900"}],"wp:attachment":[{"href":"https:\/\/elterritorialweb.com.ar\/web\/wp-json\/wp\/v2\/media?parent=48898"}],"wp:term":[{"taxonomy":"category","embeddable":true,"href":"https:\/\/elterritorialweb.com.ar\/web\/wp-json\/wp\/v2\/categories?post=48898"},{"taxonomy":"post_tag","embeddable":true,"href":"https:\/\/elterritorialweb.com.ar\/web\/wp-json\/wp\/v2\/tags?post=48898"}],"curies":[{"name":"wp","href":"https:\/\/api.w.org\/{rel}","templated":true}]}}