{"id":48907,"date":"2023-02-09T21:12:01","date_gmt":"2023-02-09T21:12:01","guid":{"rendered":"http:\/\/elterritorialweb.com.ar\/web\/?p=48907"},"modified":"2023-02-09T21:14:53","modified_gmt":"2023-02-09T21:14:53","slug":"zamora-inauguro-obras-en-una-posta-sanitaria-y-entrego-55-viviendas-sociales-y-mas-de-mil-lentes-de-receta","status":"publish","type":"post","link":"https:\/\/elterritorialweb.com.ar\/web\/zamora-inauguro-obras-en-una-posta-sanitaria-y-entrego-55-viviendas-sociales-y-mas-de-mil-lentes-de-receta\/","title":{"rendered":"ZAMORA INAUGUR\u00d3 OBRAS EN UNA POSTA SANITARIA Y ENTREG\u00d3 55 VIVIENDAS SOCIALES Y M\u00c1S DE MIL LENTES DE RECETA"},"content":{"rendered":"\n<p>El gobernador Gerardo Zamora encabez\u00f3 este jueves por la ma\u00f1ana el acto de inauguraci\u00f3n de obras de ampliaci\u00f3n y mejoramiento de la posta sanitaria de la localidad de Rodeo de Soria, donde adem\u00e1s entreg\u00f3 viviendas sociales a 55 familias de zonas rurales del departamento Capital.<\/p>\n\n\n\n<figure class=\"wp-block-image size-large\"><a href=\"https:\/\/i0.wp.com\/elterritorialweb.com.ar\/web\/wp-content\/uploads\/2023\/02\/IMG-20230209-WA0003.jpg\"><img data-recalc-dims=\"1\" decoding=\"async\" width=\"640\" height=\"426\" data-src=\"https:\/\/i0.wp.com\/elterritorialweb.com.ar\/web\/wp-content\/uploads\/2023\/02\/IMG-20230209-WA0003.jpg?resize=640%2C426\" alt=\"\" class=\"wp-image-48910 lazyload\" data-srcset=\"https:\/\/i0.wp.com\/elterritorialweb.com.ar\/web\/wp-content\/uploads\/2023\/02\/IMG-20230209-WA0003.jpg?resize=1024%2C682&amp;ssl=1 1024w, https:\/\/i0.wp.com\/elterritorialweb.com.ar\/web\/wp-content\/uploads\/2023\/02\/IMG-20230209-WA0003.jpg?resize=300%2C200&amp;ssl=1 300w, https:\/\/i0.wp.com\/elterritorialweb.com.ar\/web\/wp-content\/uploads\/2023\/02\/IMG-20230209-WA0003.jpg?resize=768%2C512&amp;ssl=1 768w, https:\/\/i0.wp.com\/elterritorialweb.com.ar\/web\/wp-content\/uploads\/2023\/02\/IMG-20230209-WA0003.jpg?w=1280&amp;ssl=1 1280w\" data-sizes=\"(max-width: 640px) 100vw, 640px\" src=\"data:image\/svg+xml;base64,PHN2ZyB3aWR0aD0iMSIgaGVpZ2h0PSIxIiB4bWxucz0iaHR0cDovL3d3dy53My5vcmcvMjAwMC9zdmciPjwvc3ZnPg==\" style=\"--smush-placeholder-width: 640px; --smush-placeholder-aspect-ratio: 640\/426;\" \/><\/a><\/figure>\n\n\n\n<p>En este marco, junto con el director nacional de Dispositivos Territoriales, Ignacio Trucco, tambi\u00e9n entreg\u00f3 lentes de receta a pobladores atendidos en operativos realizados en siete localidades por donde pas\u00f3 el Tren Sanitario \u201cRam\u00f3n Carrillo\u201d -entre septiembre y noviembre del a\u00f1o pasado- como parte de un trabajo articulado entre la provincia, municipios y el Ministerio de Desarrollo Social de la Naci\u00f3n.<\/p>\n\n\n\n<figure class=\"wp-block-image size-large\"><a href=\"https:\/\/i0.wp.com\/elterritorialweb.com.ar\/web\/wp-content\/uploads\/2023\/02\/IMG-20230209-WA0009.jpg\"><img data-recalc-dims=\"1\" decoding=\"async\" width=\"640\" height=\"426\" data-src=\"https:\/\/i0.wp.com\/elterritorialweb.com.ar\/web\/wp-content\/uploads\/2023\/02\/IMG-20230209-WA0009.jpg?resize=640%2C426\" alt=\"\" class=\"wp-image-48914 lazyload\" data-srcset=\"https:\/\/i0.wp.com\/elterritorialweb.com.ar\/web\/wp-content\/uploads\/2023\/02\/IMG-20230209-WA0009.jpg?resize=1024%2C682&amp;ssl=1 1024w, https:\/\/i0.wp.com\/elterritorialweb.com.ar\/web\/wp-content\/uploads\/2023\/02\/IMG-20230209-WA0009.jpg?resize=300%2C200&amp;ssl=1 300w, https:\/\/i0.wp.com\/elterritorialweb.com.ar\/web\/wp-content\/uploads\/2023\/02\/IMG-20230209-WA0009.jpg?resize=768%2C512&amp;ssl=1 768w, https:\/\/i0.wp.com\/elterritorialweb.com.ar\/web\/wp-content\/uploads\/2023\/02\/IMG-20230209-WA0009.jpg?w=1280&amp;ssl=1 1280w\" data-sizes=\"(max-width: 640px) 100vw, 640px\" src=\"data:image\/svg+xml;base64,PHN2ZyB3aWR0aD0iMSIgaGVpZ2h0PSIxIiB4bWxucz0iaHR0cDovL3d3dy53My5vcmcvMjAwMC9zdmciPjwvc3ZnPg==\" style=\"--smush-placeholder-width: 640px; --smush-placeholder-aspect-ratio: 640\/426;\" \/><\/a><\/figure>\n\n\n\n<p>En total son 1.041 lentes que ser\u00e1n distribuidos a trav\u00e9s de los municipios de Chaupi Pozo (291 beneficiarios); La Banda (292); Herrera (129); Colonia Dora (90); Pinto (94); Selva (62) y Malbr\u00e1n (83).<br>Adem\u00e1s, se destac\u00f3 el avance de la obra para la provisi\u00f3n de agua potable a 600 pobladores de La Abrita, departamento R\u00edo Hondo, y para mejorar la presi\u00f3n en los domicilios de los vecinos de Rodeo de Soria y Puesto del Medio.<\/p>\n\n\n\n<figure class=\"wp-block-image size-large\"><a href=\"https:\/\/i0.wp.com\/elterritorialweb.com.ar\/web\/wp-content\/uploads\/2023\/02\/IMG-20230209-WA0004.jpg\"><img data-recalc-dims=\"1\" decoding=\"async\" width=\"640\" height=\"426\" data-src=\"https:\/\/i0.wp.com\/elterritorialweb.com.ar\/web\/wp-content\/uploads\/2023\/02\/IMG-20230209-WA0004.jpg?resize=640%2C426\" alt=\"\" class=\"wp-image-48908 lazyload\" data-srcset=\"https:\/\/i0.wp.com\/elterritorialweb.com.ar\/web\/wp-content\/uploads\/2023\/02\/IMG-20230209-WA0004.jpg?resize=1024%2C682&amp;ssl=1 1024w, https:\/\/i0.wp.com\/elterritorialweb.com.ar\/web\/wp-content\/uploads\/2023\/02\/IMG-20230209-WA0004.jpg?resize=300%2C200&amp;ssl=1 300w, https:\/\/i0.wp.com\/elterritorialweb.com.ar\/web\/wp-content\/uploads\/2023\/02\/IMG-20230209-WA0004.jpg?resize=768%2C512&amp;ssl=1 768w, https:\/\/i0.wp.com\/elterritorialweb.com.ar\/web\/wp-content\/uploads\/2023\/02\/IMG-20230209-WA0004.jpg?w=1280&amp;ssl=1 1280w\" data-sizes=\"(max-width: 640px) 100vw, 640px\" src=\"data:image\/svg+xml;base64,PHN2ZyB3aWR0aD0iMSIgaGVpZ2h0PSIxIiB4bWxucz0iaHR0cDovL3d3dy53My5vcmcvMjAwMC9zdmciPjwvc3ZnPg==\" style=\"--smush-placeholder-width: 640px; --smush-placeholder-aspect-ratio: 640\/426;\" \/><\/a><\/figure>\n\n\n\n<p>El gobernador estuvo acompa\u00f1ado por los ministros de Gobierno, Marcelo Barbur, y de Obras P\u00fablicas, Aldo Hid. Tambi\u00e9n por los subsecretarios de Salud, C\u00e9sar Monti, y de Promoci\u00f3n Humana y Relaciones Institucionales con la Comunidad, Ernesto Fern\u00e1ndez, entre otros funcionarios, quienes fueron recibidos por la comisionada municipal de Sol de Mayo, Andrea C\u00e1ceres.<\/p>\n\n\n\n<figure class=\"wp-block-image size-large\"><a href=\"https:\/\/i0.wp.com\/elterritorialweb.com.ar\/web\/wp-content\/uploads\/2023\/02\/IMG-20230209-WA0006.jpg\"><img data-recalc-dims=\"1\" decoding=\"async\" width=\"640\" height=\"426\" data-src=\"https:\/\/i0.wp.com\/elterritorialweb.com.ar\/web\/wp-content\/uploads\/2023\/02\/IMG-20230209-WA0006.jpg?resize=640%2C426\" alt=\"\" class=\"wp-image-48909 lazyload\" data-srcset=\"https:\/\/i0.wp.com\/elterritorialweb.com.ar\/web\/wp-content\/uploads\/2023\/02\/IMG-20230209-WA0006.jpg?resize=1024%2C682&amp;ssl=1 1024w, https:\/\/i0.wp.com\/elterritorialweb.com.ar\/web\/wp-content\/uploads\/2023\/02\/IMG-20230209-WA0006.jpg?resize=300%2C200&amp;ssl=1 300w, https:\/\/i0.wp.com\/elterritorialweb.com.ar\/web\/wp-content\/uploads\/2023\/02\/IMG-20230209-WA0006.jpg?resize=768%2C512&amp;ssl=1 768w, https:\/\/i0.wp.com\/elterritorialweb.com.ar\/web\/wp-content\/uploads\/2023\/02\/IMG-20230209-WA0006.jpg?w=1280&amp;ssl=1 1280w\" data-sizes=\"(max-width: 640px) 100vw, 640px\" src=\"data:image\/svg+xml;base64,PHN2ZyB3aWR0aD0iMSIgaGVpZ2h0PSIxIiB4bWxucz0iaHR0cDovL3d3dy53My5vcmcvMjAwMC9zdmciPjwvc3ZnPg==\" style=\"--smush-placeholder-width: 640px; --smush-placeholder-aspect-ratio: 640\/426;\" \/><\/a><\/figure>\n\n\n\n<p>En primera instancia se realiz\u00f3 la inauguraci\u00f3n simb\u00f3lica de las 55 viviendas sociales en el domicilio de Carla Jim\u00e9nez, cuya familia fue beneficiada por el programa provincial ejecutado a trav\u00e9s del Ministerio de Desarrollo Social y que en esta ocasi\u00f3n formaliz\u00f3 la entrega a pobladores de Sol de Mayo, Remes, San Benito, Rodeo de Soria, El Churqui, El Barrial, La Puerta, Los Pocitos, San Crist\u00f3bal, Taqueyoj, Puerta Grande, Antilo, Huaico Hondo, Loma Grande y Prado Verde.<\/p>\n\n\n\n<figure class=\"wp-block-image size-large\"><a href=\"https:\/\/i0.wp.com\/elterritorialweb.com.ar\/web\/wp-content\/uploads\/2023\/02\/IMG-20230209-WA0007.jpg\"><img data-recalc-dims=\"1\" decoding=\"async\" width=\"640\" height=\"426\" data-src=\"https:\/\/i0.wp.com\/elterritorialweb.com.ar\/web\/wp-content\/uploads\/2023\/02\/IMG-20230209-WA0007.jpg?resize=640%2C426\" alt=\"\" class=\"wp-image-48912 lazyload\" data-srcset=\"https:\/\/i0.wp.com\/elterritorialweb.com.ar\/web\/wp-content\/uploads\/2023\/02\/IMG-20230209-WA0007.jpg?resize=1024%2C682&amp;ssl=1 1024w, https:\/\/i0.wp.com\/elterritorialweb.com.ar\/web\/wp-content\/uploads\/2023\/02\/IMG-20230209-WA0007.jpg?resize=300%2C200&amp;ssl=1 300w, https:\/\/i0.wp.com\/elterritorialweb.com.ar\/web\/wp-content\/uploads\/2023\/02\/IMG-20230209-WA0007.jpg?resize=768%2C512&amp;ssl=1 768w, https:\/\/i0.wp.com\/elterritorialweb.com.ar\/web\/wp-content\/uploads\/2023\/02\/IMG-20230209-WA0007.jpg?w=1280&amp;ssl=1 1280w\" data-sizes=\"(max-width: 640px) 100vw, 640px\" src=\"data:image\/svg+xml;base64,PHN2ZyB3aWR0aD0iMSIgaGVpZ2h0PSIxIiB4bWxucz0iaHR0cDovL3d3dy53My5vcmcvMjAwMC9zdmciPjwvc3ZnPg==\" style=\"--smush-placeholder-width: 640px; --smush-placeholder-aspect-ratio: 640\/426;\" \/><\/a><\/figure>\n\n\n\n<p>Luego, la comitiva se traslad\u00f3 al edificio de la posta sanitaria que fue completamente acondicionado y equipado para reforzar los servicios de cl\u00ednica m\u00e9dica, odontolog\u00eda, enfermer\u00eda, pediatr\u00eda, vacunaci\u00f3n, farmacia y asistencia social.<br>Durante el acto se realiz\u00f3 la entrega de lentes a cuatro personas en representaci\u00f3n de los 1.041 beneficiarios. Tambi\u00e9n se firmaron las actas de entrega con los intendentes de La Banda (Roger Nediani); de Colonia Dora (William Che\u00edn) y de Pinto (Jorge Leguizam\u00f3n), y a los comisionados municipales de Chaupi Pozo (Patricia V\u00e9liz); de Herrera (Marcos Bravo) y de Malbr\u00e1n (Julio Dom\u00ednguez).<br>Posteriormente, director Nacional de Dispositivos Territoriales del Ministerio de Desarrollo Social de la Naci\u00f3n destac\u00f3 el trabajo en conjunto con la provincia y los municipios, especialmente \u201cla decisi\u00f3n pol\u00edtica del gobernador Zamora de poner a disposici\u00f3n lo necesario para que todo salga bien y la gente pueda acceder a los servicios\u201d.<br>A su turno, el mandatario provincial subray\u00f3 el trabajo de las ONG y los municipios para seguir avanzando con el programa de viviendas sociales, que ya superan las 27 mil entregadas en toda la provincia desde su lanzamiento y otras miles que est\u00e1n en ejecuci\u00f3n.<br>En su mensaje ratific\u00f3 la determinaci\u00f3n de generar las condiciones necesarias para el desarrollo de la provincia, con m\u00e1s infraestructura y mejor calidad de vida de todos los santiague\u00f1os.<br>En ese marco \u2013precis\u00f3- son ejecutadas obras como la renovada posta sanitaria de Rodeo de Soria y que tambi\u00e9n con ese fin se trabaja para extender la fibra \u00f3ptica en toda la provincia, para llevar el internet libre y gratuito a todos los organismos p\u00fablicos, vecinos y emprendedores.<br>\u201cEstos son pasos importantes que vamos dando en toda la provincia, para que haya mejores caminos, agua, energ\u00eda, salud, educaci\u00f3n, viviendas, pero fundamentalmente para ir consolidando la infraestructura para el desarrollo econ\u00f3mico que genere producci\u00f3n y trabajo en nuestra provincia\u201d, expres\u00f3.<br>Zamora tambi\u00e9n destac\u00f3 los indicadores difundidos por centros especializados, que reflejan el crecimiento de la provincia, tanto en materia productiva, de generaci\u00f3n de empleo privado y de d\u00f3lares para el pa\u00eds.<br>\u201cYa no somos la provincia que \u00e9ramos antes\u201d, dijo. Para cerrar su discurso con el compromiso de \u201cseguir trabajando para profundizar todo lo bueno que se ha conseguido\u201d; \u201cluchar por un pa\u00eds m\u00e1s federal y defender siempre los intereses de los santiague\u00f1os\u201d.<\/p>\n","protected":false},"excerpt":{"rendered":"<p>Tambi\u00e9n entreg\u00f3 55 viviendas sociales y m\u00e1s de 1000 lentes de receta en una acto realizado en la localidad de Rodeo de Soria, departamento Capital.<\/p>\n","protected":false},"author":2,"featured_media":48908,"comment_status":"open","ping_status":"open","sticky":false,"template":"","format":"standard","meta":{"om_disable_all_campaigns":false,"_monsterinsights_skip_tracking":false,"_monsterinsights_sitenote_active":false,"_monsterinsights_sitenote_note":"","_monsterinsights_sitenote_category":0,"_uf_show_specific_survey":0,"_uf_disable_surveys":false,"jetpack_post_was_ever_published":false,"_jetpack_newsletter_access":"","_jetpack_dont_email_post_to_subs":false,"_jetpack_newsletter_tier_id":0,"_jetpack_memberships_contains_paywalled_content":false,"_jetpack_memberships_contains_paid_content":false,"footnotes":"","jetpack_publicize_message":"","jetpack_publicize_feature_enabled":true,"jetpack_social_post_already_shared":false,"jetpack_social_options":{"image_generator_settings":{"template":"highway","default_image_id":0,"font":"","enabled":false},"version":2}},"categories":[4,21],"tags":[],"class_list":["post-48907","post","type-post","status-publish","format-standard","has-post-thumbnail","hentry","category-destacadas","category-locales"],"aioseo_notices":[],"views":6,"jetpack_publicize_connections":[],"jetpack_featured_media_url":"https:\/\/i0.wp.com\/elterritorialweb.com.ar\/web\/wp-content\/uploads\/2023\/02\/IMG-20230209-WA0004.jpg?fit=1280%2C853&ssl=1","jetpack_sharing_enabled":true,"_links":{"self":[{"href":"https:\/\/elterritorialweb.com.ar\/web\/wp-json\/wp\/v2\/posts\/48907","targetHints":{"allow":["GET"]}}],"collection":[{"href":"https:\/\/elterritorialweb.com.ar\/web\/wp-json\/wp\/v2\/posts"}],"about":[{"href":"https:\/\/elterritorialweb.com.ar\/web\/wp-json\/wp\/v2\/types\/post"}],"author":[{"embeddable":true,"href":"https:\/\/elterritorialweb.com.ar\/web\/wp-json\/wp\/v2\/users\/2"}],"replies":[{"embeddable":true,"href":"https:\/\/elterritorialweb.com.ar\/web\/wp-json\/wp\/v2\/comments?post=48907"}],"version-history":[{"count":1,"href":"https:\/\/elterritorialweb.com.ar\/web\/wp-json\/wp\/v2\/posts\/48907\/revisions"}],"predecessor-version":[{"id":48915,"href":"https:\/\/elterritorialweb.com.ar\/web\/wp-json\/wp\/v2\/posts\/48907\/revisions\/48915"}],"wp:featuredmedia":[{"embeddable":true,"href":"https:\/\/elterritorialweb.com.ar\/web\/wp-json\/wp\/v2\/media\/48908"}],"wp:attachment":[{"href":"https:\/\/elterritorialweb.com.ar\/web\/wp-json\/wp\/v2\/media?parent=48907"}],"wp:term":[{"taxonomy":"category","embeddable":true,"href":"https:\/\/elterritorialweb.com.ar\/web\/wp-json\/wp\/v2\/categories?post=48907"},{"taxonomy":"post_tag","embeddable":true,"href":"https:\/\/elterritorialweb.com.ar\/web\/wp-json\/wp\/v2\/tags?post=48907"}],"curies":[{"name":"wp","href":"https:\/\/api.w.org\/{rel}","templated":true}]}}