{"id":48917,"date":"2023-02-10T02:16:09","date_gmt":"2023-02-10T02:16:09","guid":{"rendered":"http:\/\/elterritorialweb.com.ar\/web\/?p=48917"},"modified":"2023-02-10T02:16:10","modified_gmt":"2023-02-10T02:16:10","slug":"realizan-operativos-de-control-de-precios-cuidados","status":"publish","type":"post","link":"https:\/\/elterritorialweb.com.ar\/web\/realizan-operativos-de-control-de-precios-cuidados\/","title":{"rendered":"REALIZAN OPERATIVOS DE CONTROL DE PRECIOS CUIDADOS"},"content":{"rendered":"\n<p>La coordinadora del \u00e1rea municipal mencionada, Yamila Capula, inform\u00f3: \u00abNuestra oficina viene trabajando en lo que es el control de precios a nivel nacional de Programas como \u00b4Precios Justos\u00b4 que en la \u00faltima semana hubo una pr\u00f3rroga de este programa hasta el 30 de junio con un incremento mensual del 3,2 % y una ampliaci\u00f3n de productos\u201d.<br>\u201cEste programa va a incorporar \u00fatiles escolares y estamos esperando el listado de los mismos para la pr\u00f3xima semana, se espera una definici\u00f3n entre el 27 de febrero y el 2 de marzo, donde los supermercados de grandes superficies situados en La Banda y ciudad Capital, los van a tener\u201d.<br>Agreg\u00f3: \u201cPor lo tanto, vamos a realizar los controles correspondientes para verificar que est\u00e9n \u00e9stos productos y la se\u00f1al\u00e9tica correspondiente\u00bb.<br>\u00abNosotros venimos trabajando en todo lo que es la parte de mercader\u00eda y productos de limpieza donde hemos detectado que si estaban las se\u00f1al\u00e9ticas correspondientes y hab\u00eda un faltante de productos que nos informaron que en esta \u00e9poca del a\u00f1o las f\u00e1bricas est\u00e1n teniendo problemas con la entrega de determinados productos, por lo tanto, hay faltantes que se ir\u00e1n solucionando en las pr\u00f3ximas semanas\u201d.<br>\u201cY a nivel local estamos trabajando con la Secretar\u00eda de Econom\u00eda de la Provincia para la confecci\u00f3n de una canasta de \u00fatiles escolares econ\u00f3mica para todos los vecinos bande\u00f1os\u00bb finaliz\u00f3 Capula.<\/p>\n","protected":false},"excerpt":{"rendered":"<p>Defensa al consumidor de la Municipalidad de La Banda <\/p>\n","protected":false},"author":2,"featured_media":48918,"comment_status":"open","ping_status":"open","sticky":false,"template":"","format":"standard","meta":{"om_disable_all_campaigns":false,"_monsterinsights_skip_tracking":false,"_monsterinsights_sitenote_active":false,"_monsterinsights_sitenote_note":"","_monsterinsights_sitenote_category":0,"_uf_show_specific_survey":0,"_uf_disable_surveys":false,"jetpack_post_was_ever_published":false,"_jetpack_newsletter_access":"","_jetpack_dont_email_post_to_subs":false,"_jetpack_newsletter_tier_id":0,"_jetpack_memberships_contains_paywalled_content":false,"_jetpack_memberships_contains_paid_content":false,"footnotes":"","jetpack_publicize_message":"","jetpack_publicize_feature_enabled":true,"jetpack_social_post_already_shared":false,"jetpack_social_options":{"image_generator_settings":{"template":"highway","default_image_id":0,"font":"","enabled":false},"version":2}},"categories":[9],"tags":[],"class_list":["post-48917","post","type-post","status-publish","format-standard","has-post-thumbnail","hentry","category-banda"],"aioseo_notices":[],"views":7,"jetpack_publicize_connections":[],"jetpack_featured_media_url":"https:\/\/i0.wp.com\/elterritorialweb.com.ar\/web\/wp-content\/uploads\/2023\/02\/IMG-20230209-WA0015.jpg?fit=992%2C661&ssl=1","jetpack_sharing_enabled":true,"_links":{"self":[{"href":"https:\/\/elterritorialweb.com.ar\/web\/wp-json\/wp\/v2\/posts\/48917","targetHints":{"allow":["GET"]}}],"collection":[{"href":"https:\/\/elterritorialweb.com.ar\/web\/wp-json\/wp\/v2\/posts"}],"about":[{"href":"https:\/\/elterritorialweb.com.ar\/web\/wp-json\/wp\/v2\/types\/post"}],"author":[{"embeddable":true,"href":"https:\/\/elterritorialweb.com.ar\/web\/wp-json\/wp\/v2\/users\/2"}],"replies":[{"embeddable":true,"href":"https:\/\/elterritorialweb.com.ar\/web\/wp-json\/wp\/v2\/comments?post=48917"}],"version-history":[{"count":1,"href":"https:\/\/elterritorialweb.com.ar\/web\/wp-json\/wp\/v2\/posts\/48917\/revisions"}],"predecessor-version":[{"id":48919,"href":"https:\/\/elterritorialweb.com.ar\/web\/wp-json\/wp\/v2\/posts\/48917\/revisions\/48919"}],"wp:featuredmedia":[{"embeddable":true,"href":"https:\/\/elterritorialweb.com.ar\/web\/wp-json\/wp\/v2\/media\/48918"}],"wp:attachment":[{"href":"https:\/\/elterritorialweb.com.ar\/web\/wp-json\/wp\/v2\/media?parent=48917"}],"wp:term":[{"taxonomy":"category","embeddable":true,"href":"https:\/\/elterritorialweb.com.ar\/web\/wp-json\/wp\/v2\/categories?post=48917"},{"taxonomy":"post_tag","embeddable":true,"href":"https:\/\/elterritorialweb.com.ar\/web\/wp-json\/wp\/v2\/tags?post=48917"}],"curies":[{"name":"wp","href":"https:\/\/api.w.org\/{rel}","templated":true}]}}