{"id":48920,"date":"2023-02-10T02:45:58","date_gmt":"2023-02-10T02:45:58","guid":{"rendered":"http:\/\/elterritorialweb.com.ar\/web\/?p=48920"},"modified":"2023-02-10T02:45:59","modified_gmt":"2023-02-10T02:45:59","slug":"la-unse-y-quimili-estrechan-lazos-institucionales","status":"publish","type":"post","link":"https:\/\/elterritorialweb.com.ar\/web\/la-unse-y-quimili-estrechan-lazos-institucionales\/","title":{"rendered":"LA UNSE Y QUIMIL\u00cd ESTRECHAN LAZOS INSTITUCIONALES"},"content":{"rendered":"\n<p>Adem\u00e1s, se procedi\u00f3 a la firma de convenios espec\u00edficos entre la municipalidad y la Escuela para la Innovaci\u00f3n Educativa (EIE) y la Escuela de Artes y Oficios (EAyO) .<br>\u00abEstar representado por la UNSE es un orgullo para todos nosotros en el interior\u00bb, dijo el intendente de Quimili, al referirse a esta firma. Al mismo tiempo, asegur\u00f3 que estas acciones futuras permitir\u00e1n un \u00abascenso social y espiritual de los pobladores\u00bb.<br>Por su parte, H\u00e9ctor Paz expres\u00f3 que \u201ccada punto de la provincia representa para la UNSE un desaf\u00edo, aquel que tuvo desde su creaci\u00f3n hace 50 a\u00f1os: dar oportunidades a miles y miles de personas que ven en la UNSE la posibilidad de obtener un t\u00edtulo superior y realizarse como personas en una universidad p\u00fablica\u201d.<br>El director de la EIE, Francisco Muratore, transmiti\u00f3 el benepl\u00e1cito por la firma de este convenio que \u201cda continuidad al proceso de llevar las carreras de la UNSE-EIE a la ciudad de Quilim\u00ed\u201d. Tambi\u00e9n, destac\u00f3 la misi\u00f3n de la EIE de \u201cformar recursos humanos para el sistema educativo y generar acciones transformadoras \u201d.<br>El acto cont\u00f3 con la presencia de la vicerrectora Marcela Ju\u00e1rez y miembros del gabinete de Rectorado.<\/p>\n","protected":false},"excerpt":{"rendered":"<p>La firma de un convenio marco de cooperaci\u00f3n y asistencia rec\u00edproca entre la Universidad Nacional de Santiago del Estero, representada por el rector H\u00e9ctor Paz, y la Municipalidad de Quimil\u00ed, representada por el intendente Diego Federico Ponti, tuvo lugar en la sala del Consejo Superior de la UNSE.<\/p>\n","protected":false},"author":2,"featured_media":48921,"comment_status":"open","ping_status":"open","sticky":false,"template":"","format":"standard","meta":{"om_disable_all_campaigns":false,"_monsterinsights_skip_tracking":false,"_monsterinsights_sitenote_active":false,"_monsterinsights_sitenote_note":"","_monsterinsights_sitenote_category":0,"_uf_show_specific_survey":0,"_uf_disable_surveys":false,"jetpack_post_was_ever_published":false,"_jetpack_newsletter_access":"","_jetpack_dont_email_post_to_subs":false,"_jetpack_newsletter_tier_id":0,"_jetpack_memberships_contains_paywalled_content":false,"_jetpack_memberships_contains_paid_content":false,"footnotes":"","jetpack_publicize_message":"","jetpack_publicize_feature_enabled":true,"jetpack_social_post_already_shared":false,"jetpack_social_options":{"image_generator_settings":{"template":"highway","default_image_id":0,"font":"","enabled":false},"version":2}},"categories":[19],"tags":[],"class_list":["post-48920","post","type-post","status-publish","format-standard","has-post-thumbnail","hentry","category-educacion"],"aioseo_notices":[],"views":10,"jetpack_publicize_connections":[],"jetpack_featured_media_url":"https:\/\/i0.wp.com\/elterritorialweb.com.ar\/web\/wp-content\/uploads\/2023\/02\/IMG-20230209-WA0022.jpg?fit=1220%2C639&ssl=1","jetpack_sharing_enabled":true,"_links":{"self":[{"href":"https:\/\/elterritorialweb.com.ar\/web\/wp-json\/wp\/v2\/posts\/48920","targetHints":{"allow":["GET"]}}],"collection":[{"href":"https:\/\/elterritorialweb.com.ar\/web\/wp-json\/wp\/v2\/posts"}],"about":[{"href":"https:\/\/elterritorialweb.com.ar\/web\/wp-json\/wp\/v2\/types\/post"}],"author":[{"embeddable":true,"href":"https:\/\/elterritorialweb.com.ar\/web\/wp-json\/wp\/v2\/users\/2"}],"replies":[{"embeddable":true,"href":"https:\/\/elterritorialweb.com.ar\/web\/wp-json\/wp\/v2\/comments?post=48920"}],"version-history":[{"count":1,"href":"https:\/\/elterritorialweb.com.ar\/web\/wp-json\/wp\/v2\/posts\/48920\/revisions"}],"predecessor-version":[{"id":48922,"href":"https:\/\/elterritorialweb.com.ar\/web\/wp-json\/wp\/v2\/posts\/48920\/revisions\/48922"}],"wp:featuredmedia":[{"embeddable":true,"href":"https:\/\/elterritorialweb.com.ar\/web\/wp-json\/wp\/v2\/media\/48921"}],"wp:attachment":[{"href":"https:\/\/elterritorialweb.com.ar\/web\/wp-json\/wp\/v2\/media?parent=48920"}],"wp:term":[{"taxonomy":"category","embeddable":true,"href":"https:\/\/elterritorialweb.com.ar\/web\/wp-json\/wp\/v2\/categories?post=48920"},{"taxonomy":"post_tag","embeddable":true,"href":"https:\/\/elterritorialweb.com.ar\/web\/wp-json\/wp\/v2\/tags?post=48920"}],"curies":[{"name":"wp","href":"https:\/\/api.w.org\/{rel}","templated":true}]}}