{"id":48927,"date":"2023-02-10T03:01:19","date_gmt":"2023-02-10T03:01:19","guid":{"rendered":"http:\/\/elterritorialweb.com.ar\/web\/?p=48927"},"modified":"2023-02-10T15:01:59","modified_gmt":"2023-02-10T15:01:59","slug":"zamora-recibio-al-embajador-de-alemania","status":"publish","type":"post","link":"https:\/\/elterritorialweb.com.ar\/web\/zamora-recibio-al-embajador-de-alemania\/","title":{"rendered":"ZAMORA RECIBI\u00d3 AL EMBAJADOR DE ALEMANIA"},"content":{"rendered":"\n<p>Del encuentro participaron tambi\u00e9n, la intendenta de la Capital, Norma Fuentes; el jefe de Gabinete, El\u00edas Su\u00e1rez; los ministros de Gobierno, Marcelo Barbur; de Justicia, Matilde O\u2019Mill; de Producci\u00f3n, Miguel Mandrille; de Obras P\u00fablicas, Aldo Hid; de Educaci\u00f3n, Mariela Nassif, y de Desarrollo Social, \u00c1ngel Niccolai. Adem\u00e1s de la secretaria de Trabajo, Julia Com\u00e1n, y el subsecretario de Salud, Cesar Monti.<br>En la oportunidad, Zamora entreg\u00f3 el decreto mediante el cual se lo declar\u00f3 hu\u00e9sped de honor de la provincia al embajador, adem\u00e1s hubo un intercambio de presentes.<\/p>\n\n\n\n<figure class=\"wp-block-image size-large\"><a href=\"https:\/\/i0.wp.com\/elterritorialweb.com.ar\/web\/wp-content\/uploads\/2023\/02\/IMG-20230209-WA0040.jpg\"><img data-recalc-dims=\"1\" decoding=\"async\" width=\"640\" height=\"382\" data-src=\"https:\/\/i0.wp.com\/elterritorialweb.com.ar\/web\/wp-content\/uploads\/2023\/02\/IMG-20230209-WA0040.jpg?resize=640%2C382\" alt=\"\" class=\"wp-image-48929 lazyload\" data-srcset=\"https:\/\/i0.wp.com\/elterritorialweb.com.ar\/web\/wp-content\/uploads\/2023\/02\/IMG-20230209-WA0040.jpg?resize=1024%2C611&amp;ssl=1 1024w, https:\/\/i0.wp.com\/elterritorialweb.com.ar\/web\/wp-content\/uploads\/2023\/02\/IMG-20230209-WA0040.jpg?resize=300%2C179&amp;ssl=1 300w, https:\/\/i0.wp.com\/elterritorialweb.com.ar\/web\/wp-content\/uploads\/2023\/02\/IMG-20230209-WA0040.jpg?resize=768%2C458&amp;ssl=1 768w, https:\/\/i0.wp.com\/elterritorialweb.com.ar\/web\/wp-content\/uploads\/2023\/02\/IMG-20230209-WA0040.jpg?resize=1536%2C916&amp;ssl=1 1536w, https:\/\/i0.wp.com\/elterritorialweb.com.ar\/web\/wp-content\/uploads\/2023\/02\/IMG-20230209-WA0040.jpg?w=1600&amp;ssl=1 1600w, https:\/\/i0.wp.com\/elterritorialweb.com.ar\/web\/wp-content\/uploads\/2023\/02\/IMG-20230209-WA0040.jpg?w=1280 1280w\" data-sizes=\"(max-width: 640px) 100vw, 640px\" src=\"data:image\/svg+xml;base64,PHN2ZyB3aWR0aD0iMSIgaGVpZ2h0PSIxIiB4bWxucz0iaHR0cDovL3d3dy53My5vcmcvMjAwMC9zdmciPjwvc3ZnPg==\" style=\"--smush-placeholder-width: 640px; --smush-placeholder-aspect-ratio: 640\/382;\" \/><\/a><\/figure>\n\n\n\n<p>En este marco, el mandatario provincial manifest\u00f3: \u00abEs un honor recibirlos y contarles que somos una de las provincias que m\u00e1s ha crecido poblacionalmente en los \u00faltimos a\u00f1os, de acuerdo al \u00faltimo censo\u00bb.<br>\u00abEsto -agreg\u00f3- significa revertir un proceso migratorio que siempre existi\u00f3 en provincias como las nuestras\u00bb.<\/p>\n","protected":false},"excerpt":{"rendered":"<p>El gobernador Gerardo Zamora recibi\u00f3 este jueves por la tarde en el Sal\u00f3n de Acuerdos de Casa de Gobierno, la visita del embajador de la Rep\u00fablica Federal de Alemania, Dr. Ulrich Sante, quien lleg\u00f3 acompa\u00f1ado de su esposa, Cristina Sante, y el c\u00f3nsul honorario de Alemania en la regi\u00f3n, Ing. Germ\u00e1n Gottger.<\/p>\n","protected":false},"author":2,"featured_media":48928,"comment_status":"open","ping_status":"open","sticky":false,"template":"","format":"standard","meta":{"om_disable_all_campaigns":false,"_monsterinsights_skip_tracking":false,"_monsterinsights_sitenote_active":false,"_monsterinsights_sitenote_note":"","_monsterinsights_sitenote_category":0,"_uf_show_specific_survey":0,"_uf_disable_surveys":false,"jetpack_post_was_ever_published":false,"_jetpack_newsletter_access":"","_jetpack_dont_email_post_to_subs":false,"_jetpack_newsletter_tier_id":0,"_jetpack_memberships_contains_paywalled_content":false,"_jetpack_memberships_contains_paid_content":false,"footnotes":"","jetpack_publicize_message":"","jetpack_publicize_feature_enabled":true,"jetpack_social_post_already_shared":false,"jetpack_social_options":{"image_generator_settings":{"template":"highway","default_image_id":0,"font":"","enabled":false},"version":2}},"categories":[21],"tags":[],"class_list":["post-48927","post","type-post","status-publish","format-standard","has-post-thumbnail","hentry","category-locales"],"aioseo_notices":[],"views":9,"jetpack_publicize_connections":[],"jetpack_featured_media_url":"https:\/\/i0.wp.com\/elterritorialweb.com.ar\/web\/wp-content\/uploads\/2023\/02\/IMG-20230209-WA0041.jpg?fit=1600%2C1067&ssl=1","jetpack_sharing_enabled":true,"_links":{"self":[{"href":"https:\/\/elterritorialweb.com.ar\/web\/wp-json\/wp\/v2\/posts\/48927","targetHints":{"allow":["GET"]}}],"collection":[{"href":"https:\/\/elterritorialweb.com.ar\/web\/wp-json\/wp\/v2\/posts"}],"about":[{"href":"https:\/\/elterritorialweb.com.ar\/web\/wp-json\/wp\/v2\/types\/post"}],"author":[{"embeddable":true,"href":"https:\/\/elterritorialweb.com.ar\/web\/wp-json\/wp\/v2\/users\/2"}],"replies":[{"embeddable":true,"href":"https:\/\/elterritorialweb.com.ar\/web\/wp-json\/wp\/v2\/comments?post=48927"}],"version-history":[{"count":2,"href":"https:\/\/elterritorialweb.com.ar\/web\/wp-json\/wp\/v2\/posts\/48927\/revisions"}],"predecessor-version":[{"id":48931,"href":"https:\/\/elterritorialweb.com.ar\/web\/wp-json\/wp\/v2\/posts\/48927\/revisions\/48931"}],"wp:featuredmedia":[{"embeddable":true,"href":"https:\/\/elterritorialweb.com.ar\/web\/wp-json\/wp\/v2\/media\/48928"}],"wp:attachment":[{"href":"https:\/\/elterritorialweb.com.ar\/web\/wp-json\/wp\/v2\/media?parent=48927"}],"wp:term":[{"taxonomy":"category","embeddable":true,"href":"https:\/\/elterritorialweb.com.ar\/web\/wp-json\/wp\/v2\/categories?post=48927"},{"taxonomy":"post_tag","embeddable":true,"href":"https:\/\/elterritorialweb.com.ar\/web\/wp-json\/wp\/v2\/tags?post=48927"}],"curies":[{"name":"wp","href":"https:\/\/api.w.org\/{rel}","templated":true}]}}