{"id":48932,"date":"2023-02-10T12:02:19","date_gmt":"2023-02-10T12:02:19","guid":{"rendered":"http:\/\/elterritorialweb.com.ar\/web\/?p=48932"},"modified":"2023-02-10T12:02:20","modified_gmt":"2023-02-10T12:02:20","slug":"ana-no-duerme-la-version-de-sergio-perez-junto-a-manuel-wirzt-y-condor-sbarbati","status":"publish","type":"post","link":"https:\/\/elterritorialweb.com.ar\/web\/ana-no-duerme-la-version-de-sergio-perez-junto-a-manuel-wirzt-y-condor-sbarbati\/","title":{"rendered":"\u00abANA NO DUERME\u00bb, LA VERSI\u00d3N DE SERGIO P\u00c9REZ JUNTO A MANUEL WIRZT Y \u00abC\u00d3NDOR\u00bb SBARBATI"},"content":{"rendered":"\n<p>Al recordar el fallecimiento de Luis Alberto \u00abEl Flaco\u00bb Spinetta; el pasado 8 de febrero (2012), la versi\u00f3n del tema editado en 1969 trae al presente la obra del eximio artista.<\/p>\n\n\n\n<p>El tema lleg\u00f3 a las 30 mil reproducciones en YouTube, y es otro de los grandes proyectos del reconocido guitarrista que trabaj\u00f3 con Carlos Baute, Chayanne, Ricardo Montaner, Natalia Oreiro, Jorge Rojas, Marcela Morello, Am\u00e9rico, entre otros.<\/p>\n\n\n\n<p>Adem\u00e1s de los invitados en la voz, c\u00f3mo Manuel y el C\u00f3ndor, participaron Dani Avila en Bater\u00eda, Esteban Freytes en bajo, y Marcelo Nu\u00f1ez en teclados.<\/p>\n\n\n\n<p>La versi\u00f3n se puede escuchar en la cuenta: https:\/\/www.youtube.com\/watch?v=AYgYuZ3e5DQ.<\/p>\n\n\n\n<div class=\"wp-block-group has-global-padding is-layout-constrained wp-block-group-is-layout-constrained\"><\/div>\n","protected":false},"excerpt":{"rendered":"<p>El m\u00fasico, arreglador y productor<br \/>\nart\u00edstico Sergio P\u00e9rez hizo la versi\u00f3n de \u00abAna no duerme\u00bb, junto a los cantantes Manuel Wirzt y C\u00f3ndor Sbarbati (Bersuit Vergarabat).<\/p>\n","protected":false},"author":2,"featured_media":48933,"comment_status":"open","ping_status":"open","sticky":false,"template":"","format":"standard","meta":{"om_disable_all_campaigns":false,"_monsterinsights_skip_tracking":false,"_monsterinsights_sitenote_active":false,"_monsterinsights_sitenote_note":"","_monsterinsights_sitenote_category":0,"_uf_show_specific_survey":0,"_uf_disable_surveys":false,"jetpack_post_was_ever_published":false,"_jetpack_newsletter_access":"","_jetpack_dont_email_post_to_subs":false,"_jetpack_newsletter_tier_id":0,"_jetpack_memberships_contains_paywalled_content":false,"_jetpack_memberships_contains_paid_content":false,"footnotes":"","jetpack_publicize_message":"","jetpack_publicize_feature_enabled":true,"jetpack_social_post_already_shared":false,"jetpack_social_options":{"image_generator_settings":{"template":"highway","default_image_id":0,"font":"","enabled":false},"version":2}},"categories":[20],"tags":[],"class_list":["post-48932","post","type-post","status-publish","format-standard","has-post-thumbnail","hentry","category-especysociales"],"aioseo_notices":[],"views":26,"jetpack_publicize_connections":[],"jetpack_featured_media_url":"https:\/\/i0.wp.com\/elterritorialweb.com.ar\/web\/wp-content\/uploads\/2023\/02\/IMG-20230209-WA0039.jpg?fit=1064%2C708&ssl=1","jetpack_sharing_enabled":true,"_links":{"self":[{"href":"https:\/\/elterritorialweb.com.ar\/web\/wp-json\/wp\/v2\/posts\/48932","targetHints":{"allow":["GET"]}}],"collection":[{"href":"https:\/\/elterritorialweb.com.ar\/web\/wp-json\/wp\/v2\/posts"}],"about":[{"href":"https:\/\/elterritorialweb.com.ar\/web\/wp-json\/wp\/v2\/types\/post"}],"author":[{"embeddable":true,"href":"https:\/\/elterritorialweb.com.ar\/web\/wp-json\/wp\/v2\/users\/2"}],"replies":[{"embeddable":true,"href":"https:\/\/elterritorialweb.com.ar\/web\/wp-json\/wp\/v2\/comments?post=48932"}],"version-history":[{"count":1,"href":"https:\/\/elterritorialweb.com.ar\/web\/wp-json\/wp\/v2\/posts\/48932\/revisions"}],"predecessor-version":[{"id":48934,"href":"https:\/\/elterritorialweb.com.ar\/web\/wp-json\/wp\/v2\/posts\/48932\/revisions\/48934"}],"wp:featuredmedia":[{"embeddable":true,"href":"https:\/\/elterritorialweb.com.ar\/web\/wp-json\/wp\/v2\/media\/48933"}],"wp:attachment":[{"href":"https:\/\/elterritorialweb.com.ar\/web\/wp-json\/wp\/v2\/media?parent=48932"}],"wp:term":[{"taxonomy":"category","embeddable":true,"href":"https:\/\/elterritorialweb.com.ar\/web\/wp-json\/wp\/v2\/categories?post=48932"},{"taxonomy":"post_tag","embeddable":true,"href":"https:\/\/elterritorialweb.com.ar\/web\/wp-json\/wp\/v2\/tags?post=48932"}],"curies":[{"name":"wp","href":"https:\/\/api.w.org\/{rel}","templated":true}]}}