{"id":48943,"date":"2023-02-10T15:45:12","date_gmt":"2023-02-10T15:45:12","guid":{"rendered":"http:\/\/elterritorialweb.com.ar\/web\/?p=48943"},"modified":"2023-02-10T15:45:13","modified_gmt":"2023-02-10T15:45:13","slug":"santiago-es-tu-rio-variada-propuesta-para-la-participacion-de-las-familias","status":"publish","type":"post","link":"https:\/\/elterritorialweb.com.ar\/web\/santiago-es-tu-rio-variada-propuesta-para-la-participacion-de-las-familias\/","title":{"rendered":"SANTIAGO ES TU R\u00cdO: VARIADA PROPUESTA PARA LA PARTICIPACI\u00d3N DE LAS FAMILIAS"},"content":{"rendered":"\n<p>Desde el viernes 10 hasta el domingo 12, a partir de las 19, las actividades libres y gratuitas contar\u00e1n con la presentaci\u00f3n de destacados artistas locales: el viernes subir\u00e1n al escenario Nataly Jugo y La Pesada Santiague\u00f1a; el s\u00e1bado, lo har\u00e1n Marcos Barrionuevo y Estela R\u00edos; el domingo, en tanto, se presentar\u00e1n La Mistik y Nico Rodr\u00edguez.<\/p>\n\n\n\n<p>Tambi\u00e9n se sumar\u00e1 la Profesora Carla D\u00edaz, quien dictar\u00e1 clases de danza afro durante los tres d\u00edas, a partir de las 21. Adem\u00e1s, habr\u00e1 clases de lenguaje de se\u00f1as.<\/p>\n\n\n\n<p>Asimismo, el viernes se realizar\u00e1 una marcha aer\u00f3bica inclusiva, que partir\u00e1 desde el predio a las 19.30 y convocar\u00e1 a familias de personas con discapacidad y numerosas organizaciones sociales, instituciones deportivas, entre otras.<\/p>\n\n\n\n<p>A estas m\u00faltiples iniciativas se suman las ferias de emprendedores y artesanos, los juegos interactivos y de realidad virtual para ni\u00f1os, los puestos de eco canje y reciclado y las clases de zumba y folclore, entre otras.<\/p>\n","protected":false},"excerpt":{"rendered":"<p>La Municipalidad de la Capital organizar\u00e1 este segundo fin de semana de febrero una amplia propuesta recreativa, cultural, deportiva y de entretenimiento para que las familias, amigos y turistas puedan participar en el predio de Santiago es tu R\u00edo.<\/p>\n","protected":false},"author":2,"featured_media":48944,"comment_status":"open","ping_status":"open","sticky":false,"template":"","format":"standard","meta":{"om_disable_all_campaigns":false,"_monsterinsights_skip_tracking":false,"_monsterinsights_sitenote_active":false,"_monsterinsights_sitenote_note":"","_monsterinsights_sitenote_category":0,"_uf_show_specific_survey":0,"_uf_disable_surveys":false,"jetpack_post_was_ever_published":false,"_jetpack_newsletter_access":"","_jetpack_dont_email_post_to_subs":false,"_jetpack_newsletter_tier_id":0,"_jetpack_memberships_contains_paywalled_content":false,"_jetpack_memberships_contains_paid_content":false,"footnotes":"","jetpack_publicize_message":"","jetpack_publicize_feature_enabled":true,"jetpack_social_post_already_shared":false,"jetpack_social_options":{"image_generator_settings":{"template":"highway","default_image_id":0,"font":"","enabled":false},"version":2}},"categories":[21],"tags":[],"class_list":["post-48943","post","type-post","status-publish","format-standard","has-post-thumbnail","hentry","category-locales"],"aioseo_notices":[],"views":7,"jetpack_publicize_connections":[],"jetpack_featured_media_url":"https:\/\/i0.wp.com\/elterritorialweb.com.ar\/web\/wp-content\/uploads\/2023\/02\/tu-rio-10.jpeg?fit=1280%2C720&ssl=1","jetpack_sharing_enabled":true,"_links":{"self":[{"href":"https:\/\/elterritorialweb.com.ar\/web\/wp-json\/wp\/v2\/posts\/48943","targetHints":{"allow":["GET"]}}],"collection":[{"href":"https:\/\/elterritorialweb.com.ar\/web\/wp-json\/wp\/v2\/posts"}],"about":[{"href":"https:\/\/elterritorialweb.com.ar\/web\/wp-json\/wp\/v2\/types\/post"}],"author":[{"embeddable":true,"href":"https:\/\/elterritorialweb.com.ar\/web\/wp-json\/wp\/v2\/users\/2"}],"replies":[{"embeddable":true,"href":"https:\/\/elterritorialweb.com.ar\/web\/wp-json\/wp\/v2\/comments?post=48943"}],"version-history":[{"count":1,"href":"https:\/\/elterritorialweb.com.ar\/web\/wp-json\/wp\/v2\/posts\/48943\/revisions"}],"predecessor-version":[{"id":48945,"href":"https:\/\/elterritorialweb.com.ar\/web\/wp-json\/wp\/v2\/posts\/48943\/revisions\/48945"}],"wp:featuredmedia":[{"embeddable":true,"href":"https:\/\/elterritorialweb.com.ar\/web\/wp-json\/wp\/v2\/media\/48944"}],"wp:attachment":[{"href":"https:\/\/elterritorialweb.com.ar\/web\/wp-json\/wp\/v2\/media?parent=48943"}],"wp:term":[{"taxonomy":"category","embeddable":true,"href":"https:\/\/elterritorialweb.com.ar\/web\/wp-json\/wp\/v2\/categories?post=48943"},{"taxonomy":"post_tag","embeddable":true,"href":"https:\/\/elterritorialweb.com.ar\/web\/wp-json\/wp\/v2\/tags?post=48943"}],"curies":[{"name":"wp","href":"https:\/\/api.w.org\/{rel}","templated":true}]}}