{"id":48946,"date":"2023-02-10T18:23:30","date_gmt":"2023-02-10T18:23:30","guid":{"rendered":"http:\/\/elterritorialweb.com.ar\/web\/?p=48946"},"modified":"2023-02-10T18:23:30","modified_gmt":"2023-02-10T18:23:30","slug":"recaban-mas-informacion-para-mediaciones-en-asuntos-de-familia","status":"publish","type":"post","link":"https:\/\/elterritorialweb.com.ar\/web\/recaban-mas-informacion-para-mediaciones-en-asuntos-de-familia\/","title":{"rendered":"RECABAN M\u00c1S INFORMACI\u00d3N PARA MEDIACIONES EN ASUNTOS DE FAMILIA"},"content":{"rendered":"\n<p>Las autoridades del Centro de Medios Alternativos para la Resoluci\u00f3n de Conflictos (CEMARC), instrument\u00f3 un cuestionario anexo al Formulario 1, con el que se efect\u00faa el pedido de mediaci\u00f3n familiar, para tener acceso a informaci\u00f3n de inter\u00e9s cuando se aplica esta herramienta prejudicial.<\/p>\n\n\n\n<p>En ese sentido, lo que se procura es determinar si corresponde utilizar esta metodolog\u00eda o no, en funci\u00f3n de la existencia de una denuncia o un expediente en el que se encuentren involucrados el o la solicitante, el o la requerido\/a o un menor de edad.<\/p>\n\n\n\n<p>Para ello, las partes deben informar si existe, previo a la solicitud de mediaci\u00f3n familiar, denuncia o expediente que se est\u00e9 tramitando en la Justicia provincial por cuestiones atinentes al pedido de intervenci\u00f3n del CEMARC.<\/p>\n\n\n\n<p>En ese caso, se debe acompa\u00f1ar copia de la denuncia y de la medida judicial que se hubiera dictado, puntualizando a qu\u00e9 expediente corresponde.<\/p>\n\n\n\n<p>De esta manera, se buscar dar un adecuado enfoque a cada uno de los casos, en particular en aquellos en los que existen episodios de violencia intrafamiliar.<\/p>\n\n\n\n<p>Asimismo, se debe indicar el v\u00ednculo entre el requirente y el requerido, a &nbsp;los fines de establecer si est\u00e1n legitimados para tomar intervenci\u00f3n en la mediaci\u00f3n peticionada, seg\u00fan lo define la reglamentaci\u00f3n del Plan Piloto.<\/p>\n\n\n\n<p>Cabe destacar que las respuestas consignadas en el Anexo incorporado al Formulario 1, tienen car\u00e1cter de declaraci\u00f3n jurada.<\/p>\n\n\n\n<p>Los casos contemplados en el Plan Piloto de Mediaci\u00f3n en asuntos de familia son los reg\u00edmenes de comunicaci\u00f3n, alimentos y cuidado personal de ni\u00f1os, ni\u00f1as y adolescentes.<\/p>\n\n\n\n<p>Desde hace m\u00e1s de una d\u00e9cada, se aplica con \u00e9xito esta modalidad para solucionar litigios en los temas enunciados, con la premisa de que los involucrados alcancen acuerdos consensuados, para lo cual act\u00faa un mediador que colabora para lograr ese objetivo mediante su intervenci\u00f3n profesional.<\/p>\n","protected":false},"excerpt":{"rendered":"<p>La medida apunta a optimizar el servicio y detectar si existen denuncias de violencia familiar, que involucren a las partes que requieren la mediaci\u00f3n<\/p>\n","protected":false},"author":2,"featured_media":48947,"comment_status":"open","ping_status":"open","sticky":false,"template":"","format":"standard","meta":{"om_disable_all_campaigns":false,"_monsterinsights_skip_tracking":false,"_monsterinsights_sitenote_active":false,"_monsterinsights_sitenote_note":"","_monsterinsights_sitenote_category":0,"_uf_show_specific_survey":0,"_uf_disable_surveys":false,"jetpack_post_was_ever_published":false,"_jetpack_newsletter_access":"","_jetpack_dont_email_post_to_subs":false,"_jetpack_newsletter_tier_id":0,"_jetpack_memberships_contains_paywalled_content":false,"_jetpack_memberships_contains_paid_content":false,"footnotes":"","jetpack_publicize_message":"","jetpack_publicize_feature_enabled":true,"jetpack_social_post_already_shared":false,"jetpack_social_options":{"image_generator_settings":{"template":"highway","default_image_id":0,"font":"","enabled":false},"version":2}},"categories":[21],"tags":[],"class_list":["post-48946","post","type-post","status-publish","format-standard","has-post-thumbnail","hentry","category-locales"],"aioseo_notices":[],"views":7,"jetpack_publicize_connections":[],"jetpack_featured_media_url":"https:\/\/i0.wp.com\/elterritorialweb.com.ar\/web\/wp-content\/uploads\/2023\/02\/MEIDA-scaled.jpg?fit=2560%2C1707&ssl=1","jetpack_sharing_enabled":true,"_links":{"self":[{"href":"https:\/\/elterritorialweb.com.ar\/web\/wp-json\/wp\/v2\/posts\/48946","targetHints":{"allow":["GET"]}}],"collection":[{"href":"https:\/\/elterritorialweb.com.ar\/web\/wp-json\/wp\/v2\/posts"}],"about":[{"href":"https:\/\/elterritorialweb.com.ar\/web\/wp-json\/wp\/v2\/types\/post"}],"author":[{"embeddable":true,"href":"https:\/\/elterritorialweb.com.ar\/web\/wp-json\/wp\/v2\/users\/2"}],"replies":[{"embeddable":true,"href":"https:\/\/elterritorialweb.com.ar\/web\/wp-json\/wp\/v2\/comments?post=48946"}],"version-history":[{"count":1,"href":"https:\/\/elterritorialweb.com.ar\/web\/wp-json\/wp\/v2\/posts\/48946\/revisions"}],"predecessor-version":[{"id":48948,"href":"https:\/\/elterritorialweb.com.ar\/web\/wp-json\/wp\/v2\/posts\/48946\/revisions\/48948"}],"wp:featuredmedia":[{"embeddable":true,"href":"https:\/\/elterritorialweb.com.ar\/web\/wp-json\/wp\/v2\/media\/48947"}],"wp:attachment":[{"href":"https:\/\/elterritorialweb.com.ar\/web\/wp-json\/wp\/v2\/media?parent=48946"}],"wp:term":[{"taxonomy":"category","embeddable":true,"href":"https:\/\/elterritorialweb.com.ar\/web\/wp-json\/wp\/v2\/categories?post=48946"},{"taxonomy":"post_tag","embeddable":true,"href":"https:\/\/elterritorialweb.com.ar\/web\/wp-json\/wp\/v2\/tags?post=48946"}],"curies":[{"name":"wp","href":"https:\/\/api.w.org\/{rel}","templated":true}]}}