{"id":48953,"date":"2023-02-10T18:38:14","date_gmt":"2023-02-10T18:38:14","guid":{"rendered":"http:\/\/elterritorialweb.com.ar\/web\/?p=48953"},"modified":"2023-02-10T18:38:14","modified_gmt":"2023-02-10T18:38:14","slug":"zamora-destaco-la-consolidacion-del-federalismo-en-una-nueva-reunion-de-bajos-submeridionales-en-chaco","status":"publish","type":"post","link":"https:\/\/elterritorialweb.com.ar\/web\/zamora-destaco-la-consolidacion-del-federalismo-en-una-nueva-reunion-de-bajos-submeridionales-en-chaco\/","title":{"rendered":"ZAMOR\u00c1 DESTAC\u00d3 LA CONSOLIDACI\u00d3N DEL FEDERALISMO EN UNA NUEVA REUNI\u00d3N DE BAJOS SUBMERIDIONALES EN CHACO"},"content":{"rendered":"\n<p>En este encuentro se ratific\u00f3 el avance de las gestiones para la ejecuci\u00f3n de obras programadas en el plan estrat\u00e9gico para 8 millones de hect\u00e1reas, entre las que se destacan un proyecto hidrovial entre Santiago y Santa Fe, cuya licitaci\u00f3n est\u00e1 prevista para los pr\u00f3ximos d\u00edas.<br>Adem\u00e1s, se firm\u00f3 un convenio para solicitar a una consultora un estudio de factibilidad de obras para la zona que comparten Chaco y Santa Fe, para el manejo estrat\u00e9gico y sostenible del agua con fines productivos y prevenir contingencias estacionales, tomando en cuenta el impacto ambiental y el financiamiento necesario.<\/p>\n\n\n\n<figure class=\"wp-block-image size-large\"><a href=\"https:\/\/i0.wp.com\/elterritorialweb.com.ar\/web\/wp-content\/uploads\/2023\/02\/WhatsApp-Image-2023-02-10-at-17.21.37.jpeg\"><img data-recalc-dims=\"1\" decoding=\"async\" width=\"640\" height=\"426\" data-src=\"https:\/\/i0.wp.com\/elterritorialweb.com.ar\/web\/wp-content\/uploads\/2023\/02\/WhatsApp-Image-2023-02-10-at-17.21.37.jpeg?resize=640%2C426\" alt=\"\" class=\"wp-image-48957 lazyload\" data-srcset=\"https:\/\/i0.wp.com\/elterritorialweb.com.ar\/web\/wp-content\/uploads\/2023\/02\/WhatsApp-Image-2023-02-10-at-17.21.37.jpeg?resize=1024%2C682&amp;ssl=1 1024w, https:\/\/i0.wp.com\/elterritorialweb.com.ar\/web\/wp-content\/uploads\/2023\/02\/WhatsApp-Image-2023-02-10-at-17.21.37.jpeg?resize=300%2C200&amp;ssl=1 300w, https:\/\/i0.wp.com\/elterritorialweb.com.ar\/web\/wp-content\/uploads\/2023\/02\/WhatsApp-Image-2023-02-10-at-17.21.37.jpeg?resize=768%2C512&amp;ssl=1 768w, https:\/\/i0.wp.com\/elterritorialweb.com.ar\/web\/wp-content\/uploads\/2023\/02\/WhatsApp-Image-2023-02-10-at-17.21.37.jpeg?w=1280&amp;ssl=1 1280w\" data-sizes=\"(max-width: 640px) 100vw, 640px\" src=\"data:image\/svg+xml;base64,PHN2ZyB3aWR0aD0iMSIgaGVpZ2h0PSIxIiB4bWxucz0iaHR0cDovL3d3dy53My5vcmcvMjAwMC9zdmciPjwvc3ZnPg==\" style=\"--smush-placeholder-width: 640px; --smush-placeholder-aspect-ratio: 640\/426;\" \/><\/a><\/figure>\n\n\n\n<p>El gobernador Zamora estuvo acompa\u00f1ado por el ministro de Obras P\u00fablicas, Aldo Hid; el secretario de esa cartera, Jorge Zua\u00edn, y el presidente de Recursos H\u00eddricos, Ra\u00fal Montero.<br>Durante la reuni\u00f3n, el mandatario destac\u00f3 el compromiso de las tres provincias y de la Naci\u00f3n para garantizar la continuidad de este espacio que busca el desarrollo y el manejo responsable de los recursos naturales.<\/p>\n\n\n\n<figure class=\"wp-block-image size-large\"><a href=\"https:\/\/i0.wp.com\/elterritorialweb.com.ar\/web\/wp-content\/uploads\/2023\/02\/WhatsApp-Image-2023-02-10-at-17.21.36.jpeg\"><img data-recalc-dims=\"1\" decoding=\"async\" width=\"640\" height=\"426\" data-src=\"https:\/\/i0.wp.com\/elterritorialweb.com.ar\/web\/wp-content\/uploads\/2023\/02\/WhatsApp-Image-2023-02-10-at-17.21.36.jpeg?resize=640%2C426\" alt=\"\" class=\"wp-image-48956 lazyload\" data-srcset=\"https:\/\/i0.wp.com\/elterritorialweb.com.ar\/web\/wp-content\/uploads\/2023\/02\/WhatsApp-Image-2023-02-10-at-17.21.36.jpeg?resize=1024%2C682&amp;ssl=1 1024w, https:\/\/i0.wp.com\/elterritorialweb.com.ar\/web\/wp-content\/uploads\/2023\/02\/WhatsApp-Image-2023-02-10-at-17.21.36.jpeg?resize=300%2C200&amp;ssl=1 300w, https:\/\/i0.wp.com\/elterritorialweb.com.ar\/web\/wp-content\/uploads\/2023\/02\/WhatsApp-Image-2023-02-10-at-17.21.36.jpeg?resize=768%2C512&amp;ssl=1 768w, https:\/\/i0.wp.com\/elterritorialweb.com.ar\/web\/wp-content\/uploads\/2023\/02\/WhatsApp-Image-2023-02-10-at-17.21.36.jpeg?w=1280&amp;ssl=1 1280w\" data-sizes=\"(max-width: 640px) 100vw, 640px\" src=\"data:image\/svg+xml;base64,PHN2ZyB3aWR0aD0iMSIgaGVpZ2h0PSIxIiB4bWxucz0iaHR0cDovL3d3dy53My5vcmcvMjAwMC9zdmciPjwvc3ZnPg==\" style=\"--smush-placeholder-width: 640px; --smush-placeholder-aspect-ratio: 640\/426;\" \/><\/a><\/figure>\n\n\n\n<p>Consider\u00f3 que, al igual que las provincias integrantes del Norte Grande, \u00abcon este trabajo conjunto se est\u00e1 consolidando la responsabilidad que tenemos con el federalismo\u00bb.<br>En ese sentido valor\u00f3 el acompa\u00f1amiento de la Naci\u00f3n para ejecutar proyectos que permitan poner fin a problemas hist\u00f3ricos y aprovechar el potencial de una zona extensa compartida por las tres provincias, con una mirada al futuro, que trasciende las gestiones de gobierno.<\/p>\n\n\n\n<figure class=\"wp-block-image size-large\"><a href=\"https:\/\/i0.wp.com\/elterritorialweb.com.ar\/web\/wp-content\/uploads\/2023\/02\/WhatsApp-Image-2023-02-10-at-17.21.36-1.jpeg\"><img data-recalc-dims=\"1\" decoding=\"async\" width=\"640\" height=\"426\" data-src=\"https:\/\/i0.wp.com\/elterritorialweb.com.ar\/web\/wp-content\/uploads\/2023\/02\/WhatsApp-Image-2023-02-10-at-17.21.36-1.jpeg?resize=640%2C426\" alt=\"\" class=\"wp-image-48955 lazyload\" data-srcset=\"https:\/\/i0.wp.com\/elterritorialweb.com.ar\/web\/wp-content\/uploads\/2023\/02\/WhatsApp-Image-2023-02-10-at-17.21.36-1.jpeg?resize=1024%2C682&amp;ssl=1 1024w, https:\/\/i0.wp.com\/elterritorialweb.com.ar\/web\/wp-content\/uploads\/2023\/02\/WhatsApp-Image-2023-02-10-at-17.21.36-1.jpeg?resize=300%2C200&amp;ssl=1 300w, https:\/\/i0.wp.com\/elterritorialweb.com.ar\/web\/wp-content\/uploads\/2023\/02\/WhatsApp-Image-2023-02-10-at-17.21.36-1.jpeg?resize=768%2C512&amp;ssl=1 768w, https:\/\/i0.wp.com\/elterritorialweb.com.ar\/web\/wp-content\/uploads\/2023\/02\/WhatsApp-Image-2023-02-10-at-17.21.36-1.jpeg?w=1280&amp;ssl=1 1280w\" data-sizes=\"(max-width: 640px) 100vw, 640px\" src=\"data:image\/svg+xml;base64,PHN2ZyB3aWR0aD0iMSIgaGVpZ2h0PSIxIiB4bWxucz0iaHR0cDovL3d3dy53My5vcmcvMjAwMC9zdmciPjwvc3ZnPg==\" style=\"--smush-placeholder-width: 640px; --smush-placeholder-aspect-ratio: 640\/426;\" \/><\/a><\/figure>\n\n\n\n<p>En un contacto con la prensa, Zamora se refiri\u00f3 al centralismo que perjudic\u00f3 hist\u00f3ricamente al interior argentino, a pesar de que son las provincias las que generan la producci\u00f3n que contribuye a la econom\u00eda del pa\u00eds.<br>\u201cQueremos que el pa\u00eds progrese, pero que lo haga equitativamente y creo que el trabajo que hemos realizado en los Bajos Submeridionales reafirma el federalismo. Por eso digo que no habr\u00e1 futuro en el pa\u00eds si no hay federalismo\u201d, concluy\u00f3.<\/p>\n\n\n\n<p><\/p>\n","protected":false},"excerpt":{"rendered":"<p>El gobernador Gerardo Zamora particip\u00f3 este viernes por la ma\u00f1ana en la ciudad de Resistencia, en la primera reuni\u00f3n del 2023 del Comit\u00e9 Interjurisdiccional de Bajos Submeridionales, junto con sus pares de Chaco, Jorge Capitanich, y Santa Fe, Omar Perotti. Tambi\u00e9n asistieron el ministro del Interior, Eduardo Wado De Pedro; el titular del Consejo Federal de Inversiones, Ignacio Lamothe, y el secretario de Obras P\u00fablicas de la Naci\u00f3n, Carlos Rodr\u00edguez.<\/p>\n","protected":false},"author":2,"featured_media":48954,"comment_status":"open","ping_status":"open","sticky":false,"template":"","format":"standard","meta":{"om_disable_all_campaigns":false,"_monsterinsights_skip_tracking":false,"_monsterinsights_sitenote_active":false,"_monsterinsights_sitenote_note":"","_monsterinsights_sitenote_category":0,"_uf_show_specific_survey":0,"_uf_disable_surveys":false,"jetpack_post_was_ever_published":false,"_jetpack_newsletter_access":"","_jetpack_dont_email_post_to_subs":false,"_jetpack_newsletter_tier_id":0,"_jetpack_memberships_contains_paywalled_content":false,"_jetpack_memberships_contains_paid_content":false,"footnotes":"","jetpack_publicize_message":"","jetpack_publicize_feature_enabled":true,"jetpack_social_post_already_shared":false,"jetpack_social_options":{"image_generator_settings":{"template":"highway","default_image_id":0,"font":"","enabled":false},"version":2}},"categories":[4,21],"tags":[],"class_list":["post-48953","post","type-post","status-publish","format-standard","has-post-thumbnail","hentry","category-destacadas","category-locales"],"aioseo_notices":[],"views":6,"jetpack_publicize_connections":[],"jetpack_featured_media_url":"https:\/\/i0.wp.com\/elterritorialweb.com.ar\/web\/wp-content\/uploads\/2023\/02\/WhatsApp-Image-2023-02-10-at-17.21.35.jpeg?fit=1280%2C853&ssl=1","jetpack_sharing_enabled":true,"_links":{"self":[{"href":"https:\/\/elterritorialweb.com.ar\/web\/wp-json\/wp\/v2\/posts\/48953","targetHints":{"allow":["GET"]}}],"collection":[{"href":"https:\/\/elterritorialweb.com.ar\/web\/wp-json\/wp\/v2\/posts"}],"about":[{"href":"https:\/\/elterritorialweb.com.ar\/web\/wp-json\/wp\/v2\/types\/post"}],"author":[{"embeddable":true,"href":"https:\/\/elterritorialweb.com.ar\/web\/wp-json\/wp\/v2\/users\/2"}],"replies":[{"embeddable":true,"href":"https:\/\/elterritorialweb.com.ar\/web\/wp-json\/wp\/v2\/comments?post=48953"}],"version-history":[{"count":1,"href":"https:\/\/elterritorialweb.com.ar\/web\/wp-json\/wp\/v2\/posts\/48953\/revisions"}],"predecessor-version":[{"id":48958,"href":"https:\/\/elterritorialweb.com.ar\/web\/wp-json\/wp\/v2\/posts\/48953\/revisions\/48958"}],"wp:featuredmedia":[{"embeddable":true,"href":"https:\/\/elterritorialweb.com.ar\/web\/wp-json\/wp\/v2\/media\/48954"}],"wp:attachment":[{"href":"https:\/\/elterritorialweb.com.ar\/web\/wp-json\/wp\/v2\/media?parent=48953"}],"wp:term":[{"taxonomy":"category","embeddable":true,"href":"https:\/\/elterritorialweb.com.ar\/web\/wp-json\/wp\/v2\/categories?post=48953"},{"taxonomy":"post_tag","embeddable":true,"href":"https:\/\/elterritorialweb.com.ar\/web\/wp-json\/wp\/v2\/tags?post=48953"}],"curies":[{"name":"wp","href":"https:\/\/api.w.org\/{rel}","templated":true}]}}