{"id":48959,"date":"2023-02-10T18:51:35","date_gmt":"2023-02-10T18:51:35","guid":{"rendered":"http:\/\/elterritorialweb.com.ar\/web\/?p=48959"},"modified":"2023-02-10T18:51:36","modified_gmt":"2023-02-10T18:51:36","slug":"la-ministra-omill-firmo-un-convenio-con-la-ucse","status":"publish","type":"post","link":"https:\/\/elterritorialweb.com.ar\/web\/la-ministra-omill-firmo-un-convenio-con-la-ucse\/","title":{"rendered":"LA MINISTRA O\u00b4MILL FIRM\u00d3 UN CONVENIO CON LA UCSE"},"content":{"rendered":"\n<p>La ministra de Justicia y Derechos Humanos de la provincia, Matilde O&#8217; Mill, junto con el rector de la Universidad Cat\u00f3lica de Santiago el Estero, Luis Eugenio Lucena, y la decana de la Facultad de Ciencias Pol\u00edticas, Sociales y Jur\u00eddicas, Liliana Abdala, firm\u00f3 este viernes un convenio marco y de cooperaci\u00f3n acad\u00e9mica y asistencia institucional del \u00abPrograma de Capacitaci\u00f3n en Conciliaci\u00f3n Laboral Obligatoria\u00bb. El acto se hizo en la Ucse, en el marco de una jornada de capacitaci\u00f3n sobre conciliaci\u00f3n laboral obligatoria con el objetivo de brindar una formaci\u00f3n b\u00e1sica y perfeccionamiento a profesionales del Derecho.<\/p>\n\n\n\n<figure class=\"wp-block-image size-large\"><a href=\"https:\/\/i0.wp.com\/elterritorialweb.com.ar\/web\/wp-content\/uploads\/2023\/02\/WhatsApp-Image-2023-02-10-at-17.32.45.jpeg\"><img data-recalc-dims=\"1\" decoding=\"async\" width=\"640\" height=\"402\" data-src=\"https:\/\/i0.wp.com\/elterritorialweb.com.ar\/web\/wp-content\/uploads\/2023\/02\/WhatsApp-Image-2023-02-10-at-17.32.45.jpeg?resize=640%2C402\" alt=\"\" class=\"wp-image-48960 lazyload\" data-srcset=\"https:\/\/i0.wp.com\/elterritorialweb.com.ar\/web\/wp-content\/uploads\/2023\/02\/WhatsApp-Image-2023-02-10-at-17.32.45.jpeg?resize=1024%2C643&amp;ssl=1 1024w, https:\/\/i0.wp.com\/elterritorialweb.com.ar\/web\/wp-content\/uploads\/2023\/02\/WhatsApp-Image-2023-02-10-at-17.32.45.jpeg?resize=300%2C188&amp;ssl=1 300w, https:\/\/i0.wp.com\/elterritorialweb.com.ar\/web\/wp-content\/uploads\/2023\/02\/WhatsApp-Image-2023-02-10-at-17.32.45.jpeg?resize=768%2C482&amp;ssl=1 768w, https:\/\/i0.wp.com\/elterritorialweb.com.ar\/web\/wp-content\/uploads\/2023\/02\/WhatsApp-Image-2023-02-10-at-17.32.45.jpeg?resize=1536%2C965&amp;ssl=1 1536w, https:\/\/i0.wp.com\/elterritorialweb.com.ar\/web\/wp-content\/uploads\/2023\/02\/WhatsApp-Image-2023-02-10-at-17.32.45.jpeg?resize=540%2C340&amp;ssl=1 540w, https:\/\/i0.wp.com\/elterritorialweb.com.ar\/web\/wp-content\/uploads\/2023\/02\/WhatsApp-Image-2023-02-10-at-17.32.45.jpeg?resize=400%2C250&amp;ssl=1 400w, https:\/\/i0.wp.com\/elterritorialweb.com.ar\/web\/wp-content\/uploads\/2023\/02\/WhatsApp-Image-2023-02-10-at-17.32.45.jpeg?w=1600&amp;ssl=1 1600w, https:\/\/i0.wp.com\/elterritorialweb.com.ar\/web\/wp-content\/uploads\/2023\/02\/WhatsApp-Image-2023-02-10-at-17.32.45.jpeg?w=1280 1280w\" data-sizes=\"(max-width: 640px) 100vw, 640px\" src=\"data:image\/svg+xml;base64,PHN2ZyB3aWR0aD0iMSIgaGVpZ2h0PSIxIiB4bWxucz0iaHR0cDovL3d3dy53My5vcmcvMjAwMC9zdmciPjwvc3ZnPg==\" style=\"--smush-placeholder-width: 640px; --smush-placeholder-aspect-ratio: 640\/402;\" \/><\/a><\/figure>\n\n\n\n<p>Seg\u00fan explicaron, este ciclo de capacitaci\u00f3n es el producto de un protocolo espec\u00edfico suscripto entre la Facultad de Ciencias Pol\u00edticas, Sociales y Jur\u00eddicas y el Ministerio de Justicia y Derechos Humanos, el cual est\u00e1 destinado a personal de las agencias de conflictos laborales; personal de los ministerios de Trabajo que participan en la prevenci\u00f3n y resoluci\u00f3n de conflictos; representantes de los empleadores y de los trabajadores, profesionales de las relaciones laborales; abogado\/as laboralistas.<br>Participaron tambi\u00e9n de la firma y apertura la secretaria de Trabajo, Julia Com\u00e1n; el vicedecano Gabriel \u00c1vila, el coordinador Diego Tula y el disertante Dar\u00edo Nesis.<\/p>\n\n\n\n<figure class=\"wp-block-image size-large\"><a href=\"https:\/\/i0.wp.com\/elterritorialweb.com.ar\/web\/wp-content\/uploads\/2023\/02\/WhatsApp-Image-2023-02-10-at-17.32.46-1.jpeg\"><img data-recalc-dims=\"1\" decoding=\"async\" width=\"640\" height=\"388\" data-src=\"https:\/\/i0.wp.com\/elterritorialweb.com.ar\/web\/wp-content\/uploads\/2023\/02\/WhatsApp-Image-2023-02-10-at-17.32.46-1.jpeg?resize=640%2C388\" alt=\"\" class=\"wp-image-48961 lazyload\" data-srcset=\"https:\/\/i0.wp.com\/elterritorialweb.com.ar\/web\/wp-content\/uploads\/2023\/02\/WhatsApp-Image-2023-02-10-at-17.32.46-1.jpeg?resize=1024%2C621&amp;ssl=1 1024w, https:\/\/i0.wp.com\/elterritorialweb.com.ar\/web\/wp-content\/uploads\/2023\/02\/WhatsApp-Image-2023-02-10-at-17.32.46-1.jpeg?resize=300%2C182&amp;ssl=1 300w, https:\/\/i0.wp.com\/elterritorialweb.com.ar\/web\/wp-content\/uploads\/2023\/02\/WhatsApp-Image-2023-02-10-at-17.32.46-1.jpeg?resize=768%2C466&amp;ssl=1 768w, https:\/\/i0.wp.com\/elterritorialweb.com.ar\/web\/wp-content\/uploads\/2023\/02\/WhatsApp-Image-2023-02-10-at-17.32.46-1.jpeg?w=1484&amp;ssl=1 1484w, https:\/\/i0.wp.com\/elterritorialweb.com.ar\/web\/wp-content\/uploads\/2023\/02\/WhatsApp-Image-2023-02-10-at-17.32.46-1.jpeg?w=1280 1280w\" data-sizes=\"(max-width: 640px) 100vw, 640px\" src=\"data:image\/svg+xml;base64,PHN2ZyB3aWR0aD0iMSIgaGVpZ2h0PSIxIiB4bWxucz0iaHR0cDovL3d3dy53My5vcmcvMjAwMC9zdmciPjwvc3ZnPg==\" style=\"--smush-placeholder-width: 640px; --smush-placeholder-aspect-ratio: 640\/388;\" \/><\/a><\/figure>\n\n\n\n<p>En este contexto, las palabras de apertura y bienvenida estuvieron a cargo de Diego Tula, quien expres\u00f3: \u00abEstamos frente a un desaf\u00edo, un desaf\u00edo interinstitucional que nosotros junto al gobierno actuamos como articuladores, tenemos que adaptar la conciliaci\u00f3n m\u00e1s all\u00e1 de la norma a un contexto socio econ\u00f3mico, pol\u00edtico y cultural especial\u201d.<br>A su turno, O\u2019Mill resalt\u00f3 la importancia de este ciclo y destac\u00f3 el v\u00ednculo que articula el ministerio con las instituciones. \u00abEs un proyecto de ley que refleja el trabajo articulado entre los estamentos. Tenemos mucha experiencia con la mediaci\u00f3n judicial, pero no debemos olvidarnos que tambi\u00e9n necesitamos formar conciliadores (laborales); los cuales tienen caracter\u00edsticas distintas\u00bb.<\/p>\n","protected":false},"excerpt":{"rendered":"<p>Tambi\u00e9n particip\u00f3 de la apertura del \u00abPrograma de Capacitaci\u00f3n en Conciliaci\u00f3n Laboral Obligatoria\u00bb.<\/p>\n","protected":false},"author":2,"featured_media":48962,"comment_status":"open","ping_status":"open","sticky":false,"template":"","format":"standard","meta":{"om_disable_all_campaigns":false,"_monsterinsights_skip_tracking":false,"_monsterinsights_sitenote_active":false,"_monsterinsights_sitenote_note":"","_monsterinsights_sitenote_category":0,"_uf_show_specific_survey":0,"_uf_disable_surveys":false,"jetpack_post_was_ever_published":false,"_jetpack_newsletter_access":"","_jetpack_dont_email_post_to_subs":false,"_jetpack_newsletter_tier_id":0,"_jetpack_memberships_contains_paywalled_content":false,"_jetpack_memberships_contains_paid_content":false,"footnotes":"","jetpack_publicize_message":"","jetpack_publicize_feature_enabled":true,"jetpack_social_post_already_shared":false,"jetpack_social_options":{"image_generator_settings":{"template":"highway","default_image_id":0,"font":"","enabled":false},"version":2}},"categories":[21],"tags":[],"class_list":["post-48959","post","type-post","status-publish","format-standard","has-post-thumbnail","hentry","category-locales"],"aioseo_notices":[],"views":8,"jetpack_publicize_connections":[],"jetpack_featured_media_url":"https:\/\/i0.wp.com\/elterritorialweb.com.ar\/web\/wp-content\/uploads\/2023\/02\/WhatsApp-Image-2023-02-10-at-17.32.46.jpeg?fit=1600%2C1026&ssl=1","jetpack_sharing_enabled":true,"_links":{"self":[{"href":"https:\/\/elterritorialweb.com.ar\/web\/wp-json\/wp\/v2\/posts\/48959","targetHints":{"allow":["GET"]}}],"collection":[{"href":"https:\/\/elterritorialweb.com.ar\/web\/wp-json\/wp\/v2\/posts"}],"about":[{"href":"https:\/\/elterritorialweb.com.ar\/web\/wp-json\/wp\/v2\/types\/post"}],"author":[{"embeddable":true,"href":"https:\/\/elterritorialweb.com.ar\/web\/wp-json\/wp\/v2\/users\/2"}],"replies":[{"embeddable":true,"href":"https:\/\/elterritorialweb.com.ar\/web\/wp-json\/wp\/v2\/comments?post=48959"}],"version-history":[{"count":1,"href":"https:\/\/elterritorialweb.com.ar\/web\/wp-json\/wp\/v2\/posts\/48959\/revisions"}],"predecessor-version":[{"id":48963,"href":"https:\/\/elterritorialweb.com.ar\/web\/wp-json\/wp\/v2\/posts\/48959\/revisions\/48963"}],"wp:featuredmedia":[{"embeddable":true,"href":"https:\/\/elterritorialweb.com.ar\/web\/wp-json\/wp\/v2\/media\/48962"}],"wp:attachment":[{"href":"https:\/\/elterritorialweb.com.ar\/web\/wp-json\/wp\/v2\/media?parent=48959"}],"wp:term":[{"taxonomy":"category","embeddable":true,"href":"https:\/\/elterritorialweb.com.ar\/web\/wp-json\/wp\/v2\/categories?post=48959"},{"taxonomy":"post_tag","embeddable":true,"href":"https:\/\/elterritorialweb.com.ar\/web\/wp-json\/wp\/v2\/tags?post=48959"}],"curies":[{"name":"wp","href":"https:\/\/api.w.org\/{rel}","templated":true}]}}