{"id":48964,"date":"2023-02-10T19:29:02","date_gmt":"2023-02-10T19:29:02","guid":{"rendered":"http:\/\/elterritorialweb.com.ar\/web\/?p=48964"},"modified":"2023-02-10T19:29:03","modified_gmt":"2023-02-10T19:29:03","slug":"nediani-recibio-lentes-del-ministerio-de-desarrollo-social-de-la-nacion","status":"publish","type":"post","link":"https:\/\/elterritorialweb.com.ar\/web\/nediani-recibio-lentes-del-ministerio-de-desarrollo-social-de-la-nacion\/","title":{"rendered":"NEDIANI RECIBI\u00d3 LENTES DEL MINISTERIO DE DESARROLLO SOCIAL DE LA NACI\u00d3N"},"content":{"rendered":"\n<p>El jefe comunal bande\u00f1o visit\u00f3 la localidad de Rodeo de Soria invitado por el gobernador Gerardo Zamora en donde estuvo acompa\u00f1ado por el secretario de Coordinaci\u00f3n y Desarrollo Territorial, Mat\u00edas Nediani; el secretario de Salud municipal, Cesar Scabuzzo y la secretaria de Comunicaci\u00f3n, Fernanda Raschi,<br>oportunidad, en la que el intendente expres\u00f3: \u201cAgradezco al presidente de la Naci\u00f3n, Alberto Fern\u00e1ndez, al gobernador de la provincia, a la Ministra de Desarrollo Social de la Naci\u00f3n, Victoria Tolosa Paz y al director de dispositivos territoriales de la Naci\u00f3n, Ignacio Trucco, por haber trabajado en conjunto con nuestro municipio y en forma articulada para que hoy se concrete la entrega de los lentes para los bande\u00f1os\u201d.<br>Cabe destacar, que el tren sanitario estuvo presente en la ciudad de La Banda, en el Patin\u00f3dromo Municipal sobre la Av. San Martin y que el objetivo del mismo es recorrer el pa\u00eds brindando de manera gratuita el servicio de atenci\u00f3n m\u00e9dica, estudios y an\u00e1lisis cl\u00ednicos, tramites y consultas con distintos organismos nacionales y diversas actividades culturales para toda la familia.<\/p>\n","protected":false},"excerpt":{"rendered":"<p>El intendente Roger Nediani recibi\u00f3 lentes que ser\u00e1n entregados a vecinos bande\u00f1os en el marco del Operativo del tren sanitario Ram\u00f3n Carrillo, perteneciente al Ministerio de Desarrollo Social de Naci\u00f3n, que visit\u00f3 la ciudad de La banda.<\/p>\n","protected":false},"author":2,"featured_media":48965,"comment_status":"open","ping_status":"open","sticky":false,"template":"","format":"standard","meta":{"om_disable_all_campaigns":false,"_monsterinsights_skip_tracking":false,"_monsterinsights_sitenote_active":false,"_monsterinsights_sitenote_note":"","_monsterinsights_sitenote_category":0,"_uf_show_specific_survey":0,"_uf_disable_surveys":false,"jetpack_post_was_ever_published":false,"_jetpack_newsletter_access":"","_jetpack_dont_email_post_to_subs":false,"_jetpack_newsletter_tier_id":0,"_jetpack_memberships_contains_paywalled_content":false,"_jetpack_memberships_contains_paid_content":false,"footnotes":"","jetpack_publicize_message":"","jetpack_publicize_feature_enabled":true,"jetpack_social_post_already_shared":false,"jetpack_social_options":{"image_generator_settings":{"template":"highway","default_image_id":0,"font":"","enabled":false},"version":2}},"categories":[9],"tags":[],"class_list":["post-48964","post","type-post","status-publish","format-standard","has-post-thumbnail","hentry","category-banda"],"aioseo_notices":[],"views":9,"jetpack_publicize_connections":[],"jetpack_featured_media_url":"https:\/\/i0.wp.com\/elterritorialweb.com.ar\/web\/wp-content\/uploads\/2023\/02\/WhatsApp-Image-2023-02-10-at-19.20.50.jpeg?fit=1280%2C845&ssl=1","jetpack_sharing_enabled":true,"_links":{"self":[{"href":"https:\/\/elterritorialweb.com.ar\/web\/wp-json\/wp\/v2\/posts\/48964","targetHints":{"allow":["GET"]}}],"collection":[{"href":"https:\/\/elterritorialweb.com.ar\/web\/wp-json\/wp\/v2\/posts"}],"about":[{"href":"https:\/\/elterritorialweb.com.ar\/web\/wp-json\/wp\/v2\/types\/post"}],"author":[{"embeddable":true,"href":"https:\/\/elterritorialweb.com.ar\/web\/wp-json\/wp\/v2\/users\/2"}],"replies":[{"embeddable":true,"href":"https:\/\/elterritorialweb.com.ar\/web\/wp-json\/wp\/v2\/comments?post=48964"}],"version-history":[{"count":1,"href":"https:\/\/elterritorialweb.com.ar\/web\/wp-json\/wp\/v2\/posts\/48964\/revisions"}],"predecessor-version":[{"id":48966,"href":"https:\/\/elterritorialweb.com.ar\/web\/wp-json\/wp\/v2\/posts\/48964\/revisions\/48966"}],"wp:featuredmedia":[{"embeddable":true,"href":"https:\/\/elterritorialweb.com.ar\/web\/wp-json\/wp\/v2\/media\/48965"}],"wp:attachment":[{"href":"https:\/\/elterritorialweb.com.ar\/web\/wp-json\/wp\/v2\/media?parent=48964"}],"wp:term":[{"taxonomy":"category","embeddable":true,"href":"https:\/\/elterritorialweb.com.ar\/web\/wp-json\/wp\/v2\/categories?post=48964"},{"taxonomy":"post_tag","embeddable":true,"href":"https:\/\/elterritorialweb.com.ar\/web\/wp-json\/wp\/v2\/tags?post=48964"}],"curies":[{"name":"wp","href":"https:\/\/api.w.org\/{rel}","templated":true}]}}