{"id":48967,"date":"2023-02-10T19:32:05","date_gmt":"2023-02-10T19:32:05","guid":{"rendered":"http:\/\/elterritorialweb.com.ar\/web\/?p=48967"},"modified":"2023-02-10T19:32:06","modified_gmt":"2023-02-10T19:32:06","slug":"el-municipio-realizo-un-nuevo-operativo-de-limpieza-en-el-club-central-argentino","status":"publish","type":"post","link":"https:\/\/elterritorialweb.com.ar\/web\/el-municipio-realizo-un-nuevo-operativo-de-limpieza-en-el-club-central-argentino\/","title":{"rendered":"EL MUNICIPIO REALIZ\u00d3 UN NUEVO OPERATIVO DE LIMPIEZA EN EL CLUB CENTRAL ARGENTINO"},"content":{"rendered":"\n<p>En este sentido, el \u00e1rea municipal realiz\u00f3 mencionadas actividades en el club en el barrio Central Argentino, dicho operativo a cargo de los Obradores San Carlos, Misqui Mayu, Dorrego y San Fernando.<br>Por su parte, Jorge Rodr\u00edguez encargado del programa \u201cLa Banda Limpia\u201d destac\u00f3: \u201cLa principal idea es colaborar siempre con los vecinos bande\u00f1os y seguimos trabajando en coordinaci\u00f3n con el intendente Roger Nediani y nuestro Secretario de Servicios P\u00fablicos Cristian Mendoza, para concretar cada solicitud realizada por parte de los vecinos bande\u00f1os\u201d.<br>\u201cDurante este operativo llegamos a contar con una flota de 20 camiones, un cami\u00f3n fumigador, ocho trabajadores encargados del desmalezamiento y dem\u00e1s colaboradores\u201d, finaliz\u00f3 Rodriguez.<\/p>\n","protected":false},"excerpt":{"rendered":"<p>La Municipalidad de la Ciudad de La Banda, a trav\u00e9s de la Secretar\u00eda de Servicios P\u00fablicos, realiz\u00f3 un nuevo operativo integral de limpieza, desmalezamiento y fumigaci\u00f3n en el Club Atl\u00e9tico Central Argentino.<\/p>\n","protected":false},"author":2,"featured_media":48968,"comment_status":"open","ping_status":"open","sticky":false,"template":"","format":"standard","meta":{"om_disable_all_campaigns":false,"_monsterinsights_skip_tracking":false,"_monsterinsights_sitenote_active":false,"_monsterinsights_sitenote_note":"","_monsterinsights_sitenote_category":0,"_uf_show_specific_survey":0,"_uf_disable_surveys":false,"jetpack_post_was_ever_published":false,"_jetpack_newsletter_access":"","_jetpack_dont_email_post_to_subs":false,"_jetpack_newsletter_tier_id":0,"_jetpack_memberships_contains_paywalled_content":false,"_jetpack_memberships_contains_paid_content":false,"footnotes":"","jetpack_publicize_message":"","jetpack_publicize_feature_enabled":true,"jetpack_social_post_already_shared":false,"jetpack_social_options":{"image_generator_settings":{"template":"highway","default_image_id":0,"font":"","enabled":false},"version":2}},"categories":[9],"tags":[],"class_list":["post-48967","post","type-post","status-publish","format-standard","has-post-thumbnail","hentry","category-banda"],"aioseo_notices":[],"views":9,"jetpack_publicize_connections":[],"jetpack_featured_media_url":"https:\/\/i0.wp.com\/elterritorialweb.com.ar\/web\/wp-content\/uploads\/2023\/02\/WhatsApp-Image-2023-02-10-at-19.20.49.jpeg?fit=1600%2C1200&ssl=1","jetpack_sharing_enabled":true,"_links":{"self":[{"href":"https:\/\/elterritorialweb.com.ar\/web\/wp-json\/wp\/v2\/posts\/48967","targetHints":{"allow":["GET"]}}],"collection":[{"href":"https:\/\/elterritorialweb.com.ar\/web\/wp-json\/wp\/v2\/posts"}],"about":[{"href":"https:\/\/elterritorialweb.com.ar\/web\/wp-json\/wp\/v2\/types\/post"}],"author":[{"embeddable":true,"href":"https:\/\/elterritorialweb.com.ar\/web\/wp-json\/wp\/v2\/users\/2"}],"replies":[{"embeddable":true,"href":"https:\/\/elterritorialweb.com.ar\/web\/wp-json\/wp\/v2\/comments?post=48967"}],"version-history":[{"count":1,"href":"https:\/\/elterritorialweb.com.ar\/web\/wp-json\/wp\/v2\/posts\/48967\/revisions"}],"predecessor-version":[{"id":48970,"href":"https:\/\/elterritorialweb.com.ar\/web\/wp-json\/wp\/v2\/posts\/48967\/revisions\/48970"}],"wp:featuredmedia":[{"embeddable":true,"href":"https:\/\/elterritorialweb.com.ar\/web\/wp-json\/wp\/v2\/media\/48968"}],"wp:attachment":[{"href":"https:\/\/elterritorialweb.com.ar\/web\/wp-json\/wp\/v2\/media?parent=48967"}],"wp:term":[{"taxonomy":"category","embeddable":true,"href":"https:\/\/elterritorialweb.com.ar\/web\/wp-json\/wp\/v2\/categories?post=48967"},{"taxonomy":"post_tag","embeddable":true,"href":"https:\/\/elterritorialweb.com.ar\/web\/wp-json\/wp\/v2\/tags?post=48967"}],"curies":[{"name":"wp","href":"https:\/\/api.w.org\/{rel}","templated":true}]}}