{"id":48971,"date":"2023-02-10T20:13:40","date_gmt":"2023-02-10T20:13:40","guid":{"rendered":"http:\/\/elterritorialweb.com.ar\/web\/?p=48971"},"modified":"2023-02-10T20:13:40","modified_gmt":"2023-02-10T20:13:40","slug":"aumento-a-las-jubilaciones-la-minima-asciende-a-73-665-con-un-refuerzo-de-15-000-por-tres-meses","status":"publish","type":"post","link":"https:\/\/elterritorialweb.com.ar\/web\/aumento-a-las-jubilaciones-la-minima-asciende-a-73-665-con-un-refuerzo-de-15-000-por-tres-meses\/","title":{"rendered":"AUMENTO A LAS JUBILACIONES: LA MINIMA ASCIENDE A $73.665 CON UN REFUERZO DE $15.000 POR TRES MESES"},"content":{"rendered":"\n<p>El ministro de Econom\u00eda, Sergio Massa, y la titular de la ANSES, Mar\u00eda Fernanda Raverta, anunciaron el\u00a0<strong>primer aumento por f\u00f3rmula movilidad de 2023<\/strong>\u00a0para jubilados de\u00a0<strong>17,04%<\/strong>, por lo que la jubilaci\u00f3n m\u00ednima ascender\u00e1 a\u00a0<strong>$73.665<\/strong>.<\/p>\n\n\n\n<p>Adem\u00e1s, habr\u00e1 un\u00a0<strong>refuerzo de $15.000 por mes que se abonar\u00e1 en marzo, abril y mayo<\/strong>\u00a0para quienes perciban hasta una jubilaci\u00f3n m\u00ednima, y que ir\u00e1 decreciendo progresivamente hasta los $5.000 para los que perciban hasta dos haberes m\u00ednimos. As\u00ed, con estos incrementos, 73.665 pesos.<\/p>\n\n\n\n<p>Se trata del primero de los cuatro incrementos que se otorgar\u00e1n en el a\u00f1o y ser\u00e1 para todos los beneficiarios de la Seguridad Social (el 84% son jubilados y pensionados, es decir, 6.1 millones). Asimismo,<strong>&nbsp;la Asignaci\u00f3n Universal por Hija e Hijo (AUH) subir\u00e1 a $11.465<\/strong>.<\/p>\n\n\n\n<p>\u00abRecuperar el ingreso es central para el funcionamiento del mercado interno y el consumo de nuestra econom\u00eda, pero sobre todo para&nbsp;<strong>una mejor calidad de vida de nuestros jubilados<\/strong>\u00ab, sostuvo el titular del Palacio de Hacienda.<\/p>\n\n\n\n<p>Cabe destacar que en 2019, cuando comenz\u00f3 la gesti\u00f3n, la jubilaci\u00f3n m\u00ednima era de $14.000. Con esta medida, la jubilaci\u00f3n m\u00ednima aumenta un 11% en t\u00e9rminos reales desde diciembre de 2019, recuperando as\u00ed parte del 19,5% perdido durante el gobierno de Mauricio Macri.<\/p>\n\n\n\n<p>Por su parte, Raverta expres\u00f3: \u00abPoder decir que recuperamos 11 puntos de los casi 20 que se perdieron en el gobierno anterior es muy importante.&nbsp;<strong>Destruir es un instante y reconstruir y volver a garantizar que el bolsillo de los jubilados les permita vivir con dignidad es mucho m\u00e1s lento\u00bb<\/strong>.<\/p>\n\n\n\n<p>\u00abUn jubilado de la m\u00ednima va a tener en marzo como haber una jubilaci\u00f3n de $73.665. Es decir que ning\u00fan jubilado cobrar\u00e1 menos de $73.000\u00bb, concluy\u00f3 la funcionaria.<\/p>\n\n\n\n<p><\/p>\n","protected":false},"excerpt":{"rendered":"<p>Los incrementos fueron anunciados por el ministro de Econom\u00eda, Sergio Massa, y la titular de la ANSES, Mar\u00eda Fernanda Raverta.<\/p>\n","protected":false},"author":2,"featured_media":48972,"comment_status":"open","ping_status":"open","sticky":false,"template":"","format":"standard","meta":{"om_disable_all_campaigns":false,"_monsterinsights_skip_tracking":false,"_monsterinsights_sitenote_active":false,"_monsterinsights_sitenote_note":"","_monsterinsights_sitenote_category":0,"_uf_show_specific_survey":0,"_uf_disable_surveys":false,"jetpack_post_was_ever_published":false,"_jetpack_newsletter_access":"","_jetpack_dont_email_post_to_subs":false,"_jetpack_newsletter_tier_id":0,"_jetpack_memberships_contains_paywalled_content":false,"_jetpack_memberships_contains_paid_content":false,"footnotes":"","jetpack_publicize_message":"","jetpack_publicize_feature_enabled":true,"jetpack_social_post_already_shared":false,"jetpack_social_options":{"image_generator_settings":{"template":"highway","default_image_id":0,"font":"","enabled":false},"version":2}},"categories":[4,2],"tags":[],"class_list":["post-48971","post","type-post","status-publish","format-standard","has-post-thumbnail","hentry","category-destacadas","category-economia"],"aioseo_notices":[],"views":13,"jetpack_publicize_connections":[],"jetpack_featured_media_url":"https:\/\/i0.wp.com\/elterritorialweb.com.ar\/web\/wp-content\/uploads\/2023\/02\/MASSA-RAVERTA.jpg?fit=680%2C453&ssl=1","jetpack_sharing_enabled":true,"_links":{"self":[{"href":"https:\/\/elterritorialweb.com.ar\/web\/wp-json\/wp\/v2\/posts\/48971","targetHints":{"allow":["GET"]}}],"collection":[{"href":"https:\/\/elterritorialweb.com.ar\/web\/wp-json\/wp\/v2\/posts"}],"about":[{"href":"https:\/\/elterritorialweb.com.ar\/web\/wp-json\/wp\/v2\/types\/post"}],"author":[{"embeddable":true,"href":"https:\/\/elterritorialweb.com.ar\/web\/wp-json\/wp\/v2\/users\/2"}],"replies":[{"embeddable":true,"href":"https:\/\/elterritorialweb.com.ar\/web\/wp-json\/wp\/v2\/comments?post=48971"}],"version-history":[{"count":1,"href":"https:\/\/elterritorialweb.com.ar\/web\/wp-json\/wp\/v2\/posts\/48971\/revisions"}],"predecessor-version":[{"id":48973,"href":"https:\/\/elterritorialweb.com.ar\/web\/wp-json\/wp\/v2\/posts\/48971\/revisions\/48973"}],"wp:featuredmedia":[{"embeddable":true,"href":"https:\/\/elterritorialweb.com.ar\/web\/wp-json\/wp\/v2\/media\/48972"}],"wp:attachment":[{"href":"https:\/\/elterritorialweb.com.ar\/web\/wp-json\/wp\/v2\/media?parent=48971"}],"wp:term":[{"taxonomy":"category","embeddable":true,"href":"https:\/\/elterritorialweb.com.ar\/web\/wp-json\/wp\/v2\/categories?post=48971"},{"taxonomy":"post_tag","embeddable":true,"href":"https:\/\/elterritorialweb.com.ar\/web\/wp-json\/wp\/v2\/tags?post=48971"}],"curies":[{"name":"wp","href":"https:\/\/api.w.org\/{rel}","templated":true}]}}