{"id":49010,"date":"2023-02-11T17:42:21","date_gmt":"2023-02-11T17:42:21","guid":{"rendered":"http:\/\/elterritorialweb.com.ar\/web\/?p=49010"},"modified":"2023-02-11T17:42:21","modified_gmt":"2023-02-11T17:42:21","slug":"la-municipalidad-realizo-la-marcha-aerobica-inclusiva","status":"publish","type":"post","link":"https:\/\/elterritorialweb.com.ar\/web\/la-municipalidad-realizo-la-marcha-aerobica-inclusiva\/","title":{"rendered":"LA MUNICIPALIDAD REALIZ\u00d3 LA MARCHA AEROBICA INCLUSIVA"},"content":{"rendered":"\n<p>En el marco del espacio recreativo de verano Santiago es tu R\u00edo organizado por la Municipalidad de la Capital, se realiz\u00f3 la Marcha Aer\u00f3bica Inclusiva con una importante participaci\u00f3n de asociaciones que trabajan con personas con discapacidad.<\/p>\n\n\n\n<p>El espacio del municipio libre y gratuito cuenta con una amplia propuesta recreativa, cultural, deportiva y de entretenimiento para familias y amigos durante los fines de semana.<\/p>\n\n\n\n<p>En esta oportunidad, los protagonistas fueron vecinos que forman parte de diversas entidades como la escuela de atletismo infantil Correcaminos, asociaci\u00f3n Sonckoymanta, Santiago azul TEA, asociaci\u00f3n Siminisqa, Los Tat\u00fa rugby inclusivo, entre otras. Tambi\u00e9n tuvieron el acompa\u00f1amiento de la Direccion de Desarrollo Social del Gobierno de la Provincia y de organizaciones ambientalistas.<\/p>\n\n\n\n<p>La marcha concluy\u00f3 con la entrega de medallas a todos los participantes. Al respecto, el secretario de Gobierno del municipio, Ing. Nestor Machado, destac\u00f3 la participaci\u00f3n de la gente, transmiti\u00f3 el saludo de la intendente, Ing. Norma Fuentes, y remarc\u00f3 las acciones permanentes de la comuna en favor de la inclusi\u00f3n.<\/p>\n\n\n\n<p>Este s\u00e1bado continuar\u00e1 Santiago es tu Rio con sus propuestas gratuitas, mientras que en el escenario se presentar\u00e1n Marcos Barrionuevo y Estela R\u00edos; el domingo, lo har\u00e1n La Mistik y Nico Rodr\u00edguez.<\/p>\n\n\n\n<p>Tambi\u00e9n durante este fin de semana se dictar\u00e1n clases de danza afro a partir de las 21 y las clases de zumba desde las 20.30.<\/p>\n","protected":false},"excerpt":{"rendered":"<p>Participaron asociaciones que trabajan con personas con discapacidad.<\/p>\n","protected":false},"author":2,"featured_media":49011,"comment_status":"open","ping_status":"open","sticky":false,"template":"","format":"standard","meta":{"om_disable_all_campaigns":false,"_monsterinsights_skip_tracking":false,"_monsterinsights_sitenote_active":false,"_monsterinsights_sitenote_note":"","_monsterinsights_sitenote_category":0,"_uf_show_specific_survey":0,"_uf_disable_surveys":false,"jetpack_post_was_ever_published":false,"_jetpack_newsletter_access":"","_jetpack_dont_email_post_to_subs":false,"_jetpack_newsletter_tier_id":0,"_jetpack_memberships_contains_paywalled_content":false,"_jetpack_memberships_contains_paid_content":false,"footnotes":"","jetpack_publicize_message":"","jetpack_publicize_feature_enabled":true,"jetpack_social_post_already_shared":false,"jetpack_social_options":{"image_generator_settings":{"template":"highway","default_image_id":0,"font":"","enabled":false},"version":2}},"categories":[21],"tags":[],"class_list":["post-49010","post","type-post","status-publish","format-standard","has-post-thumbnail","hentry","category-locales"],"aioseo_notices":[],"views":12,"jetpack_publicize_connections":[],"jetpack_featured_media_url":"https:\/\/i0.wp.com\/elterritorialweb.com.ar\/web\/wp-content\/uploads\/2023\/02\/marcha-inclusiva.jpeg?fit=1128%2C752&ssl=1","jetpack_sharing_enabled":true,"_links":{"self":[{"href":"https:\/\/elterritorialweb.com.ar\/web\/wp-json\/wp\/v2\/posts\/49010","targetHints":{"allow":["GET"]}}],"collection":[{"href":"https:\/\/elterritorialweb.com.ar\/web\/wp-json\/wp\/v2\/posts"}],"about":[{"href":"https:\/\/elterritorialweb.com.ar\/web\/wp-json\/wp\/v2\/types\/post"}],"author":[{"embeddable":true,"href":"https:\/\/elterritorialweb.com.ar\/web\/wp-json\/wp\/v2\/users\/2"}],"replies":[{"embeddable":true,"href":"https:\/\/elterritorialweb.com.ar\/web\/wp-json\/wp\/v2\/comments?post=49010"}],"version-history":[{"count":1,"href":"https:\/\/elterritorialweb.com.ar\/web\/wp-json\/wp\/v2\/posts\/49010\/revisions"}],"predecessor-version":[{"id":49012,"href":"https:\/\/elterritorialweb.com.ar\/web\/wp-json\/wp\/v2\/posts\/49010\/revisions\/49012"}],"wp:featuredmedia":[{"embeddable":true,"href":"https:\/\/elterritorialweb.com.ar\/web\/wp-json\/wp\/v2\/media\/49011"}],"wp:attachment":[{"href":"https:\/\/elterritorialweb.com.ar\/web\/wp-json\/wp\/v2\/media?parent=49010"}],"wp:term":[{"taxonomy":"category","embeddable":true,"href":"https:\/\/elterritorialweb.com.ar\/web\/wp-json\/wp\/v2\/categories?post=49010"},{"taxonomy":"post_tag","embeddable":true,"href":"https:\/\/elterritorialweb.com.ar\/web\/wp-json\/wp\/v2\/tags?post=49010"}],"curies":[{"name":"wp","href":"https:\/\/api.w.org\/{rel}","templated":true}]}}