{"id":49024,"date":"2023-02-11T18:51:47","date_gmt":"2023-02-11T18:51:47","guid":{"rendered":"http:\/\/elterritorialweb.com.ar\/web\/?p=49024"},"modified":"2023-02-11T18:51:48","modified_gmt":"2023-02-11T18:51:48","slug":"el-municipio-bandeno-realiza-tareas-diarias-en-la-limpieza-de-la-ciudad","status":"publish","type":"post","link":"https:\/\/elterritorialweb.com.ar\/web\/el-municipio-bandeno-realiza-tareas-diarias-en-la-limpieza-de-la-ciudad\/","title":{"rendered":"EL MUNICIPIO BANDE\u00d1O REALIZA TAREAS DIARIAS EN LA LIMPIEZA DE LA CIUDAD"},"content":{"rendered":"\n<p>Es as\u00ed que los empleados, iniciaron la semana con el levantado de contenedores de avenidas Belgrano Besares, Bolivia y Arist\u00f3bulo del Valle, entre otras; calles Borges, Mitre, Aconcagua, Islas Malvinas, Rep\u00fablica de L\u00edbano, Necochea y Dorrego, entre otras.<\/p>\n\n\n\n<figure class=\"wp-block-gallery has-nested-images columns-default is-cropped wp-block-gallery-1 is-layout-flex wp-block-gallery-is-layout-flex\">\n<figure class=\"wp-block-image size-large\"><a href=\"https:\/\/i0.wp.com\/elterritorialweb.com.ar\/web\/wp-content\/uploads\/2023\/02\/WhatsApp-Image-2023-02-11-at-17.16.45-1.jpeg\"><img data-recalc-dims=\"1\" decoding=\"async\" width=\"640\" height=\"853\" data-id=\"49026\" data-src=\"https:\/\/i0.wp.com\/elterritorialweb.com.ar\/web\/wp-content\/uploads\/2023\/02\/WhatsApp-Image-2023-02-11-at-17.16.45-1.jpeg?resize=640%2C853\" alt=\"\" class=\"wp-image-49026 lazyload\" data-srcset=\"https:\/\/i0.wp.com\/elterritorialweb.com.ar\/web\/wp-content\/uploads\/2023\/02\/WhatsApp-Image-2023-02-11-at-17.16.45-1.jpeg?resize=768%2C1024&amp;ssl=1 768w, https:\/\/i0.wp.com\/elterritorialweb.com.ar\/web\/wp-content\/uploads\/2023\/02\/WhatsApp-Image-2023-02-11-at-17.16.45-1.jpeg?resize=225%2C300&amp;ssl=1 225w, https:\/\/i0.wp.com\/elterritorialweb.com.ar\/web\/wp-content\/uploads\/2023\/02\/WhatsApp-Image-2023-02-11-at-17.16.45-1.jpeg?w=780&amp;ssl=1 780w\" data-sizes=\"(max-width: 640px) 100vw, 640px\" src=\"data:image\/svg+xml;base64,PHN2ZyB3aWR0aD0iMSIgaGVpZ2h0PSIxIiB4bWxucz0iaHR0cDovL3d3dy53My5vcmcvMjAwMC9zdmciPjwvc3ZnPg==\" style=\"--smush-placeholder-width: 640px; --smush-placeholder-aspect-ratio: 640\/853;\" \/><\/a><\/figure>\n\n\n\n<figure class=\"wp-block-image size-large\"><a href=\"https:\/\/i0.wp.com\/elterritorialweb.com.ar\/web\/wp-content\/uploads\/2023\/02\/WhatsApp-Image-2023-02-11-at-17.16.44.jpeg\"><img data-recalc-dims=\"1\" decoding=\"async\" width=\"640\" height=\"853\" data-id=\"49025\" data-src=\"https:\/\/i0.wp.com\/elterritorialweb.com.ar\/web\/wp-content\/uploads\/2023\/02\/WhatsApp-Image-2023-02-11-at-17.16.44.jpeg?resize=640%2C853\" alt=\"\" class=\"wp-image-49025 lazyload\" data-srcset=\"https:\/\/i0.wp.com\/elterritorialweb.com.ar\/web\/wp-content\/uploads\/2023\/02\/WhatsApp-Image-2023-02-11-at-17.16.44.jpeg?resize=768%2C1024&amp;ssl=1 768w, https:\/\/i0.wp.com\/elterritorialweb.com.ar\/web\/wp-content\/uploads\/2023\/02\/WhatsApp-Image-2023-02-11-at-17.16.44.jpeg?resize=225%2C300&amp;ssl=1 225w, https:\/\/i0.wp.com\/elterritorialweb.com.ar\/web\/wp-content\/uploads\/2023\/02\/WhatsApp-Image-2023-02-11-at-17.16.44.jpeg?w=960&amp;ssl=1 960w\" data-sizes=\"(max-width: 640px) 100vw, 640px\" src=\"data:image\/svg+xml;base64,PHN2ZyB3aWR0aD0iMSIgaGVpZ2h0PSIxIiB4bWxucz0iaHR0cDovL3d3dy53My5vcmcvMjAwMC9zdmciPjwvc3ZnPg==\" style=\"--smush-placeholder-width: 640px; --smush-placeholder-aspect-ratio: 640\/853;\" \/><\/a><\/figure>\n<\/figure>\n\n\n\n<p>Asimismo, durante la semana, realizaron trabajos de barrido, limpieza y levantado de desechos en sectores de los barrios Centro, Dorrego, Villa Suaya, Villa Uni\u00f3n, Besares, San Mart\u00edn, Men\u00e9ndez, Villa Juana, Avenida, San Carlos, Santa Clara, Sarmiento, El Cruce, Agua y Energ\u00eda, Cabildo Santiague\u00f1o, Gorrini, Ramos Taboada, La Fraternidad, Mercantil, Textil, Central Argentino, 25 de Mayo y Ampliaci\u00f3n 540 Viv, 9 de Julio, Ampliaci\u00f3n Parque Industrial, Palermo, Para\u00edso Ampliaci\u00f3n 100 y 300 Viv, San Fernando, San Javier, El Tuscal, Constituci\u00f3n, R\u00edo Dulce, Banfield, El Rosedal, Parque, entre otros.<\/p>\n","protected":false},"excerpt":{"rendered":"<p>En el marco de la campa\u00f1a municipal \u00abLa Banda limpia es m\u00e1s linda\u00bb, impulsada por el intendente Roger Nediani, la Secretar\u00eda de Servicios P\u00fablicos, a trav\u00e9s de la Direcci\u00f3n de Higiene Urbana realiz\u00f3 trabajos de barrido, limpieza y levantado de residuos en diferentes puntos de la ciudad.<\/p>\n","protected":false},"author":2,"featured_media":49027,"comment_status":"open","ping_status":"open","sticky":false,"template":"","format":"standard","meta":{"om_disable_all_campaigns":false,"_monsterinsights_skip_tracking":false,"_monsterinsights_sitenote_active":false,"_monsterinsights_sitenote_note":"","_monsterinsights_sitenote_category":0,"_uf_show_specific_survey":0,"_uf_disable_surveys":false,"jetpack_post_was_ever_published":false,"_jetpack_newsletter_access":"","_jetpack_dont_email_post_to_subs":false,"_jetpack_newsletter_tier_id":0,"_jetpack_memberships_contains_paywalled_content":false,"_jetpack_memberships_contains_paid_content":false,"footnotes":"","jetpack_publicize_message":"","jetpack_publicize_feature_enabled":true,"jetpack_social_post_already_shared":false,"jetpack_social_options":{"image_generator_settings":{"template":"highway","default_image_id":0,"font":"","enabled":false},"version":2}},"categories":[9],"tags":[],"class_list":["post-49024","post","type-post","status-publish","format-standard","has-post-thumbnail","hentry","category-banda"],"aioseo_notices":[],"views":9,"jetpack_publicize_connections":[],"jetpack_featured_media_url":"https:\/\/i0.wp.com\/elterritorialweb.com.ar\/web\/wp-content\/uploads\/2023\/02\/WhatsApp-Image-2023-02-11-at-17.16.45.jpeg?fit=780%2C1040&ssl=1","jetpack_sharing_enabled":true,"_links":{"self":[{"href":"https:\/\/elterritorialweb.com.ar\/web\/wp-json\/wp\/v2\/posts\/49024","targetHints":{"allow":["GET"]}}],"collection":[{"href":"https:\/\/elterritorialweb.com.ar\/web\/wp-json\/wp\/v2\/posts"}],"about":[{"href":"https:\/\/elterritorialweb.com.ar\/web\/wp-json\/wp\/v2\/types\/post"}],"author":[{"embeddable":true,"href":"https:\/\/elterritorialweb.com.ar\/web\/wp-json\/wp\/v2\/users\/2"}],"replies":[{"embeddable":true,"href":"https:\/\/elterritorialweb.com.ar\/web\/wp-json\/wp\/v2\/comments?post=49024"}],"version-history":[{"count":1,"href":"https:\/\/elterritorialweb.com.ar\/web\/wp-json\/wp\/v2\/posts\/49024\/revisions"}],"predecessor-version":[{"id":49028,"href":"https:\/\/elterritorialweb.com.ar\/web\/wp-json\/wp\/v2\/posts\/49024\/revisions\/49028"}],"wp:featuredmedia":[{"embeddable":true,"href":"https:\/\/elterritorialweb.com.ar\/web\/wp-json\/wp\/v2\/media\/49027"}],"wp:attachment":[{"href":"https:\/\/elterritorialweb.com.ar\/web\/wp-json\/wp\/v2\/media?parent=49024"}],"wp:term":[{"taxonomy":"category","embeddable":true,"href":"https:\/\/elterritorialweb.com.ar\/web\/wp-json\/wp\/v2\/categories?post=49024"},{"taxonomy":"post_tag","embeddable":true,"href":"https:\/\/elterritorialweb.com.ar\/web\/wp-json\/wp\/v2\/tags?post=49024"}],"curies":[{"name":"wp","href":"https:\/\/api.w.org\/{rel}","templated":true}]}}