{"id":49085,"date":"2023-02-13T03:42:49","date_gmt":"2023-02-13T03:42:49","guid":{"rendered":"http:\/\/elterritorialweb.com.ar\/web\/?p=49085"},"modified":"2023-02-13T03:42:50","modified_gmt":"2023-02-13T03:42:50","slug":"otro-fin-de-semana-de-gran-convocatoria-en-santiago-es-tu-rio","status":"publish","type":"post","link":"https:\/\/elterritorialweb.com.ar\/web\/otro-fin-de-semana-de-gran-convocatoria-en-santiago-es-tu-rio\/","title":{"rendered":"OTRO FIN DE SEMANA DE GRAN CONVOCATORIA EN SANTIAGO ES TU R\u00cdO"},"content":{"rendered":"\n<p>En el predio, este fin de semana, finalizaron las instancias clasificatorias para los Juegos Nacionales Evita en arena en las disciplinas de futbol, handball y v\u00f3ley, que se disputar\u00e1n en Chapadmalal. En tanto, el pr\u00f3ximo ser\u00e1 el turno de las finales de la Copa Santiago es Tu R\u00edo, organizado por el municipio en las categor\u00edas de b\u00e1squet 3 x 3, y de los torneos en arena de futbol, handball, v\u00f3ley y rugby.<\/p>\n\n\n\n<p>Al igual que en ediciones anteriores, la comuna trabaj\u00f3 de manera articulada con distintos organismos del Gobierno de la&nbsp; Provincia, como la Secretar\u00eda de Deportes, el programa de lucha contra las adicciones, la Subsecretar\u00eda de Turismo, entre otros. Asimismo, hubo acciones conjuntas con distintas entidades de la sociedad civil.<\/p>\n","protected":false},"excerpt":{"rendered":"<p>El programa de la Capital Santiago es Tu Rio, que viene generando un espacio recreativo de participaci\u00f3n gratuito para las familias en la ribera del Dulce, durante el verano, tuvo otro f\u00edn de semana de gran convocatoria.<\/p>\n","protected":false},"author":2,"featured_media":49086,"comment_status":"open","ping_status":"open","sticky":false,"template":"","format":"standard","meta":{"om_disable_all_campaigns":false,"_monsterinsights_skip_tracking":false,"_monsterinsights_sitenote_active":false,"_monsterinsights_sitenote_note":"","_monsterinsights_sitenote_category":0,"_uf_show_specific_survey":0,"_uf_disable_surveys":false,"jetpack_post_was_ever_published":false,"_jetpack_newsletter_access":"","_jetpack_dont_email_post_to_subs":false,"_jetpack_newsletter_tier_id":0,"_jetpack_memberships_contains_paywalled_content":false,"_jetpack_memberships_contains_paid_content":false,"footnotes":"","jetpack_publicize_message":"","jetpack_publicize_feature_enabled":true,"jetpack_social_post_already_shared":false,"jetpack_social_options":{"image_generator_settings":{"template":"highway","default_image_id":0,"font":"","enabled":false},"version":2}},"categories":[21],"tags":[],"class_list":["post-49085","post","type-post","status-publish","format-standard","has-post-thumbnail","hentry","category-locales"],"aioseo_notices":[],"views":5,"jetpack_publicize_connections":[],"jetpack_featured_media_url":"https:\/\/i0.wp.com\/elterritorialweb.com.ar\/web\/wp-content\/uploads\/2023\/02\/tu-rio-22.jpeg?fit=1280%2C661&ssl=1","jetpack_sharing_enabled":true,"_links":{"self":[{"href":"https:\/\/elterritorialweb.com.ar\/web\/wp-json\/wp\/v2\/posts\/49085","targetHints":{"allow":["GET"]}}],"collection":[{"href":"https:\/\/elterritorialweb.com.ar\/web\/wp-json\/wp\/v2\/posts"}],"about":[{"href":"https:\/\/elterritorialweb.com.ar\/web\/wp-json\/wp\/v2\/types\/post"}],"author":[{"embeddable":true,"href":"https:\/\/elterritorialweb.com.ar\/web\/wp-json\/wp\/v2\/users\/2"}],"replies":[{"embeddable":true,"href":"https:\/\/elterritorialweb.com.ar\/web\/wp-json\/wp\/v2\/comments?post=49085"}],"version-history":[{"count":1,"href":"https:\/\/elterritorialweb.com.ar\/web\/wp-json\/wp\/v2\/posts\/49085\/revisions"}],"predecessor-version":[{"id":49087,"href":"https:\/\/elterritorialweb.com.ar\/web\/wp-json\/wp\/v2\/posts\/49085\/revisions\/49087"}],"wp:featuredmedia":[{"embeddable":true,"href":"https:\/\/elterritorialweb.com.ar\/web\/wp-json\/wp\/v2\/media\/49086"}],"wp:attachment":[{"href":"https:\/\/elterritorialweb.com.ar\/web\/wp-json\/wp\/v2\/media?parent=49085"}],"wp:term":[{"taxonomy":"category","embeddable":true,"href":"https:\/\/elterritorialweb.com.ar\/web\/wp-json\/wp\/v2\/categories?post=49085"},{"taxonomy":"post_tag","embeddable":true,"href":"https:\/\/elterritorialweb.com.ar\/web\/wp-json\/wp\/v2\/tags?post=49085"}],"curies":[{"name":"wp","href":"https:\/\/api.w.org\/{rel}","templated":true}]}}