{"id":49092,"date":"2023-02-13T03:51:36","date_gmt":"2023-02-13T03:51:36","guid":{"rendered":"http:\/\/elterritorialweb.com.ar\/web\/?p=49092"},"modified":"2023-02-13T03:51:36","modified_gmt":"2023-02-13T03:51:36","slug":"personal-de-salud-municipal-participa-de-las-capacitaciones-de-telesalud","status":"publish","type":"post","link":"https:\/\/elterritorialweb.com.ar\/web\/personal-de-salud-municipal-participa-de-las-capacitaciones-de-telesalud\/","title":{"rendered":"PERSONAL DE SALUD MUNICIPAL PARTICIPA DE LAS CAPACITACIONES DE TELESALUD"},"content":{"rendered":"\n<p>Las mismas contaron con la participaci\u00f3n del m\u00e9dico Richard Gonz\u00e1lez referente de la Oficina de Telemedicina y Comunicaci\u00f3n a Distancia.<br>Las capacitaciones se llevan a cabo en grupos reducidos por turnos y constan de una parte te\u00f3rica donde ver\u00e1n el manejo del sistema y sus particularidades y en otra se realiza la pr\u00e1ctica con simulaci\u00f3n de casos.<br>\u00bfQu\u00e9 es Telesalud?<br>La Telesalud consiste en el uso de las tecnolog\u00edas digitales de la informaci\u00f3n y la comunicaci\u00f3n para acceder a servicios de atenci\u00f3n m\u00e9dica de forma remota y gestionar los cuidados m\u00e9dicos.<br>A su vez permite llevar a cabo actividades a distancia para trabajar en forma operativa y colaborativa con los diferentes equipos sanitarios, promocionando la vinculaci\u00f3n intersectorial e interinstitucional.<br>La Telesalud (incluyendo a la telemedicina) involucra la entrega de servicios de salud usando las TICs, espec\u00edficamente cuando la distancia es un obst\u00e1culo para los servicios de la salud.<br>Estas capacitaciones forman parte de la calidad y gesti\u00f3n de salud que el municipio quiere brindar desde la Secretar\u00eda a los vecinos bande\u00f1os en concordancia con las pol\u00edticas p\u00fablicas que lleva adelante el intendente Roger Nediani.<\/p>\n","protected":false},"excerpt":{"rendered":"<p>La Secretar\u00eda de Salud de la Municipalidad de La Banda participa de las capacitaciones presenciales del manejo de Telesalud de los Centros de atenci\u00f3n M\u00e9dica Municipal (CAMM) en el Centro Integral Salud Banda (CISB).<\/p>\n","protected":false},"author":2,"featured_media":49093,"comment_status":"open","ping_status":"open","sticky":false,"template":"","format":"standard","meta":{"om_disable_all_campaigns":false,"_monsterinsights_skip_tracking":false,"_monsterinsights_sitenote_active":false,"_monsterinsights_sitenote_note":"","_monsterinsights_sitenote_category":0,"_uf_show_specific_survey":0,"_uf_disable_surveys":false,"jetpack_post_was_ever_published":false,"_jetpack_newsletter_access":"","_jetpack_dont_email_post_to_subs":false,"_jetpack_newsletter_tier_id":0,"_jetpack_memberships_contains_paywalled_content":false,"_jetpack_memberships_contains_paid_content":false,"footnotes":"","jetpack_publicize_message":"","jetpack_publicize_feature_enabled":true,"jetpack_social_post_already_shared":false,"jetpack_social_options":{"image_generator_settings":{"template":"highway","default_image_id":0,"font":"","enabled":false},"version":2}},"categories":[9,3],"tags":[],"class_list":["post-49092","post","type-post","status-publish","format-standard","has-post-thumbnail","hentry","category-banda","category-salud"],"aioseo_notices":[],"views":7,"jetpack_publicize_connections":[],"jetpack_featured_media_url":"https:\/\/i0.wp.com\/elterritorialweb.com.ar\/web\/wp-content\/uploads\/2023\/02\/SALUD-MUNICIPAL.jpg?fit=1280%2C845&ssl=1","jetpack_sharing_enabled":true,"_links":{"self":[{"href":"https:\/\/elterritorialweb.com.ar\/web\/wp-json\/wp\/v2\/posts\/49092","targetHints":{"allow":["GET"]}}],"collection":[{"href":"https:\/\/elterritorialweb.com.ar\/web\/wp-json\/wp\/v2\/posts"}],"about":[{"href":"https:\/\/elterritorialweb.com.ar\/web\/wp-json\/wp\/v2\/types\/post"}],"author":[{"embeddable":true,"href":"https:\/\/elterritorialweb.com.ar\/web\/wp-json\/wp\/v2\/users\/2"}],"replies":[{"embeddable":true,"href":"https:\/\/elterritorialweb.com.ar\/web\/wp-json\/wp\/v2\/comments?post=49092"}],"version-history":[{"count":1,"href":"https:\/\/elterritorialweb.com.ar\/web\/wp-json\/wp\/v2\/posts\/49092\/revisions"}],"predecessor-version":[{"id":49094,"href":"https:\/\/elterritorialweb.com.ar\/web\/wp-json\/wp\/v2\/posts\/49092\/revisions\/49094"}],"wp:featuredmedia":[{"embeddable":true,"href":"https:\/\/elterritorialweb.com.ar\/web\/wp-json\/wp\/v2\/media\/49093"}],"wp:attachment":[{"href":"https:\/\/elterritorialweb.com.ar\/web\/wp-json\/wp\/v2\/media?parent=49092"}],"wp:term":[{"taxonomy":"category","embeddable":true,"href":"https:\/\/elterritorialweb.com.ar\/web\/wp-json\/wp\/v2\/categories?post=49092"},{"taxonomy":"post_tag","embeddable":true,"href":"https:\/\/elterritorialweb.com.ar\/web\/wp-json\/wp\/v2\/tags?post=49092"}],"curies":[{"name":"wp","href":"https:\/\/api.w.org\/{rel}","templated":true}]}}