{"id":49129,"date":"2023-02-14T00:17:27","date_gmt":"2023-02-14T00:17:27","guid":{"rendered":"http:\/\/elterritorialweb.com.ar\/web\/?p=49129"},"modified":"2023-02-14T01:24:40","modified_gmt":"2023-02-14T01:24:40","slug":"massa-anuncio-un-nuevo-acuerdo-de-precios-para-la-carne","status":"publish","type":"post","link":"https:\/\/elterritorialweb.com.ar\/web\/massa-anuncio-un-nuevo-acuerdo-de-precios-para-la-carne\/","title":{"rendered":"MASSA ANUNCI\u00d3 UN NUEVO ACUERDO DE PRECIOS PARA LA CARNE"},"content":{"rendered":"\n<p>El ministro de Econom\u00eda,\u00a0<strong>Sergio Massa<\/strong>, anunci\u00f3 un nuevo acuerdo de precios para la\u00a0<strong>carne<\/strong>\u00a0al comunicar la inclusi\u00f3n de distintos cortes al programa Precios Justos y el lanzamiento\u00a0<strong>Programa Integral para el Impulso a la Producci\u00f3n y el Consumo de Carne<\/strong>.<\/p>\n\n\n\n<p>El acuerdo contempla la provisi\u00f3n de\u00a0<strong>15.000 toneladas de 7 cortes parrilleros de consumo\u00a0popular<\/strong>\u00a0que van a estar a disposici\u00f3n a trav\u00e9s de supermercados con\u00a0<strong>descuentos del orden del 30%<\/strong>.<\/p>\n\n\n\n<p>De esta manera, a partir del pr\u00f3ximo viernes se podr\u00e1 acceder en distintos supermercados al\u00a0<strong>asado de tira<\/strong>\u00a0a $1.035 el kilo,\u00a0<strong>vac\u00edo<\/strong>\u00a0a $1.351 el Kilo,\u00a0<strong>matambre<\/strong>\u00a0a $1.310 el Kilo,\u00a0<strong>falda\u00a0<\/strong>a $675 el Kilo,\u00a0<strong>tapa de asado\u00a0<\/strong>a $1.035 el Kilo,\u00a0<strong>nalga<\/strong>\u00a0a $1.375 el kilo y\u00a0<strong>paleta<\/strong>\u00a0a $1.113 pesos el kilo.<\/p>\n\n\n\n<figure class=\"wp-block-image size-full is-resized\"><a href=\"https:\/\/i0.wp.com\/elterritorialweb.com.ar\/web\/wp-content\/uploads\/2023\/02\/image-19.png\"><img data-recalc-dims=\"1\" decoding=\"async\" data-src=\"https:\/\/i0.wp.com\/elterritorialweb.com.ar\/web\/wp-content\/uploads\/2023\/02\/image-19.png?resize=640%2C354\" alt=\"\" class=\"wp-image-49130 lazyload\" width=\"640\" height=\"354\" data-srcset=\"https:\/\/i0.wp.com\/elterritorialweb.com.ar\/web\/wp-content\/uploads\/2023\/02\/image-19.png?w=790&amp;ssl=1 790w, https:\/\/i0.wp.com\/elterritorialweb.com.ar\/web\/wp-content\/uploads\/2023\/02\/image-19.png?resize=300%2C166&amp;ssl=1 300w, https:\/\/i0.wp.com\/elterritorialweb.com.ar\/web\/wp-content\/uploads\/2023\/02\/image-19.png?resize=768%2C425&amp;ssl=1 768w\" data-sizes=\"(max-width: 640px) 100vw, 640px\" src=\"data:image\/svg+xml;base64,PHN2ZyB3aWR0aD0iMSIgaGVpZ2h0PSIxIiB4bWxucz0iaHR0cDovL3d3dy53My5vcmcvMjAwMC9zdmciPjwvc3ZnPg==\" style=\"--smush-placeholder-width: 640px; --smush-placeholder-aspect-ratio: 640\/354;\" \/><\/a><\/figure>\n\n\n\n<p><strong>\u00abHemos decidido aumentar la oferta para cuidar el bolsillo de los argentinos<\/strong>\u00ab, sostuvo Massa desde el Palacio de Hacienda. El programa entrar\u00e1 en vigencia el 18 de febrero y se extender\u00e1 hasta el 31 de marzo. Luego los cortes tendr\u00e1n una pauta del 3.2% de aumento mensual hasta el 30 de junio.<\/p>\n\n\n\n<p>El ministro de Econom\u00eda tambi\u00e9n anunci\u00f3<strong>&nbsp;beneficios para las carnicer\u00edas<\/strong>&nbsp;y en ese sentido inform\u00f3 que quienes compren los s\u00e1bados y domingos con la tarjeta del Banco Naci\u00f3n van a tener 35% de descuento directo cada vez que realicen una compra.&nbsp;<strong>\u00abLo que hicimos fue poner recursos del Estado para disminuir el costo del ciudadano\u00bb<\/strong>, manifest\u00f3.<\/p>\n\n\n\n<p>En tanto, a quienes utilicen tarjetas de d\u00e9bito de otros bancos la AFIP les devolver\u00e1 autom\u00e1ticamente el 10% de la compra con un tope de devoluci\u00f3n de hasta 2 mil pesos.\u00a0<strong>\u00abEl reintegro del 10% de la compra se aplica a los efectos de bajar el peso que tiene en el bolsillo de cada ciudadano la compra de la carne\u00bb<\/strong>.<\/p>\n\n\n\n<p>Massa tambi\u00e9n anunci\u00f3 incentivos al sector ganadero para aumentar el volumen de vientres y de producci\u00f3n de la carne. \u00abEl aumento de la oferta est\u00e1 marcado por un primer programa&nbsp;<strong>que permite que dentro de 120 d\u00edas tengamos aumentada en un 25% la oferta para faena\u00bb<\/strong>, explic\u00f3.<\/p>\n\n\n\n<p>\u00abLo mejor que podemos hacer es aumentar volumen de producci\u00f3n, de faena y oferta para de alguna manera recuperar precios competitivos en el mercado interno\u00bb, agreg\u00f3.<\/p>\n","protected":false},"excerpt":{"rendered":"<p>En enero la carne vacuna registr\u00f3 aumentos cercanos al 30% y miembros del sector de matarife, frigor\u00edficos y carnicer\u00edas advirtieron que es posible que nuevos incrementos en los pr\u00f3ximos d\u00edas. <\/p>\n","protected":false},"author":2,"featured_media":49131,"comment_status":"open","ping_status":"open","sticky":false,"template":"","format":"standard","meta":{"om_disable_all_campaigns":false,"_monsterinsights_skip_tracking":false,"_monsterinsights_sitenote_active":false,"_monsterinsights_sitenote_note":"","_monsterinsights_sitenote_category":0,"_uf_show_specific_survey":0,"_uf_disable_surveys":false,"jetpack_post_was_ever_published":false,"_jetpack_newsletter_access":"","_jetpack_dont_email_post_to_subs":false,"_jetpack_newsletter_tier_id":0,"_jetpack_memberships_contains_paywalled_content":false,"_jetpack_memberships_contains_paid_content":false,"footnotes":"","jetpack_publicize_message":"","jetpack_publicize_feature_enabled":true,"jetpack_social_post_already_shared":false,"jetpack_social_options":{"image_generator_settings":{"template":"highway","default_image_id":0,"font":"","enabled":false},"version":2}},"categories":[4,2],"tags":[],"class_list":["post-49129","post","type-post","status-publish","format-standard","has-post-thumbnail","hentry","category-destacadas","category-economia"],"aioseo_notices":[],"views":5,"jetpack_publicize_connections":[],"jetpack_featured_media_url":"https:\/\/i0.wp.com\/elterritorialweb.com.ar\/web\/wp-content\/uploads\/2023\/02\/sergio-massa-carne.jpg?fit=680%2C383&ssl=1","jetpack_sharing_enabled":true,"_links":{"self":[{"href":"https:\/\/elterritorialweb.com.ar\/web\/wp-json\/wp\/v2\/posts\/49129","targetHints":{"allow":["GET"]}}],"collection":[{"href":"https:\/\/elterritorialweb.com.ar\/web\/wp-json\/wp\/v2\/posts"}],"about":[{"href":"https:\/\/elterritorialweb.com.ar\/web\/wp-json\/wp\/v2\/types\/post"}],"author":[{"embeddable":true,"href":"https:\/\/elterritorialweb.com.ar\/web\/wp-json\/wp\/v2\/users\/2"}],"replies":[{"embeddable":true,"href":"https:\/\/elterritorialweb.com.ar\/web\/wp-json\/wp\/v2\/comments?post=49129"}],"version-history":[{"count":1,"href":"https:\/\/elterritorialweb.com.ar\/web\/wp-json\/wp\/v2\/posts\/49129\/revisions"}],"predecessor-version":[{"id":49132,"href":"https:\/\/elterritorialweb.com.ar\/web\/wp-json\/wp\/v2\/posts\/49129\/revisions\/49132"}],"wp:featuredmedia":[{"embeddable":true,"href":"https:\/\/elterritorialweb.com.ar\/web\/wp-json\/wp\/v2\/media\/49131"}],"wp:attachment":[{"href":"https:\/\/elterritorialweb.com.ar\/web\/wp-json\/wp\/v2\/media?parent=49129"}],"wp:term":[{"taxonomy":"category","embeddable":true,"href":"https:\/\/elterritorialweb.com.ar\/web\/wp-json\/wp\/v2\/categories?post=49129"},{"taxonomy":"post_tag","embeddable":true,"href":"https:\/\/elterritorialweb.com.ar\/web\/wp-json\/wp\/v2\/tags?post=49129"}],"curies":[{"name":"wp","href":"https:\/\/api.w.org\/{rel}","templated":true}]}}