{"id":49141,"date":"2023-02-14T03:00:07","date_gmt":"2023-02-14T03:00:07","guid":{"rendered":"http:\/\/elterritorialweb.com.ar\/web\/?p=49141"},"modified":"2023-02-14T03:27:13","modified_gmt":"2023-02-14T03:27:13","slug":"buscan-a-una-pareja-que-viajo-a-mar-del-plata-y-no-se-sabe-nada-de-ellos","status":"publish","type":"post","link":"https:\/\/elterritorialweb.com.ar\/web\/buscan-a-una-pareja-que-viajo-a-mar-del-plata-y-no-se-sabe-nada-de-ellos\/","title":{"rendered":"BUSCAN A UNA PAREJA QUE VIAJ\u00d3 A MAR DEL PLATA Y NO SE SABE NADA DE ELLOS"},"content":{"rendered":"\n<p>La <strong>Divisi\u00f3n B\u00fasqueda de Personas<\/strong> de la polic\u00eda de la provincia, se encuentran trabajando en la b\u00fasqueda de una pareja que viaj\u00f3 a Mar del Plata y no se sabe nada de ellos. <\/p>\n\n\n\n<p>Se trata de <strong>Carlos Alberto Leguizam\u00f3n<\/strong>, de 20 a\u00f1os, del barrio Col\u00f3n y <strong>Angela Noemi Ontivero<\/strong> de 29 a\u00f1os oriunda de Mar del Plata, los cuales se ausentaron de su vivienda el pasado jueves, con destino a Colonia Dora, para luego viajar hacia Mar del Plata.<\/p>\n\n\n\n<p>Seg\u00fan los datos Filiatorios, Leguizam\u00f3n cuenta con las siguentes caracteristicas: altura 1.65, contextura delgada, de cutis trigue\u00f1o cabello corto de color negro y parte superior te\u00f1ido de rojo, ojos color verde. Presenta una cicatriz en su espalda. Vest\u00eda una musculosa roja con dibujo adelante, bermuda color negra, zapatilla de color negra con detalles blanco, llevaba una mochila color negra y 2 bolsos grandes.<\/p>\n\n\n\n<p>Por su parte Datos la mujer, 1.60 de altura, contextura delgada, test trigue\u00f1a, cabello color rubio largo rapado en ambos lados, ojos color negro, presenta tatuajes en su ante brazo izquierdo con inscripci\u00f3n \u00abNEO, MICHELL\u00bb, en ante brazo derecho presenta una flor y una cruz. Vest\u00eda un short color salm\u00f3n, una b\u00e1sica blanca con una camisa negra y zapatillas color Blanca.<\/p>\n\n\n\n<p>Ante cualquier informaci\u00f3n que pueda ser brindada se ruega poner en conocimiento de la divisi\u00f3n b\u00fasqueda de personas, tel\u00e9fono 4226638\/0385-154971621 o dirigirse a la dependencia policial m\u00e1s cercana.<\/p>\n","protected":false},"excerpt":{"rendered":"<p>Se trata de un hombre del barrio Col\u00f3n junto a su novia, quienes viajaron a \u00abLa Feliz\u00bb, y hasta el momento su familiares no los pueden localizar.<\/p>\n","protected":false},"author":2,"featured_media":49142,"comment_status":"open","ping_status":"open","sticky":false,"template":"","format":"standard","meta":{"om_disable_all_campaigns":false,"_monsterinsights_skip_tracking":false,"_monsterinsights_sitenote_active":false,"_monsterinsights_sitenote_note":"","_monsterinsights_sitenote_category":0,"_uf_show_specific_survey":0,"_uf_disable_surveys":false,"jetpack_post_was_ever_published":false,"_jetpack_newsletter_access":"","_jetpack_dont_email_post_to_subs":false,"_jetpack_newsletter_tier_id":0,"_jetpack_memberships_contains_paywalled_content":false,"_jetpack_memberships_contains_paid_content":false,"footnotes":"","jetpack_publicize_message":"","jetpack_publicize_feature_enabled":true,"jetpack_social_post_already_shared":false,"jetpack_social_options":{"image_generator_settings":{"template":"highway","default_image_id":0,"font":"","enabled":false},"version":2}},"categories":[36],"tags":[],"class_list":["post-49141","post","type-post","status-publish","format-standard","has-post-thumbnail","hentry","category-policiales"],"aioseo_notices":[],"views":10,"jetpack_publicize_connections":[],"jetpack_featured_media_url":"https:\/\/i0.wp.com\/elterritorialweb.com.ar\/web\/wp-content\/uploads\/2023\/02\/PAREJA-DESAPARECIDA-1-2.jpg?fit=500%2C449&ssl=1","jetpack_sharing_enabled":true,"_links":{"self":[{"href":"https:\/\/elterritorialweb.com.ar\/web\/wp-json\/wp\/v2\/posts\/49141","targetHints":{"allow":["GET"]}}],"collection":[{"href":"https:\/\/elterritorialweb.com.ar\/web\/wp-json\/wp\/v2\/posts"}],"about":[{"href":"https:\/\/elterritorialweb.com.ar\/web\/wp-json\/wp\/v2\/types\/post"}],"author":[{"embeddable":true,"href":"https:\/\/elterritorialweb.com.ar\/web\/wp-json\/wp\/v2\/users\/2"}],"replies":[{"embeddable":true,"href":"https:\/\/elterritorialweb.com.ar\/web\/wp-json\/wp\/v2\/comments?post=49141"}],"version-history":[{"count":2,"href":"https:\/\/elterritorialweb.com.ar\/web\/wp-json\/wp\/v2\/posts\/49141\/revisions"}],"predecessor-version":[{"id":49145,"href":"https:\/\/elterritorialweb.com.ar\/web\/wp-json\/wp\/v2\/posts\/49141\/revisions\/49145"}],"wp:featuredmedia":[{"embeddable":true,"href":"https:\/\/elterritorialweb.com.ar\/web\/wp-json\/wp\/v2\/media\/49142"}],"wp:attachment":[{"href":"https:\/\/elterritorialweb.com.ar\/web\/wp-json\/wp\/v2\/media?parent=49141"}],"wp:term":[{"taxonomy":"category","embeddable":true,"href":"https:\/\/elterritorialweb.com.ar\/web\/wp-json\/wp\/v2\/categories?post=49141"},{"taxonomy":"post_tag","embeddable":true,"href":"https:\/\/elterritorialweb.com.ar\/web\/wp-json\/wp\/v2\/tags?post=49141"}],"curies":[{"name":"wp","href":"https:\/\/api.w.org\/{rel}","templated":true}]}}