{"id":49147,"date":"2023-02-14T14:37:48","date_gmt":"2023-02-14T14:37:48","guid":{"rendered":"http:\/\/elterritorialweb.com.ar\/web\/?p=49147"},"modified":"2023-02-14T14:37:48","modified_gmt":"2023-02-14T14:37:48","slug":"silva-neder-el-plan-de-pago-de-la-deuda-previsional-seria-una-respuesta-a-quienes-esperan-jubilarse-tras-toda-una-vida-de-trabajo","status":"publish","type":"post","link":"https:\/\/elterritorialweb.com.ar\/web\/silva-neder-el-plan-de-pago-de-la-deuda-previsional-seria-una-respuesta-a-quienes-esperan-jubilarse-tras-toda-una-vida-de-trabajo\/","title":{"rendered":"SILVA NEDER: \u00abEL PLAN DE PAGO DE LA DEUDA PREVISIONAL SER\u00cdA UNA RESPUESTA A QUIENES ESPERAN JUBILARSE TRAS TODA UNA VIDA DE TRABAJO\u00bb"},"content":{"rendered":"\n<p>Ratificando el&nbsp;<strong>documento&nbsp;<\/strong>emitido por&nbsp;<strong>Vicegobernadores&nbsp;<\/strong>y&nbsp;<strong>Vicegobernadoras&nbsp;<\/strong>de veinte provincias argentinas,&nbsp;<strong>encabezados&nbsp;<\/strong>por la presidenta del Fovira,&nbsp;<strong>Ver\u00f3nica Magario<\/strong>&nbsp;(Buenos Aires), el vicegobernador de Santiago del Estero,&nbsp;<strong>Carlos Silva Neder<\/strong>, en su car\u00e1cter de vicepresidente del&nbsp;<strong>Fovira<\/strong>, se\u00f1al\u00f3 que&nbsp;<strong>\u201cel proyecto de ley del Plan de Pago de Deuda Previsional ser\u00eda una respuesta a las miles de personas que esperan jubilarse tras toda una vida de trabajo\u201d<\/strong>.<\/p>\n\n\n\n<p>En las \u00faltimas horas, el Foro de Gobernadores y Vicegobernadoras de la Rep\u00fablica Argentina (Fovira) emiti\u00f3 un\u00a0<strong>documento expresando su \u201cen\u00e9rgico apoyo\u201d al proyecto de ley Plan de Pago de Deuda Previsional<\/strong>\u00a0que ya cuenta con media sanci\u00f3n en el Senado.<\/p>\n\n\n\n<p>En tal sentido,&nbsp;<strong>Silva Neder remarc\u00f3 que \u201cla aprobaci\u00f3n del proyecto de ley implica resolver la situaci\u00f3n previsional ahora y dar respuesta a las miles de personas<\/strong>&nbsp;que est\u00e1n esperando poder jubilarse o pensionarse\u201d.<\/p>\n\n\n\n<p>Junto con mis pares Vicegobernadores, consideramos que&nbsp;<strong>la aprobaci\u00f3n de este proyecto \u201ces respetar nuestra Constituci\u00f3n Nacional y los Tratados Internacionales de Derechos Humanos, es poder entender el valor del reconocimiento de la tarea cumplida\u201d<\/strong>.<\/p>\n\n\n\n<p>En tal sentido, los Vicegobernadores sostienen: \u201cEsta ley es el fiel reflejo de una necesidad que debe ser atendida por nuestro sistema previsional: si estamos convencidos que el destino de aquellos que han trabajado duramente toda su vida tiene que ser protegido por una herramienta s\u00f3lida y perdurable no podemos caer en falsos y enga\u00f1osos dilemas que confunden y distorsionan el noble sentido de este reconocimiento normativo. Es por eso que desde nuestro lugar de Vicegobernadoras y Vicegobernadores acompa\u00f1amos la ley\u201d.<\/p>\n\n\n\n<p><strong>El documento&nbsp;<\/strong><strong>cuenta con adhesi\u00f3n de los vicegobernadores<\/strong>&nbsp;Ver\u00f3nica Magario (Buenos Aires),&nbsp;<strong>Carlos Silva Neder (Santiago del Estero)<\/strong>, Rub\u00e9n Dusso (Catamarca), Anal\u00eda Rach Quiroga (Chaco), Ricardo Sastre (Chubut), Mar\u00eda Laura Stratta (Entre R\u00edos) Eber Solis (Formosa), Carlos Haquim (Jujuy); Mariano Fern\u00e1ndez (La Pampa), Florencia L\u00f3pez (La Rioja), Marcos Koopmann (Neuqu\u00e9n), Alejandro Palmieri (R\u00edo Negro), Antonio Marocco (Salta).<\/p>\n\n\n\n<p>Tambi\u00e9n adhirieron de Roberto Gattoni (San Juan), Eduardo Mones Ruiz (San Luis), Eugenio Quiroga (Santa Cruz), Alejandra Rodenas (Santa Fe), M\u00f3nica Urquiza (Tierra del Fuego), Sergio Mansilla (Tucum\u00e1n) y Carlos Arce (Misiones).<\/p>\n","protected":false},"excerpt":{"rendered":"<p>El vicegobernador de Santiago del Estero y vicepresidente del Fovira expres\u00f3 su apoyo al proyecto de ley Plan de Pago de Deuda Previsional que ya cuenta con media sanci\u00f3n en el Senado.<\/p>\n","protected":false},"author":2,"featured_media":49148,"comment_status":"open","ping_status":"open","sticky":false,"template":"","format":"standard","meta":{"om_disable_all_campaigns":false,"_monsterinsights_skip_tracking":false,"_monsterinsights_sitenote_active":false,"_monsterinsights_sitenote_note":"","_monsterinsights_sitenote_category":0,"_uf_show_specific_survey":0,"_uf_disable_surveys":false,"jetpack_post_was_ever_published":false,"_jetpack_newsletter_access":"","_jetpack_dont_email_post_to_subs":false,"_jetpack_newsletter_tier_id":0,"_jetpack_memberships_contains_paywalled_content":false,"_jetpack_memberships_contains_paid_content":false,"footnotes":"","jetpack_publicize_message":"","jetpack_publicize_feature_enabled":true,"jetpack_social_post_already_shared":false,"jetpack_social_options":{"image_generator_settings":{"template":"highway","default_image_id":0,"font":"","enabled":false},"version":2}},"categories":[4,21],"tags":[],"class_list":["post-49147","post","type-post","status-publish","format-standard","has-post-thumbnail","hentry","category-destacadas","category-locales"],"aioseo_notices":[],"views":8,"jetpack_publicize_connections":[],"jetpack_featured_media_url":"https:\/\/i0.wp.com\/elterritorialweb.com.ar\/web\/wp-content\/uploads\/2023\/02\/carlos-silva-neder-2.jpg?fit=639%2C468&ssl=1","jetpack_sharing_enabled":true,"_links":{"self":[{"href":"https:\/\/elterritorialweb.com.ar\/web\/wp-json\/wp\/v2\/posts\/49147","targetHints":{"allow":["GET"]}}],"collection":[{"href":"https:\/\/elterritorialweb.com.ar\/web\/wp-json\/wp\/v2\/posts"}],"about":[{"href":"https:\/\/elterritorialweb.com.ar\/web\/wp-json\/wp\/v2\/types\/post"}],"author":[{"embeddable":true,"href":"https:\/\/elterritorialweb.com.ar\/web\/wp-json\/wp\/v2\/users\/2"}],"replies":[{"embeddable":true,"href":"https:\/\/elterritorialweb.com.ar\/web\/wp-json\/wp\/v2\/comments?post=49147"}],"version-history":[{"count":1,"href":"https:\/\/elterritorialweb.com.ar\/web\/wp-json\/wp\/v2\/posts\/49147\/revisions"}],"predecessor-version":[{"id":49149,"href":"https:\/\/elterritorialweb.com.ar\/web\/wp-json\/wp\/v2\/posts\/49147\/revisions\/49149"}],"wp:featuredmedia":[{"embeddable":true,"href":"https:\/\/elterritorialweb.com.ar\/web\/wp-json\/wp\/v2\/media\/49148"}],"wp:attachment":[{"href":"https:\/\/elterritorialweb.com.ar\/web\/wp-json\/wp\/v2\/media?parent=49147"}],"wp:term":[{"taxonomy":"category","embeddable":true,"href":"https:\/\/elterritorialweb.com.ar\/web\/wp-json\/wp\/v2\/categories?post=49147"},{"taxonomy":"post_tag","embeddable":true,"href":"https:\/\/elterritorialweb.com.ar\/web\/wp-json\/wp\/v2\/tags?post=49147"}],"curies":[{"name":"wp","href":"https:\/\/api.w.org\/{rel}","templated":true}]}}