{"id":49158,"date":"2023-02-14T21:09:42","date_gmt":"2023-02-14T21:09:42","guid":{"rendered":"http:\/\/elterritorialweb.com.ar\/web\/?p=49158"},"modified":"2023-02-14T21:39:49","modified_gmt":"2023-02-14T21:39:49","slug":"salud-insta-a-tomar-recaudos-contra-el-dengue-zika-y-chicungunya-ante-las-lluvias-frecuentes","status":"publish","type":"post","link":"https:\/\/elterritorialweb.com.ar\/web\/salud-insta-a-tomar-recaudos-contra-el-dengue-zika-y-chicungunya-ante-las-lluvias-frecuentes\/","title":{"rendered":"SALUD INSTA A TOMAR RECAUDOS CONTRA EL DENGUE, ZIKA Y CHICUNGUNYA ANTE LAS LLUVIAS FRECUENTES"},"content":{"rendered":"\n<p>Por esta raz\u00f3n se hace hincapi\u00e9 en la necesidad de eliminar los objetos donde se pueda acumular agua y servir de criaderos, ya sea en los patios de los hogares, lugares de trabajo u otros espacios. <\/p>\n\n\n\n<p>En este sentido, el Ministerio de Salud, a cargo de la Lic. Natividad Nassif, record\u00f3 a las familias la necesidad de continuar con las medidas para la eliminaci\u00f3n permanente de criaderos de mosquitos. Esto implica tirar los objetos en desuso que puedan acumular agua y colocar boca abajo y bajo techo los recipientes que se utilizan diariamente como baldes, palanganas, latas, frascos o botellas<\/p>\n\n\n\n<p>Tambi\u00e9n es fundamental tapar herm\u00e9ticamente los tanques y recipientes que contengan agua; mantener limpias las canaletas y desag\u00fces; cambiar el agua de floreros y bebederos de animales y limpiarlos cada tres d\u00edas, tanto en la casa como en los cementerios.<\/p>\n\n\n\n<p>En este \u00faltimo caso, hay que reemplazar el agua de floreros por arena h\u00fameda. Adem\u00e1s se recuerda cortar el pasto frecuentemente, desmalezar terrenos bald\u00edos, no tirar basura en sitios no autorizados, usar mosquiteros en ventanas, revisar las p\u00e9rdidas de agua en ca\u00f1os de fondos y jardines.<br>Para protegerse de picaduras se recomienda utilizar repelente en la piel y en la ropa, tapar con tela mosquitera las aberturas y los coches de los beb\u00e9s.<\/p>\n\n\n\n<p>Los s\u00edntomas del dengue son fiebre mayor a 38\u00baC, sin signos de infecci\u00f3n respiratoria, acompa\u00f1ada de dos o m\u00e1s de los siguientes s\u00edntomas: cefalea, anorexia, n\u00e1useas, erupciones cut\u00e1neas, dolor detr\u00e1s de los ojos (retro-ocular), malestar general, dolor en los m\u00fasculos y\/o en las articulaciones, diarrea o v\u00f3mitos. Ante estos indicios deber\u00e1 acudir al centro de salud m\u00e1s cercano a su domicilio.<\/p>\n\n\n\n<p><\/p>\n\n\n\n<figure class=\"wp-block-gallery has-nested-images columns-default is-cropped wp-block-gallery-1 is-layout-flex wp-block-gallery-is-layout-flex\">\n<figure class=\"wp-block-image size-large\"><a href=\"https:\/\/i0.wp.com\/elterritorialweb.com.ar\/web\/wp-content\/uploads\/2023\/02\/WhatsApp-Image-2023-02-14-at-19.22.03.jpeg\"><img data-recalc-dims=\"1\" decoding=\"async\" width=\"640\" height=\"640\" data-id=\"49160\" data-src=\"https:\/\/i0.wp.com\/elterritorialweb.com.ar\/web\/wp-content\/uploads\/2023\/02\/WhatsApp-Image-2023-02-14-at-19.22.03.jpeg?resize=640%2C640\" alt=\"\" class=\"wp-image-49160 lazyload\" data-srcset=\"https:\/\/i0.wp.com\/elterritorialweb.com.ar\/web\/wp-content\/uploads\/2023\/02\/WhatsApp-Image-2023-02-14-at-19.22.03.jpeg?resize=1024%2C1024&amp;ssl=1 1024w, https:\/\/i0.wp.com\/elterritorialweb.com.ar\/web\/wp-content\/uploads\/2023\/02\/WhatsApp-Image-2023-02-14-at-19.22.03.jpeg?resize=300%2C300&amp;ssl=1 300w, https:\/\/i0.wp.com\/elterritorialweb.com.ar\/web\/wp-content\/uploads\/2023\/02\/WhatsApp-Image-2023-02-14-at-19.22.03.jpeg?resize=150%2C150&amp;ssl=1 150w, https:\/\/i0.wp.com\/elterritorialweb.com.ar\/web\/wp-content\/uploads\/2023\/02\/WhatsApp-Image-2023-02-14-at-19.22.03.jpeg?resize=768%2C768&amp;ssl=1 768w, https:\/\/i0.wp.com\/elterritorialweb.com.ar\/web\/wp-content\/uploads\/2023\/02\/WhatsApp-Image-2023-02-14-at-19.22.03.jpeg?w=1080&amp;ssl=1 1080w\" data-sizes=\"(max-width: 640px) 100vw, 640px\" src=\"data:image\/svg+xml;base64,PHN2ZyB3aWR0aD0iMSIgaGVpZ2h0PSIxIiB4bWxucz0iaHR0cDovL3d3dy53My5vcmcvMjAwMC9zdmciPjwvc3ZnPg==\" style=\"--smush-placeholder-width: 640px; --smush-placeholder-aspect-ratio: 640\/640;\" \/><\/a><\/figure>\n\n\n\n<figure class=\"wp-block-image size-large\"><a href=\"https:\/\/i0.wp.com\/elterritorialweb.com.ar\/web\/wp-content\/uploads\/2023\/02\/WhatsApp-Image-2023-02-14-at-19.22.04.jpeg\"><img data-recalc-dims=\"1\" decoding=\"async\" width=\"640\" height=\"640\" data-id=\"49161\" data-src=\"https:\/\/i0.wp.com\/elterritorialweb.com.ar\/web\/wp-content\/uploads\/2023\/02\/WhatsApp-Image-2023-02-14-at-19.22.04.jpeg?resize=640%2C640\" alt=\"\" class=\"wp-image-49161 lazyload\" data-srcset=\"https:\/\/i0.wp.com\/elterritorialweb.com.ar\/web\/wp-content\/uploads\/2023\/02\/WhatsApp-Image-2023-02-14-at-19.22.04.jpeg?resize=1024%2C1024&amp;ssl=1 1024w, https:\/\/i0.wp.com\/elterritorialweb.com.ar\/web\/wp-content\/uploads\/2023\/02\/WhatsApp-Image-2023-02-14-at-19.22.04.jpeg?resize=300%2C300&amp;ssl=1 300w, https:\/\/i0.wp.com\/elterritorialweb.com.ar\/web\/wp-content\/uploads\/2023\/02\/WhatsApp-Image-2023-02-14-at-19.22.04.jpeg?resize=150%2C150&amp;ssl=1 150w, https:\/\/i0.wp.com\/elterritorialweb.com.ar\/web\/wp-content\/uploads\/2023\/02\/WhatsApp-Image-2023-02-14-at-19.22.04.jpeg?resize=768%2C768&amp;ssl=1 768w, https:\/\/i0.wp.com\/elterritorialweb.com.ar\/web\/wp-content\/uploads\/2023\/02\/WhatsApp-Image-2023-02-14-at-19.22.04.jpeg?w=1080&amp;ssl=1 1080w\" data-sizes=\"(max-width: 640px) 100vw, 640px\" src=\"data:image\/svg+xml;base64,PHN2ZyB3aWR0aD0iMSIgaGVpZ2h0PSIxIiB4bWxucz0iaHR0cDovL3d3dy53My5vcmcvMjAwMC9zdmciPjwvc3ZnPg==\" style=\"--smush-placeholder-width: 640px; --smush-placeholder-aspect-ratio: 640\/640;\" \/><\/a><\/figure>\n<\/figure>\n","protected":false},"excerpt":{"rendered":"<p>El Ministerio de Salud de la provincia advierte a la poblaci\u00f3n que se deben extremar los cuidados ante las recientes lluvias, que generan condiciones propicias para la reproducci\u00f3n de los mosquitos, particularmente de la especie Aedes Aegypti, vector de enfermedades como el dengue, zica y chikunguya.<\/p>\n","protected":false},"author":2,"featured_media":49159,"comment_status":"open","ping_status":"open","sticky":false,"template":"","format":"standard","meta":{"om_disable_all_campaigns":false,"_monsterinsights_skip_tracking":false,"_monsterinsights_sitenote_active":false,"_monsterinsights_sitenote_note":"","_monsterinsights_sitenote_category":0,"_uf_show_specific_survey":0,"_uf_disable_surveys":false,"jetpack_post_was_ever_published":false,"_jetpack_newsletter_access":"","_jetpack_dont_email_post_to_subs":false,"_jetpack_newsletter_tier_id":0,"_jetpack_memberships_contains_paywalled_content":false,"_jetpack_memberships_contains_paid_content":false,"footnotes":"","jetpack_publicize_message":"","jetpack_publicize_feature_enabled":true,"jetpack_social_post_already_shared":false,"jetpack_social_options":{"image_generator_settings":{"template":"highway","default_image_id":0,"font":"","enabled":false},"version":2}},"categories":[3],"tags":[],"class_list":["post-49158","post","type-post","status-publish","format-standard","has-post-thumbnail","hentry","category-salud"],"aioseo_notices":[],"views":14,"jetpack_publicize_connections":[],"jetpack_featured_media_url":"https:\/\/i0.wp.com\/elterritorialweb.com.ar\/web\/wp-content\/uploads\/2023\/02\/mosquito-dengue.jpeg?fit=1024%2C679&ssl=1","jetpack_sharing_enabled":true,"_links":{"self":[{"href":"https:\/\/elterritorialweb.com.ar\/web\/wp-json\/wp\/v2\/posts\/49158","targetHints":{"allow":["GET"]}}],"collection":[{"href":"https:\/\/elterritorialweb.com.ar\/web\/wp-json\/wp\/v2\/posts"}],"about":[{"href":"https:\/\/elterritorialweb.com.ar\/web\/wp-json\/wp\/v2\/types\/post"}],"author":[{"embeddable":true,"href":"https:\/\/elterritorialweb.com.ar\/web\/wp-json\/wp\/v2\/users\/2"}],"replies":[{"embeddable":true,"href":"https:\/\/elterritorialweb.com.ar\/web\/wp-json\/wp\/v2\/comments?post=49158"}],"version-history":[{"count":2,"href":"https:\/\/elterritorialweb.com.ar\/web\/wp-json\/wp\/v2\/posts\/49158\/revisions"}],"predecessor-version":[{"id":49170,"href":"https:\/\/elterritorialweb.com.ar\/web\/wp-json\/wp\/v2\/posts\/49158\/revisions\/49170"}],"wp:featuredmedia":[{"embeddable":true,"href":"https:\/\/elterritorialweb.com.ar\/web\/wp-json\/wp\/v2\/media\/49159"}],"wp:attachment":[{"href":"https:\/\/elterritorialweb.com.ar\/web\/wp-json\/wp\/v2\/media?parent=49158"}],"wp:term":[{"taxonomy":"category","embeddable":true,"href":"https:\/\/elterritorialweb.com.ar\/web\/wp-json\/wp\/v2\/categories?post=49158"},{"taxonomy":"post_tag","embeddable":true,"href":"https:\/\/elterritorialweb.com.ar\/web\/wp-json\/wp\/v2\/tags?post=49158"}],"curies":[{"name":"wp","href":"https:\/\/api.w.org\/{rel}","templated":true}]}}