{"id":49171,"date":"2023-02-14T22:13:44","date_gmt":"2023-02-14T22:13:44","guid":{"rendered":"http:\/\/elterritorialweb.com.ar\/web\/?p=49171"},"modified":"2023-02-14T22:20:54","modified_gmt":"2023-02-14T22:20:54","slug":"el-municipio-intensifica-las-recomendaciones-para-prevenir-los-contagios-de-dengue","status":"publish","type":"post","link":"https:\/\/elterritorialweb.com.ar\/web\/el-municipio-intensifica-las-recomendaciones-para-prevenir-los-contagios-de-dengue\/","title":{"rendered":"EL MUNICIPIO INTENSIFICA LAS RECOMENDACIONES PARA PREVENIR LOS CONTAGIOS DE DENGUE"},"content":{"rendered":"\n<p>Es fundamental la toma de conciencia para combatir esta enfermedad transmitida por la picadura del mosquito Aedes Aegypti; para ello, lo principal es eliminar los posibles criaderos que se producen en recipientes con agua estancada.<br>Es importante tener en cuenta ciertas recomendaciones como: tapar los tanques de agua, mantener los elementos en desuso boca abajo, limpiar diariamente los bebederos de animales y mantener patios y terrenos libres de malezas.<br>Asimismo, las autoridades del \u00e1rea recomiendan vigilar la aparici\u00f3n de s\u00edntomas: fiebre acompa\u00f1ada de dolor detr\u00e1s de los ojos, dolor de cabeza, muscular y de articulaciones, n\u00e1useas y v\u00f3mitos, cansancio intenso, aparici\u00f3n de manchas en la piel, picaz\u00f3n y\/o sangrado de nariz y enc\u00edas.<br>En este sentido, mediante las pol\u00edticas de gesti\u00f3n del intendente Roger Nediani, el municipio realiza a trav\u00e9s de diferentes \u00e1reas tareas de erradicaci\u00f3n de mini basurales, fumigaci\u00f3n, desmalezamiento y limpieza integral en diferentes sectores de la ciudad.<br>Cabe recordar as\u00ed, que est\u00e1 enfermedad no cuenta con una vacuna, por tal motivo es importante la prevenci\u00f3n ya que el contagio solo se produce por la picadura de los mosquitos infectados, nunca de una persona a otra.<br>En caso de contar con algunos o todos los s\u00edntomas antes mencionados, se debe recurrir al centro de salud m\u00e1s cercano a su domicilio.<\/p>\n\n\n\n<figure class=\"wp-block-image size-large\"><a href=\"https:\/\/i0.wp.com\/elterritorialweb.com.ar\/web\/wp-content\/uploads\/2023\/02\/WhatsApp-Image-2023-02-14-at-16.59.45-1.jpeg\"><img data-recalc-dims=\"1\" decoding=\"async\" width=\"640\" height=\"661\" data-src=\"https:\/\/i0.wp.com\/elterritorialweb.com.ar\/web\/wp-content\/uploads\/2023\/02\/WhatsApp-Image-2023-02-14-at-16.59.45-1.jpeg?resize=640%2C661\" alt=\"\" class=\"wp-image-49175 lazyload\" data-srcset=\"https:\/\/i0.wp.com\/elterritorialweb.com.ar\/web\/wp-content\/uploads\/2023\/02\/WhatsApp-Image-2023-02-14-at-16.59.45-1.jpeg?resize=991%2C1024&amp;ssl=1 991w, https:\/\/i0.wp.com\/elterritorialweb.com.ar\/web\/wp-content\/uploads\/2023\/02\/WhatsApp-Image-2023-02-14-at-16.59.45-1.jpeg?resize=290%2C300&amp;ssl=1 290w, https:\/\/i0.wp.com\/elterritorialweb.com.ar\/web\/wp-content\/uploads\/2023\/02\/WhatsApp-Image-2023-02-14-at-16.59.45-1.jpeg?resize=768%2C794&amp;ssl=1 768w, https:\/\/i0.wp.com\/elterritorialweb.com.ar\/web\/wp-content\/uploads\/2023\/02\/WhatsApp-Image-2023-02-14-at-16.59.45-1.jpeg?resize=1024%2C1058&amp;ssl=1 1024w, https:\/\/i0.wp.com\/elterritorialweb.com.ar\/web\/wp-content\/uploads\/2023\/02\/WhatsApp-Image-2023-02-14-at-16.59.45-1.jpeg?w=1134&amp;ssl=1 1134w\" data-sizes=\"(max-width: 640px) 100vw, 640px\" src=\"data:image\/svg+xml;base64,PHN2ZyB3aWR0aD0iMSIgaGVpZ2h0PSIxIiB4bWxucz0iaHR0cDovL3d3dy53My5vcmcvMjAwMC9zdmciPjwvc3ZnPg==\" style=\"--smush-placeholder-width: 640px; --smush-placeholder-aspect-ratio: 640\/661;\" \/><\/a><\/figure>\n","protected":false},"excerpt":{"rendered":"<p>La Municipalidad de La Banda, a trav\u00e9s de la Direcci\u00f3n de Pol\u00edticas Sanitarias, dependiente de la Secretar\u00eda de Salud, contin\u00faa con la Campa\u00f1a de Prevenci\u00f3n y Concientizaci\u00f3n del Dengue bajo el lema \u201cSumate a la campa\u00f1a y hagamos juntos una ciudad m\u00e1s saludable\u201d con el objetivo de brindar informaci\u00f3n a los vecinos para prevenir y disminuir contagios.<\/p>\n","protected":false},"author":2,"featured_media":49172,"comment_status":"open","ping_status":"open","sticky":false,"template":"","format":"standard","meta":{"om_disable_all_campaigns":false,"_monsterinsights_skip_tracking":false,"_monsterinsights_sitenote_active":false,"_monsterinsights_sitenote_note":"","_monsterinsights_sitenote_category":0,"_uf_show_specific_survey":0,"_uf_disable_surveys":false,"jetpack_post_was_ever_published":false,"_jetpack_newsletter_access":"","_jetpack_dont_email_post_to_subs":false,"_jetpack_newsletter_tier_id":0,"_jetpack_memberships_contains_paywalled_content":false,"_jetpack_memberships_contains_paid_content":false,"footnotes":"","jetpack_publicize_message":"","jetpack_publicize_feature_enabled":true,"jetpack_social_post_already_shared":false,"jetpack_social_options":{"image_generator_settings":{"template":"highway","default_image_id":0,"font":"","enabled":false},"version":2}},"categories":[9,3],"tags":[],"class_list":["post-49171","post","type-post","status-publish","format-standard","has-post-thumbnail","hentry","category-banda","category-salud"],"aioseo_notices":[],"views":6,"jetpack_publicize_connections":[],"jetpack_featured_media_url":"https:\/\/i0.wp.com\/elterritorialweb.com.ar\/web\/wp-content\/uploads\/2023\/02\/dengue.jpg?fit=900%2C675&ssl=1","jetpack_sharing_enabled":true,"_links":{"self":[{"href":"https:\/\/elterritorialweb.com.ar\/web\/wp-json\/wp\/v2\/posts\/49171","targetHints":{"allow":["GET"]}}],"collection":[{"href":"https:\/\/elterritorialweb.com.ar\/web\/wp-json\/wp\/v2\/posts"}],"about":[{"href":"https:\/\/elterritorialweb.com.ar\/web\/wp-json\/wp\/v2\/types\/post"}],"author":[{"embeddable":true,"href":"https:\/\/elterritorialweb.com.ar\/web\/wp-json\/wp\/v2\/users\/2"}],"replies":[{"embeddable":true,"href":"https:\/\/elterritorialweb.com.ar\/web\/wp-json\/wp\/v2\/comments?post=49171"}],"version-history":[{"count":2,"href":"https:\/\/elterritorialweb.com.ar\/web\/wp-json\/wp\/v2\/posts\/49171\/revisions"}],"predecessor-version":[{"id":49176,"href":"https:\/\/elterritorialweb.com.ar\/web\/wp-json\/wp\/v2\/posts\/49171\/revisions\/49176"}],"wp:featuredmedia":[{"embeddable":true,"href":"https:\/\/elterritorialweb.com.ar\/web\/wp-json\/wp\/v2\/media\/49172"}],"wp:attachment":[{"href":"https:\/\/elterritorialweb.com.ar\/web\/wp-json\/wp\/v2\/media?parent=49171"}],"wp:term":[{"taxonomy":"category","embeddable":true,"href":"https:\/\/elterritorialweb.com.ar\/web\/wp-json\/wp\/v2\/categories?post=49171"},{"taxonomy":"post_tag","embeddable":true,"href":"https:\/\/elterritorialweb.com.ar\/web\/wp-json\/wp\/v2\/tags?post=49171"}],"curies":[{"name":"wp","href":"https:\/\/api.w.org\/{rel}","templated":true}]}}