{"id":49177,"date":"2023-02-14T22:35:02","date_gmt":"2023-02-14T22:35:02","guid":{"rendered":"http:\/\/elterritorialweb.com.ar\/web\/?p=49177"},"modified":"2023-02-14T22:35:03","modified_gmt":"2023-02-14T22:35:03","slug":"el-cine-renzi-presentara-el-pre-estreno-de-ant-man-and-the-wasp-quantumania","status":"publish","type":"post","link":"https:\/\/elterritorialweb.com.ar\/web\/el-cine-renzi-presentara-el-pre-estreno-de-ant-man-and-the-wasp-quantumania\/","title":{"rendered":"EL CINE RENZI PRESENTAR\u00c1 EL PRE-ESTRENO DE \u00abANT-MAN AND THE WASP: QUANTUMANIA\u00bb"},"content":{"rendered":"\n<p>La pel\u00edcula de superh\u00e9roes estadounidense basada en los personajes de Marvel Comics, es la pel\u00edcula 31 del Universo cinematogr\u00e1fico de Marvel (UCM), tambi\u00e9n ser\u00e1 la primera pel\u00edcula de la Fase 5.<br>La misma est\u00e1 dirigida por Peyton Reed a partir de un guion de Jeff Loveness, y est\u00e1 protagonizada por Paul Rudd como Scott Lang y Evangeline Lilly como Hope van Dyne, junto a Jonathan Majors, Kathryn Newton, Michelle Pfeiffer, Michael Douglas, David Dastmalchian, William Jackson Harper y Katy O&#8217;Brian. En la pel\u00edcula, Lang y van Dyne exploran el \u201cReino Cu\u00e1ntico\u201d junto con su familia y se enfrentan a Kang el Conquistador.<br>Los superh\u00e9roes Scott Lang y Hope Van Dyne regresar para continuar sus aventuras como Ant-Man y Wasp. Con los padres de Hope, Hank Pym y Janet Van Dyne, y con la hija de Scott, Cassie Lang, la familia explora el \u201cReino Qu\u00e1ntico\u201d, interact\u00faa con extra\u00f1as criaturas y se embarca en una aventura que los har\u00e1 ir m\u00e1s all\u00e1 de lo que cre\u00edan posible.<br>Las entradas anticipadas pueden ser adquiridas en el cine sito en Avenida Besares 151 o en la p\u00e1gina web https:\/\/cinerenzi.com y el costo 2D $700, 3D $800.<\/p>\n","protected":false},"excerpt":{"rendered":"<p>El Cine Renzi dependiente de la Secretar\u00eda de Comunicaci\u00f3n presentar\u00e1 el pre estreno de \u201cAnt-Man and the Wasp: Quantumania\u201d el mi\u00e9rcoles 15 en el horario de las 20.00 2D y 22.15 3D.<\/p>\n","protected":false},"author":2,"featured_media":49178,"comment_status":"open","ping_status":"open","sticky":false,"template":"","format":"standard","meta":{"om_disable_all_campaigns":false,"_monsterinsights_skip_tracking":false,"_monsterinsights_sitenote_active":false,"_monsterinsights_sitenote_note":"","_monsterinsights_sitenote_category":0,"_uf_show_specific_survey":0,"_uf_disable_surveys":false,"jetpack_post_was_ever_published":false,"_jetpack_newsletter_access":"","_jetpack_dont_email_post_to_subs":false,"_jetpack_newsletter_tier_id":0,"_jetpack_memberships_contains_paywalled_content":false,"_jetpack_memberships_contains_paid_content":false,"footnotes":"","jetpack_publicize_message":"","jetpack_publicize_feature_enabled":true,"jetpack_social_post_already_shared":false,"jetpack_social_options":{"image_generator_settings":{"template":"highway","default_image_id":0,"font":"","enabled":false},"version":2}},"categories":[9,20],"tags":[],"class_list":["post-49177","post","type-post","status-publish","format-standard","has-post-thumbnail","hentry","category-banda","category-especysociales"],"aioseo_notices":[],"views":5,"jetpack_publicize_connections":[],"jetpack_featured_media_url":"https:\/\/i0.wp.com\/elterritorialweb.com.ar\/web\/wp-content\/uploads\/2023\/02\/ESTRENO-RENZI-scaled.jpeg?fit=2560%2C1706&ssl=1","jetpack_sharing_enabled":true,"_links":{"self":[{"href":"https:\/\/elterritorialweb.com.ar\/web\/wp-json\/wp\/v2\/posts\/49177","targetHints":{"allow":["GET"]}}],"collection":[{"href":"https:\/\/elterritorialweb.com.ar\/web\/wp-json\/wp\/v2\/posts"}],"about":[{"href":"https:\/\/elterritorialweb.com.ar\/web\/wp-json\/wp\/v2\/types\/post"}],"author":[{"embeddable":true,"href":"https:\/\/elterritorialweb.com.ar\/web\/wp-json\/wp\/v2\/users\/2"}],"replies":[{"embeddable":true,"href":"https:\/\/elterritorialweb.com.ar\/web\/wp-json\/wp\/v2\/comments?post=49177"}],"version-history":[{"count":1,"href":"https:\/\/elterritorialweb.com.ar\/web\/wp-json\/wp\/v2\/posts\/49177\/revisions"}],"predecessor-version":[{"id":49179,"href":"https:\/\/elterritorialweb.com.ar\/web\/wp-json\/wp\/v2\/posts\/49177\/revisions\/49179"}],"wp:featuredmedia":[{"embeddable":true,"href":"https:\/\/elterritorialweb.com.ar\/web\/wp-json\/wp\/v2\/media\/49178"}],"wp:attachment":[{"href":"https:\/\/elterritorialweb.com.ar\/web\/wp-json\/wp\/v2\/media?parent=49177"}],"wp:term":[{"taxonomy":"category","embeddable":true,"href":"https:\/\/elterritorialweb.com.ar\/web\/wp-json\/wp\/v2\/categories?post=49177"},{"taxonomy":"post_tag","embeddable":true,"href":"https:\/\/elterritorialweb.com.ar\/web\/wp-json\/wp\/v2\/tags?post=49177"}],"curies":[{"name":"wp","href":"https:\/\/api.w.org\/{rel}","templated":true}]}}