{"id":49180,"date":"2023-02-14T23:00:48","date_gmt":"2023-02-14T23:00:48","guid":{"rendered":"http:\/\/elterritorialweb.com.ar\/web\/?p=49180"},"modified":"2023-02-14T23:00:49","modified_gmt":"2023-02-14T23:00:49","slug":"la-inflacion-en-enero-subio-un-6-y-acumula-un-988-interanual","status":"publish","type":"post","link":"https:\/\/elterritorialweb.com.ar\/web\/la-inflacion-en-enero-subio-un-6-y-acumula-un-988-interanual\/","title":{"rendered":"LA INFLACI\u00d3N EN ENERO SUBI\u00d3 UN 6% Y ACUMULA UN 98,8% INTERANUAL"},"content":{"rendered":"\n<p>El\u00a0<strong>INDEC\u00a0<\/strong>inform\u00f3 que el \u00cdndice de precios al consumidor registr\u00f3 un alza mensual de 6% en enero de 2023. El aumento fue impulsado por el rubro\u00a0<strong>Recreaci\u00f3n y cultura\u00a0<\/strong>y\u00a0<strong>Vivienda, agua, electricidad y otros combustibles.<\/strong><\/p>\n\n\n\n<p>De esta manera la inflaci\u00f3n subi\u00f3 un 0.9% con respecto al 5.1% que se hab\u00eda registrado en diciembre del 2022. La variaci\u00f3n interanual alcanz\u00f3 el 98,8%.<\/p>\n\n\n\n<figure class=\"wp-block-embed is-type-rich is-provider-twitter wp-block-embed-twitter\"><div class=\"wp-block-embed__wrapper\">\n<blockquote class=\"twitter-tweet\" data-width=\"550\" data-dnt=\"true\"><p lang=\"es\" dir=\"ltr\"><a href=\"https:\/\/twitter.com\/hashtag\/DatoINDEC?src=hash&amp;ref_src=twsrc%5Etfw\">#DatoINDEC<\/a><br>Los precios al consumidor (<a href=\"https:\/\/twitter.com\/hashtag\/IPC?src=hash&amp;ref_src=twsrc%5Etfw\">#IPC<\/a>) subieron 6% en enero de 2023 respecto de diciembre y 98,8% interanual <a href=\"https:\/\/t.co\/s2yeuD9P77\">https:\/\/t.co\/s2yeuD9P77<\/a> <a href=\"https:\/\/t.co\/D2iA2fKAlM\">pic.twitter.com\/D2iA2fKAlM<\/a><\/p>&mdash; INDEC Argentina (@INDECArgentina) <a href=\"https:\/\/twitter.com\/INDECArgentina\/status\/1625570588675678208?ref_src=twsrc%5Etfw\">February 14, 2023<\/a><\/blockquote><script async src=\"https:\/\/platform.twitter.com\/widgets.js\" charset=\"utf-8\"><\/script>\n<\/div><\/figure>\n\n\n\n<h3 class=\"wp-block-heading\">Inflaci\u00f3n, rubro por rubro<\/h3>\n\n\n\n<p>La divisi\u00f3n de mayor aumento en el mes fue&nbsp;<strong>Recreaci\u00f3n y cultura<\/strong>&nbsp;(9,0%), principalmente por la incidencia que tuvo el aumento de los servicios de turismo a ra\u00edz de la temporada de vacaciones, y del servicio de televisi\u00f3n por cable.<\/p>\n\n\n\n<p>Siguieron en importancia en t\u00e9rminos de mayor suba mensual las divisiones&nbsp;<strong>Vivienda, agua, electricidad y otros combustibles<\/strong>&nbsp;(8,0%), impulsada en gran parte por el alza de las tarifas de servicios p\u00fablicos, y Comunicaci\u00f3n (8,0%), por las subas en los servicios de telefon\u00eda e internet.<\/p>\n\n\n\n<p>El aumento de&nbsp;<strong>Alimentos y bebidas no alcoh\u00f3licas<\/strong>&nbsp;(6,8%) fue lo que m\u00e1s incidi\u00f3 en todas las regiones. Al interior de la divisi\u00f3n se destac\u00f3 la suba de los precios estacionales de Frutas y Verduras, tub\u00e9rculos y legumbres. A su vez, aunque con menor alza que los anteriores, sobresali\u00f3 la incidencia de Pan y cereales y Carnes y derivados.<\/p>\n\n\n\n<p>Las dos divisiones de menor variaci\u00f3n en enero fueron&nbsp;<strong>Prendas de vestir y calzado<\/strong>&nbsp;(2,3%) y&nbsp;<strong>Educaci\u00f3n<\/strong>&nbsp;(1,1%).<\/p>\n\n\n\n<p>A nivel de las categor\u00edas,\u00a0<strong>Estacionales<\/strong>\u00a0(7,9%) y\u00a0<strong>Regulados<\/strong>\u00a0(7,1%) fueron las que lideraron los aumentos, en tanto que el IPC N\u00facleo registr\u00f3 un incremento de 5,4%.<\/p>\n\n\n\n<figure class=\"wp-block-embed is-type-rich is-provider-twitter wp-block-embed-twitter\"><div class=\"wp-block-embed__wrapper\">\n<blockquote class=\"twitter-tweet\" data-width=\"550\" data-dnt=\"true\"><p lang=\"es\" dir=\"ltr\"><a href=\"https:\/\/twitter.com\/hashtag\/DatoINDEC?src=hash&amp;ref_src=twsrc%5Etfw\">#DatoINDEC<\/a><a href=\"https:\/\/twitter.com\/hashtag\/IPC?src=hash&amp;ref_src=twsrc%5Etfw\">#IPC<\/a>: la divisi\u00f3n con mayor alza mensual en enero 2023 fue Recreaci\u00f3n y cultura (9%); y la de menor, Educaci\u00f3n (1,1%) <a href=\"https:\/\/t.co\/s2yeuD9P77\">https:\/\/t.co\/s2yeuD9P77<\/a> <a href=\"https:\/\/t.co\/yJqpYJHb72\">pic.twitter.com\/yJqpYJHb72<\/a><\/p>&mdash; INDEC Argentina (@INDECArgentina) <a href=\"https:\/\/twitter.com\/INDECArgentina\/status\/1625571019493629963?ref_src=twsrc%5Etfw\">February 14, 2023<\/a><\/blockquote><script async src=\"https:\/\/platform.twitter.com\/widgets.js\" charset=\"utf-8\"><\/script>\n<\/div><\/figure>\n","protected":false},"excerpt":{"rendered":"<p>La inflaci\u00f3n aument\u00f3 un 0.9% con respecto al 5.1 que se hab\u00eda registrado en diciembre del 2022.<\/p>\n","protected":false},"author":2,"featured_media":49181,"comment_status":"open","ping_status":"open","sticky":false,"template":"","format":"standard","meta":{"om_disable_all_campaigns":false,"_monsterinsights_skip_tracking":false,"_monsterinsights_sitenote_active":false,"_monsterinsights_sitenote_note":"","_monsterinsights_sitenote_category":0,"_uf_show_specific_survey":0,"_uf_disable_surveys":false,"jetpack_post_was_ever_published":false,"_jetpack_newsletter_access":"","_jetpack_dont_email_post_to_subs":false,"_jetpack_newsletter_tier_id":0,"_jetpack_memberships_contains_paywalled_content":false,"_jetpack_memberships_contains_paid_content":false,"footnotes":"","jetpack_publicize_message":"","jetpack_publicize_feature_enabled":true,"jetpack_social_post_already_shared":false,"jetpack_social_options":{"image_generator_settings":{"template":"highway","default_image_id":0,"font":"","enabled":false},"version":2}},"categories":[4,2],"tags":[],"class_list":["post-49180","post","type-post","status-publish","format-standard","has-post-thumbnail","hentry","category-destacadas","category-economia"],"aioseo_notices":[],"views":6,"jetpack_publicize_connections":[],"jetpack_featured_media_url":"https:\/\/i0.wp.com\/elterritorialweb.com.ar\/web\/wp-content\/uploads\/2023\/02\/INFLACION-ENERO.jpg?fit=540%2C304&ssl=1","jetpack_sharing_enabled":true,"_links":{"self":[{"href":"https:\/\/elterritorialweb.com.ar\/web\/wp-json\/wp\/v2\/posts\/49180","targetHints":{"allow":["GET"]}}],"collection":[{"href":"https:\/\/elterritorialweb.com.ar\/web\/wp-json\/wp\/v2\/posts"}],"about":[{"href":"https:\/\/elterritorialweb.com.ar\/web\/wp-json\/wp\/v2\/types\/post"}],"author":[{"embeddable":true,"href":"https:\/\/elterritorialweb.com.ar\/web\/wp-json\/wp\/v2\/users\/2"}],"replies":[{"embeddable":true,"href":"https:\/\/elterritorialweb.com.ar\/web\/wp-json\/wp\/v2\/comments?post=49180"}],"version-history":[{"count":1,"href":"https:\/\/elterritorialweb.com.ar\/web\/wp-json\/wp\/v2\/posts\/49180\/revisions"}],"predecessor-version":[{"id":49182,"href":"https:\/\/elterritorialweb.com.ar\/web\/wp-json\/wp\/v2\/posts\/49180\/revisions\/49182"}],"wp:featuredmedia":[{"embeddable":true,"href":"https:\/\/elterritorialweb.com.ar\/web\/wp-json\/wp\/v2\/media\/49181"}],"wp:attachment":[{"href":"https:\/\/elterritorialweb.com.ar\/web\/wp-json\/wp\/v2\/media?parent=49180"}],"wp:term":[{"taxonomy":"category","embeddable":true,"href":"https:\/\/elterritorialweb.com.ar\/web\/wp-json\/wp\/v2\/categories?post=49180"},{"taxonomy":"post_tag","embeddable":true,"href":"https:\/\/elterritorialweb.com.ar\/web\/wp-json\/wp\/v2\/tags?post=49180"}],"curies":[{"name":"wp","href":"https:\/\/api.w.org\/{rel}","templated":true}]}}