{"id":49183,"date":"2023-02-14T23:29:30","date_gmt":"2023-02-14T23:29:30","guid":{"rendered":"http:\/\/elterritorialweb.com.ar\/web\/?p=49183"},"modified":"2023-02-15T00:36:38","modified_gmt":"2023-02-15T00:36:38","slug":"se-reunio-la-mesa-del-arsenico-y-en-marzo-se-realizara-la-jornada-regional","status":"publish","type":"post","link":"https:\/\/elterritorialweb.com.ar\/web\/se-reunio-la-mesa-del-arsenico-y-en-marzo-se-realizara-la-jornada-regional\/","title":{"rendered":"SE REUNI\u00d3 LA MESA DEL ARS\u00c9NICO Y EN MARZO SE REALIZAR\u00c1 LA JORNADA REGIONAL"},"content":{"rendered":"\n<p>La Mesa se encuentra trabajando en la organizaci\u00f3n de la II Jornada Regional del Ars\u00e9nico, a realizarse el d\u00eda 31 de marzo, en el Forum, de 8 a 17.<br>En ese sentido, se trataron cuestiones atinentes al lanzamiento de la segunda Jornada , la organizaci\u00f3n de los talleres y las normas para la presentaci\u00f3n de comunicaciones (p\u00f3ster).<br>La jornada del 31 de marzo, declarada de Inter\u00e9s provincial, legislativo, educativo y cultural por la C\u00e1mara de Diputados, se propone como un espacio para intercambiar conocimientos bajo el lema: \u201cAvances, desaf\u00edos y experiencias en el abordaje de la problem\u00e1tica del ars\u00e9nico\u201d. Ser\u00e1 de car\u00e1cter libre y gratuito, y est\u00e1 destinada al p\u00fablico interesado en conocer y profundizar sobre la tem\u00e1tica.<br>Se otorgar\u00e1n certificados de asistencia con puntaje docente.<br>En la reuni\u00f3n participaron representantes de las instituciones que la conforman: Universidad Nacional de Santiago del Estero, INTA, Universidad Cat\u00f3lica, ERSAC, Ministerio de Salud, Secretar\u00eda de Ciencia y Tecnolog\u00eda y Administraci\u00f3n Provincial de Recursos H\u00eddricos.<\/p>\n","protected":false},"excerpt":{"rendered":"<p>La semana pasada se desarroll\u00f3 la primera reuni\u00f3n del a\u00f1o de la Mesa Interinstitucional del Ars\u00e9nico (MIA) en el Sal\u00f3n del Consejo Superior de la Universidad Nacional de Santiago del Estero.<\/p>\n","protected":false},"author":2,"featured_media":49184,"comment_status":"open","ping_status":"open","sticky":false,"template":"","format":"standard","meta":{"om_disable_all_campaigns":false,"_monsterinsights_skip_tracking":false,"_monsterinsights_sitenote_active":false,"_monsterinsights_sitenote_note":"","_monsterinsights_sitenote_category":0,"_uf_show_specific_survey":0,"_uf_disable_surveys":false,"jetpack_post_was_ever_published":false,"_jetpack_newsletter_access":"","_jetpack_dont_email_post_to_subs":false,"_jetpack_newsletter_tier_id":0,"_jetpack_memberships_contains_paywalled_content":false,"_jetpack_memberships_contains_paid_content":false,"footnotes":"","jetpack_publicize_message":"","jetpack_publicize_feature_enabled":true,"jetpack_social_post_already_shared":false,"jetpack_social_options":{"image_generator_settings":{"template":"highway","default_image_id":0,"font":"","enabled":false},"version":2}},"categories":[19],"tags":[],"class_list":["post-49183","post","type-post","status-publish","format-standard","has-post-thumbnail","hentry","category-educacion"],"aioseo_notices":[],"views":6,"jetpack_publicize_connections":[],"jetpack_featured_media_url":"https:\/\/i0.wp.com\/elterritorialweb.com.ar\/web\/wp-content\/uploads\/2023\/02\/WhatsApp-Image-2023-02-15-at-00.05.33.jpeg?fit=1024%2C683&ssl=1","jetpack_sharing_enabled":true,"_links":{"self":[{"href":"https:\/\/elterritorialweb.com.ar\/web\/wp-json\/wp\/v2\/posts\/49183","targetHints":{"allow":["GET"]}}],"collection":[{"href":"https:\/\/elterritorialweb.com.ar\/web\/wp-json\/wp\/v2\/posts"}],"about":[{"href":"https:\/\/elterritorialweb.com.ar\/web\/wp-json\/wp\/v2\/types\/post"}],"author":[{"embeddable":true,"href":"https:\/\/elterritorialweb.com.ar\/web\/wp-json\/wp\/v2\/users\/2"}],"replies":[{"embeddable":true,"href":"https:\/\/elterritorialweb.com.ar\/web\/wp-json\/wp\/v2\/comments?post=49183"}],"version-history":[{"count":1,"href":"https:\/\/elterritorialweb.com.ar\/web\/wp-json\/wp\/v2\/posts\/49183\/revisions"}],"predecessor-version":[{"id":49185,"href":"https:\/\/elterritorialweb.com.ar\/web\/wp-json\/wp\/v2\/posts\/49183\/revisions\/49185"}],"wp:featuredmedia":[{"embeddable":true,"href":"https:\/\/elterritorialweb.com.ar\/web\/wp-json\/wp\/v2\/media\/49184"}],"wp:attachment":[{"href":"https:\/\/elterritorialweb.com.ar\/web\/wp-json\/wp\/v2\/media?parent=49183"}],"wp:term":[{"taxonomy":"category","embeddable":true,"href":"https:\/\/elterritorialweb.com.ar\/web\/wp-json\/wp\/v2\/categories?post=49183"},{"taxonomy":"post_tag","embeddable":true,"href":"https:\/\/elterritorialweb.com.ar\/web\/wp-json\/wp\/v2\/tags?post=49183"}],"curies":[{"name":"wp","href":"https:\/\/api.w.org\/{rel}","templated":true}]}}