{"id":49186,"date":"2023-02-15T00:50:59","date_gmt":"2023-02-15T00:50:59","guid":{"rendered":"http:\/\/elterritorialweb.com.ar\/web\/?p=49186"},"modified":"2023-02-15T00:53:19","modified_gmt":"2023-02-15T00:53:19","slug":"el-psg-perdio-ante-el-beyern-munich-por-la-champion-league","status":"publish","type":"post","link":"https:\/\/elterritorialweb.com.ar\/web\/el-psg-perdio-ante-el-beyern-munich-por-la-champion-league\/","title":{"rendered":"CON  MESSI EN CANCHA, EL PSG PERDI\u00d3 ANTE EL BEYERN M\u00daNICH POR LA CHAMPION LEAGUE"},"content":{"rendered":"\n<p>Con\u00a0<strong>Lionel Messi<\/strong>\u00a0entre los titulares,\u00a0<strong>Par\u00eds Saint-Germain cay\u00f3 1-0 frente al Bayern M\u00fanich<\/strong>\u00a0en el partido disputado este martes en el estadio Parque de los Pr\u00edncipes, correspondiente a la ida de los octavos de final de la\u00a0<strong>UEFA Champions League<\/strong>, una derrota que complica sus chances de avanzar en el prestigioso certamen europeo de clubes.<\/p>\n\n\n\n<figure class=\"wp-block-image size-full\"><a href=\"https:\/\/i0.wp.com\/elterritorialweb.com.ar\/web\/wp-content\/uploads\/2023\/02\/PSG-BAYERN-1.jpg\"><img data-recalc-dims=\"1\" decoding=\"async\" width=\"640\" height=\"640\" data-src=\"https:\/\/i0.wp.com\/elterritorialweb.com.ar\/web\/wp-content\/uploads\/2023\/02\/PSG-BAYERN-1.jpg?resize=640%2C640\" alt=\"\" class=\"wp-image-49187 lazyload\" data-srcset=\"https:\/\/i0.wp.com\/elterritorialweb.com.ar\/web\/wp-content\/uploads\/2023\/02\/PSG-BAYERN-1.jpg?w=680&amp;ssl=1 680w, https:\/\/i0.wp.com\/elterritorialweb.com.ar\/web\/wp-content\/uploads\/2023\/02\/PSG-BAYERN-1.jpg?resize=300%2C300&amp;ssl=1 300w, https:\/\/i0.wp.com\/elterritorialweb.com.ar\/web\/wp-content\/uploads\/2023\/02\/PSG-BAYERN-1.jpg?resize=150%2C150&amp;ssl=1 150w\" data-sizes=\"(max-width: 640px) 100vw, 640px\" src=\"data:image\/svg+xml;base64,PHN2ZyB3aWR0aD0iMSIgaGVpZ2h0PSIxIiB4bWxucz0iaHR0cDovL3d3dy53My5vcmcvMjAwMC9zdmciPjwvc3ZnPg==\" style=\"--smush-placeholder-width: 640px; --smush-placeholder-aspect-ratio: 640\/640;\" \/><\/a><\/figure>\n\n\n\n<p>El \u00fanico tanto del partido fue convertido por\u00a0<strong>Kingsley Coman<\/strong>, a los 8 minutos del segundo tiempo, tras recibir un centro preciso de Alphonse Davies enviado al \u00e1rea desde la izquierda y sacar\u00a0<strong>un fuerte derechazo que no pudo contener el italiano Gianluigi Donnarumma<\/strong>. En un gesto de respeto hacia el club en el que debut\u00f3 a los 16 a\u00f1os, el delantero franc\u00e9s\u00a0<strong>no festej\u00f3<\/strong>\u00a0el tanto.<\/p>\n\n\n\n<figure class=\"wp-block-image size-full\"><a href=\"https:\/\/i0.wp.com\/elterritorialweb.com.ar\/web\/wp-content\/uploads\/2023\/02\/PSG-BAYERN-3.jpg\"><img data-recalc-dims=\"1\" decoding=\"async\" width=\"640\" height=\"640\" data-src=\"https:\/\/i0.wp.com\/elterritorialweb.com.ar\/web\/wp-content\/uploads\/2023\/02\/PSG-BAYERN-3.jpg?resize=640%2C640\" alt=\"\" class=\"wp-image-49189 lazyload\" data-srcset=\"https:\/\/i0.wp.com\/elterritorialweb.com.ar\/web\/wp-content\/uploads\/2023\/02\/PSG-BAYERN-3.jpg?w=680&amp;ssl=1 680w, https:\/\/i0.wp.com\/elterritorialweb.com.ar\/web\/wp-content\/uploads\/2023\/02\/PSG-BAYERN-3.jpg?resize=300%2C300&amp;ssl=1 300w, https:\/\/i0.wp.com\/elterritorialweb.com.ar\/web\/wp-content\/uploads\/2023\/02\/PSG-BAYERN-3.jpg?resize=150%2C150&amp;ssl=1 150w\" data-sizes=\"(max-width: 640px) 100vw, 640px\" src=\"data:image\/svg+xml;base64,PHN2ZyB3aWR0aD0iMSIgaGVpZ2h0PSIxIiB4bWxucz0iaHR0cDovL3d3dy53My5vcmcvMjAwMC9zdmciPjwvc3ZnPg==\" style=\"--smush-placeholder-width: 640px; --smush-placeholder-aspect-ratio: 640\/640;\" \/><\/a><\/figure>\n\n\n\n<p>El \u00e1rbitro espa\u00f1ol Michael Oliver le anul\u00f3 dos goles a Kylian Mbapp\u00e9, que volvi\u00f3 a jugar tras una lesi\u00f3n muscular, por posici\u00f3n adelantada. El segundo de los tantos fue tras un pase de Messi y, si bien fue el offside muy dudoso, el VAR termin\u00f3 por convalidar la decisi\u00f3n del juez.<\/p>\n\n\n\n<figure class=\"wp-block-image size-full\"><a href=\"https:\/\/i0.wp.com\/elterritorialweb.com.ar\/web\/wp-content\/uploads\/2023\/02\/PSG-BAYERN-2.jpg\"><img data-recalc-dims=\"1\" decoding=\"async\" width=\"640\" height=\"640\" data-src=\"https:\/\/i0.wp.com\/elterritorialweb.com.ar\/web\/wp-content\/uploads\/2023\/02\/PSG-BAYERN-2.jpg?resize=640%2C640\" alt=\"\" class=\"wp-image-49188 lazyload\" data-srcset=\"https:\/\/i0.wp.com\/elterritorialweb.com.ar\/web\/wp-content\/uploads\/2023\/02\/PSG-BAYERN-2.jpg?w=680&amp;ssl=1 680w, https:\/\/i0.wp.com\/elterritorialweb.com.ar\/web\/wp-content\/uploads\/2023\/02\/PSG-BAYERN-2.jpg?resize=300%2C300&amp;ssl=1 300w, https:\/\/i0.wp.com\/elterritorialweb.com.ar\/web\/wp-content\/uploads\/2023\/02\/PSG-BAYERN-2.jpg?resize=150%2C150&amp;ssl=1 150w\" data-sizes=\"(max-width: 640px) 100vw, 640px\" src=\"data:image\/svg+xml;base64,PHN2ZyB3aWR0aD0iMSIgaGVpZ2h0PSIxIiB4bWxucz0iaHR0cDovL3d3dy53My5vcmcvMjAwMC9zdmciPjwvc3ZnPg==\" style=\"--smush-placeholder-width: 640px; --smush-placeholder-aspect-ratio: 640\/640;\" \/><\/a><\/figure>\n\n\n\n<p>Con esta victoria conseguida de visitante, el conjunto alem\u00e1n dio un paso fundamental en sus aspiraciones por clasificar a los cuartos de final de la Champions. La serie se definir\u00e1 el mi\u00e9rcoles 8 de marzo en el Allianz Arena de M\u00fanich.<\/p>\n\n\n\n<figure class=\"wp-block-embed is-type-rich is-provider-twitter wp-block-embed-twitter\"><div class=\"wp-block-embed__wrapper\">\n<blockquote class=\"twitter-tweet\" data-width=\"550\" data-dnt=\"true\"><p lang=\"es\" dir=\"ltr\"><a href=\"https:\/\/twitter.com\/hashtag\/ChampionsXFoxSports?src=hash&amp;ref_src=twsrc%5Etfw\">#ChampionsXFoxSports<\/a> &#8211; \u00a1Gooool del Bayern M\u00fanich ! \u26bd<br><br>A los 52 minutos, Coman pone en ventaja a los alemanes.<a href=\"https:\/\/twitter.com\/PSG_espanol?ref_src=twsrc%5Etfw\">@PSG_espanol<\/a> 0 &#8211; <a href=\"https:\/\/twitter.com\/FCBayernES?ref_src=twsrc%5Etfw\">@FCBayernES<\/a> 1.<br><br>\u00a1Viv\u00ed la <a href=\"https:\/\/twitter.com\/ChampionsLeague?ref_src=twsrc%5Etfw\">@championsleague<\/a> en Fox Sports!<a href=\"https:\/\/twitter.com\/hashtag\/FoxSportsArgentina?src=hash&amp;ref_src=twsrc%5Etfw\">#FoxSportsArgentina<\/a> <a href=\"https:\/\/twitter.com\/hashtag\/ChampionsLeague?src=hash&amp;ref_src=twsrc%5Etfw\">#ChampionsLeague<\/a> <a href=\"https:\/\/twitter.com\/hashtag\/PSG?src=hash&amp;ref_src=twsrc%5Etfw\">#PSG<\/a> <a href=\"https:\/\/twitter.com\/hashtag\/BayernMunich?src=hash&amp;ref_src=twsrc%5Etfw\">#BayernMunich<\/a> <a href=\"https:\/\/twitter.com\/hashtag\/UCL?src=hash&amp;ref_src=twsrc%5Etfw\">#UCL<\/a> <a href=\"https:\/\/t.co\/fumLkeG5Y3\">pic.twitter.com\/fumLkeG5Y3<\/a><\/p>&mdash; Fox Sports Argentina (@FOXSportsArg) <a href=\"https:\/\/twitter.com\/FOXSportsArg\/status\/1625604713856004097?ref_src=twsrc%5Etfw\">February 14, 2023<\/a><\/blockquote><script async src=\"https:\/\/platform.twitter.com\/widgets.js\" charset=\"utf-8\"><\/script>\n<\/div><\/figure>\n","protected":false},"excerpt":{"rendered":"<p>El conjunto parisino cay\u00f3 1-0 de local por los octavos de final del certamen europeo de clubes. Kingsley Coman marc\u00f3 el \u00fanico tanto del partido.<\/p>\n","protected":false},"author":2,"featured_media":49195,"comment_status":"open","ping_status":"open","sticky":false,"template":"","format":"standard","meta":{"om_disable_all_campaigns":false,"_monsterinsights_skip_tracking":false,"_monsterinsights_sitenote_active":false,"_monsterinsights_sitenote_note":"","_monsterinsights_sitenote_category":0,"_uf_show_specific_survey":0,"_uf_disable_surveys":false,"jetpack_post_was_ever_published":false,"_jetpack_newsletter_access":"","_jetpack_dont_email_post_to_subs":false,"_jetpack_newsletter_tier_id":0,"_jetpack_memberships_contains_paywalled_content":false,"_jetpack_memberships_contains_paid_content":false,"footnotes":"","jetpack_publicize_message":"","jetpack_publicize_feature_enabled":true,"jetpack_social_post_already_shared":false,"jetpack_social_options":{"image_generator_settings":{"template":"highway","default_image_id":0,"font":"","enabled":false},"version":2}},"categories":[6],"tags":[],"class_list":["post-49186","post","type-post","status-publish","format-standard","has-post-thumbnail","hentry","category-deportes"],"aioseo_notices":[],"views":7,"jetpack_publicize_connections":[],"jetpack_featured_media_url":"https:\/\/i0.wp.com\/elterritorialweb.com.ar\/web\/wp-content\/uploads\/2023\/02\/image-20.png?fit=790%2C506&ssl=1","jetpack_sharing_enabled":true,"_links":{"self":[{"href":"https:\/\/elterritorialweb.com.ar\/web\/wp-json\/wp\/v2\/posts\/49186","targetHints":{"allow":["GET"]}}],"collection":[{"href":"https:\/\/elterritorialweb.com.ar\/web\/wp-json\/wp\/v2\/posts"}],"about":[{"href":"https:\/\/elterritorialweb.com.ar\/web\/wp-json\/wp\/v2\/types\/post"}],"author":[{"embeddable":true,"href":"https:\/\/elterritorialweb.com.ar\/web\/wp-json\/wp\/v2\/users\/2"}],"replies":[{"embeddable":true,"href":"https:\/\/elterritorialweb.com.ar\/web\/wp-json\/wp\/v2\/comments?post=49186"}],"version-history":[{"count":2,"href":"https:\/\/elterritorialweb.com.ar\/web\/wp-json\/wp\/v2\/posts\/49186\/revisions"}],"predecessor-version":[{"id":49193,"href":"https:\/\/elterritorialweb.com.ar\/web\/wp-json\/wp\/v2\/posts\/49186\/revisions\/49193"}],"wp:featuredmedia":[{"embeddable":true,"href":"https:\/\/elterritorialweb.com.ar\/web\/wp-json\/wp\/v2\/media\/49195"}],"wp:attachment":[{"href":"https:\/\/elterritorialweb.com.ar\/web\/wp-json\/wp\/v2\/media?parent=49186"}],"wp:term":[{"taxonomy":"category","embeddable":true,"href":"https:\/\/elterritorialweb.com.ar\/web\/wp-json\/wp\/v2\/categories?post=49186"},{"taxonomy":"post_tag","embeddable":true,"href":"https:\/\/elterritorialweb.com.ar\/web\/wp-json\/wp\/v2\/tags?post=49186"}],"curies":[{"name":"wp","href":"https:\/\/api.w.org\/{rel}","templated":true}]}}