{"id":49228,"date":"2023-02-16T00:32:09","date_gmt":"2023-02-16T00:32:09","guid":{"rendered":"http:\/\/elterritorialweb.com.ar\/web\/?p=49228"},"modified":"2023-02-16T00:32:09","modified_gmt":"2023-02-16T00:32:09","slug":"realizan-un-informe-de-sequia-de-enero-2023-en-la-argentina","status":"publish","type":"post","link":"https:\/\/elterritorialweb.com.ar\/web\/realizan-un-informe-de-sequia-de-enero-2023-en-la-argentina\/","title":{"rendered":"REALIZAN UN INFORME DE SEQUIA DE ENERO 2023 EN LA ARGENTINA"},"content":{"rendered":"\n<p><strong>Direcci\u00f3n Nacional de Riesgo y Emergencia Agropecuaria<\/strong><\/p>\n\n\n\n<p>Este mes se intensificaron las condiciones de sequ\u00eda en la regi\u00f3n norte y Litoral. El \u00e1rea en sequ\u00eda severa se increment\u00f3 en 6,5 millones de has por el empeoramiento de la sequ\u00eda en Chaco, este de Santiago del Estero, Corrientes, Entre R\u00edos y Buenos Aires mientras que el oeste de C\u00f3rdoba mostr\u00f3 mejoras. La superficie afectada por sequ\u00eda moderada aument\u00f3 cerca de 6 millones de hect\u00e1reas, principalmente por el incremento en el norte del pa\u00eds. La superficie total afectada por sequ\u00eda en el pa\u00eds se redujo en 3 millones de hect\u00e1reas producto de la mejora en las condiciones en Cuyo. Es de destacar que la \u00fanica categor\u00eda que muestra descenso en el \u00e1rea afectada es la sequ\u00eda leve.<\/p>\n\n\n\n<p><strong>PRECIPITACIONES<\/strong><\/p>\n\n\n\n<p>Durante enero prevalecieron d\u00e9ficits de precipitaciones en gran parte del centro y noreste del pa\u00eds. Se han registrado eventos de lluvia que llegaron a superar los valores normales del mes para algunas estaciones del norte de C\u00f3rdoba, sureste de San Luis, San Juan, La Pampa, sur de Buenos Aires y este de Patagonia.<\/p>\n\n\n\n<p><strong>HUMEDAD DE SUELOS<\/strong><\/p>\n\n\n\n<p>Muestran una amplia regi\u00f3n del pa\u00eds donde los cultivos no logran obtener el agua que requieren para el normal crecimiento. Si bien hubo recargas, estas fueron variables y no alcanzaron a cubrir en muchas estaciones meteorol\u00f3gicas, los requisitos h\u00eddricos de los cultivos. El \u00e1rea afectada es mayor cuando se contempla el consumo de pasturas. Para los distintos cultivos las anomal\u00edas negativas m\u00e1s intensas se observan en el centro y sur de Santa Fe y en el norte del pa\u00eds. En el norte de la cordillera patag\u00f3nica tambi\u00e9n se registraron valores extremos de humedad en los suelos.<\/p>\n\n\n\n<p><strong>INDICES DE VEGETACI\u00d3N <\/strong><\/p>\n\n\n\n<p>Muestran una leve mejora en las \u00e1reas m\u00e1s afectadas, pero al mismo tiempo se sostiene un mes m\u00e1s de anomal\u00edas negativas, tanto en el centro como en el norte del pa\u00eds. Se destacan los registros bajos en norte de Buenos Aires, centro y sur de Santa Fe, sur y centro de Entre R\u00edos, Santiago del Estero, Chaco,<br>Corrientes, oeste de Formosa y este de Jujuy y Salta. Se identifican mejoras en el estado de la vegetaci\u00f3n en el este y sur de C\u00f3rdoba, en la provincia de La Pampa y el Oeste de Buenos Aires.<\/p>\n\n\n\n<p><strong>IMPACTO<\/strong><\/p>\n\n\n\n<p> Las condiciones de sequ\u00eda est\u00e1n impactando fuertemente sobre lossistemas ganaderos, incluyendo problemas para el abastecimiento de bebida animal,mala condici\u00f3n corporal y merma en forrajes. Se observ\u00f3 mortandad animal poraparici\u00f3n de plagas en alfalfa. La horticultura tambi\u00e9n se vio fuertemente afectada. En la actividad agr\u00edcola se observan fuertes mermas en rendimiento, demoras y<br>disminuci\u00f3n del \u00e1rea final sembrada con ma\u00edz y soja.<\/p>\n\n\n\n<p><strong>HIDROLOG\u00cdA<\/strong><\/p>\n\n\n\n<p>Los principales r\u00edos de la cuenca del Paran\u00e1 muestran valores entre aguas medias y bajas, con tendencia al ascenso. El r\u00edo Uruguay presenta valores de aguas bajas.<\/p>\n\n\n\n<div data-wp-interactive=\"core\/file\" class=\"wp-block-file\"><object data-wp-bind--hidden=\"!state.hasPdfPreview\" hidden class=\"wp-block-file__embed\" data=\"http:\/\/elterritorialweb.com.ar\/web\/wp-content\/uploads\/2023\/02\/230100_Informe-Sequia-Enero-2023-1-1.pdf\" type=\"application\/pdf\" style=\"width:100%;height:600px\" aria-label=\"Incrustado de 230100_Informe-Sequia-Enero-2023-1-1.\"><\/object><a id=\"wp-block-file--media-0e7e9327-91fb-471e-85c9-d288532dd059\" href=\"http:\/\/elterritorialweb.com.ar\/web\/wp-content\/uploads\/2023\/02\/230100_Informe-Sequia-Enero-2023-1-1.pdf\">230100_Informe-Sequia-Enero-2023-1-1<\/a><a href=\"http:\/\/elterritorialweb.com.ar\/web\/wp-content\/uploads\/2023\/02\/230100_Informe-Sequia-Enero-2023-1-1.pdf\" class=\"wp-block-file__button wp-element-button\" download aria-describedby=\"wp-block-file--media-0e7e9327-91fb-471e-85c9-d288532dd059\">Descarga<\/a><\/div>\n","protected":false},"excerpt":{"rendered":"<p>Corresponde al informe de sequ\u00eda elaborado por la Mesa de Monitoreos de Sequias <\/p>\n","protected":false},"author":2,"featured_media":49230,"comment_status":"open","ping_status":"open","sticky":false,"template":"","format":"standard","meta":{"om_disable_all_campaigns":false,"_monsterinsights_skip_tracking":false,"_monsterinsights_sitenote_active":false,"_monsterinsights_sitenote_note":"","_monsterinsights_sitenote_category":0,"_uf_show_specific_survey":0,"_uf_disable_surveys":false,"jetpack_post_was_ever_published":false,"_jetpack_newsletter_access":"","_jetpack_dont_email_post_to_subs":false,"_jetpack_newsletter_tier_id":0,"_jetpack_memberships_contains_paywalled_content":false,"_jetpack_memberships_contains_paid_content":false,"footnotes":"","jetpack_publicize_message":"","jetpack_publicize_feature_enabled":true,"jetpack_social_post_already_shared":false,"jetpack_social_options":{"image_generator_settings":{"template":"highway","default_image_id":0,"font":"","enabled":false},"version":2}},"categories":[4,30],"tags":[],"class_list":["post-49228","post","type-post","status-publish","format-standard","has-post-thumbnail","hentry","category-destacadas","category-informe"],"aioseo_notices":[],"views":30,"jetpack_publicize_connections":[],"jetpack_featured_media_url":"https:\/\/i0.wp.com\/elterritorialweb.com.ar\/web\/wp-content\/uploads\/2023\/02\/image-21.png?fit=1200%2C675&ssl=1","jetpack_sharing_enabled":true,"_links":{"self":[{"href":"https:\/\/elterritorialweb.com.ar\/web\/wp-json\/wp\/v2\/posts\/49228","targetHints":{"allow":["GET"]}}],"collection":[{"href":"https:\/\/elterritorialweb.com.ar\/web\/wp-json\/wp\/v2\/posts"}],"about":[{"href":"https:\/\/elterritorialweb.com.ar\/web\/wp-json\/wp\/v2\/types\/post"}],"author":[{"embeddable":true,"href":"https:\/\/elterritorialweb.com.ar\/web\/wp-json\/wp\/v2\/users\/2"}],"replies":[{"embeddable":true,"href":"https:\/\/elterritorialweb.com.ar\/web\/wp-json\/wp\/v2\/comments?post=49228"}],"version-history":[{"count":1,"href":"https:\/\/elterritorialweb.com.ar\/web\/wp-json\/wp\/v2\/posts\/49228\/revisions"}],"predecessor-version":[{"id":49231,"href":"https:\/\/elterritorialweb.com.ar\/web\/wp-json\/wp\/v2\/posts\/49228\/revisions\/49231"}],"wp:featuredmedia":[{"embeddable":true,"href":"https:\/\/elterritorialweb.com.ar\/web\/wp-json\/wp\/v2\/media\/49230"}],"wp:attachment":[{"href":"https:\/\/elterritorialweb.com.ar\/web\/wp-json\/wp\/v2\/media?parent=49228"}],"wp:term":[{"taxonomy":"category","embeddable":true,"href":"https:\/\/elterritorialweb.com.ar\/web\/wp-json\/wp\/v2\/categories?post=49228"},{"taxonomy":"post_tag","embeddable":true,"href":"https:\/\/elterritorialweb.com.ar\/web\/wp-json\/wp\/v2\/tags?post=49228"}],"curies":[{"name":"wp","href":"https:\/\/api.w.org\/{rel}","templated":true}]}}