{"id":49232,"date":"2023-02-16T04:27:34","date_gmt":"2023-02-16T04:27:34","guid":{"rendered":"http:\/\/elterritorialweb.com.ar\/web\/?p=49232"},"modified":"2023-02-16T04:27:35","modified_gmt":"2023-02-16T04:27:35","slug":"zamora-asistio-al-torneo-de-la-liga-federal-de-voleibol-en-el-nodo","status":"publish","type":"post","link":"https:\/\/elterritorialweb.com.ar\/web\/zamora-asistio-al-torneo-de-la-liga-federal-de-voleibol-en-el-nodo\/","title":{"rendered":"ZAMORA ASISTI\u00d3 AL TORNEO DE LA LIGA FEDERAL DE VOLEIBOL EN EL NODO"},"content":{"rendered":"\n<p>El gobernador Gerardo Zamora asisti\u00f3 este mi\u00e9rcoles por la tarde al Nodo Tecnol\u00f3gico, en la \u00faltima jornada del torneo de la Liga Federal de Voleibol, que se desarroll\u00f3 desde el 7 de febrero con la participaci\u00f3n de m\u00e1s de 700 jugadores de 42 equipos que llegaron de 15 provincias.<\/p>\n\n\n\n<figure class=\"wp-block-image size-large\"><a href=\"https:\/\/i0.wp.com\/elterritorialweb.com.ar\/web\/wp-content\/uploads\/2023\/02\/IMG-20230215-WA0033.jpg\"><img data-recalc-dims=\"1\" decoding=\"async\" width=\"640\" height=\"426\" data-src=\"https:\/\/i0.wp.com\/elterritorialweb.com.ar\/web\/wp-content\/uploads\/2023\/02\/IMG-20230215-WA0033.jpg?resize=640%2C426\" alt=\"\" class=\"wp-image-49235 lazyload\" data-srcset=\"https:\/\/i0.wp.com\/elterritorialweb.com.ar\/web\/wp-content\/uploads\/2023\/02\/IMG-20230215-WA0033.jpg?resize=1024%2C682&amp;ssl=1 1024w, https:\/\/i0.wp.com\/elterritorialweb.com.ar\/web\/wp-content\/uploads\/2023\/02\/IMG-20230215-WA0033.jpg?resize=300%2C200&amp;ssl=1 300w, https:\/\/i0.wp.com\/elterritorialweb.com.ar\/web\/wp-content\/uploads\/2023\/02\/IMG-20230215-WA0033.jpg?resize=768%2C512&amp;ssl=1 768w, https:\/\/i0.wp.com\/elterritorialweb.com.ar\/web\/wp-content\/uploads\/2023\/02\/IMG-20230215-WA0033.jpg?w=1280&amp;ssl=1 1280w\" data-sizes=\"(max-width: 640px) 100vw, 640px\" src=\"data:image\/svg+xml;base64,PHN2ZyB3aWR0aD0iMSIgaGVpZ2h0PSIxIiB4bWxucz0iaHR0cDovL3d3dy53My5vcmcvMjAwMC9zdmciPjwvc3ZnPg==\" style=\"--smush-placeholder-width: 640px; --smush-placeholder-aspect-ratio: 640\/426;\" \/><\/a><\/figure>\n\n\n\n<p>El mandatario estuvo acompa\u00f1ado por el jefe de Gabinete de Ministros, El\u00edas Su\u00e1rez; el secretario de Deportes de la provincia, Carlos Dapello, y el subsecretario de Turismo, Nelson Bravo.<br>Fueron recibidos por el presidente de la Federaci\u00f3n de Voley Argentino,\u00a0Juan Sardo; la vicepresidenta electa de la Asociaci\u00f3n Santiague\u00f1a de Voleibol, Emilia Acu\u00f1a, y\u00a0el ex jugador del Seleccionado Argentino, Marcos Milinkovic.<\/p>\n\n\n\n<figure class=\"wp-block-image size-large\"><a href=\"https:\/\/i0.wp.com\/elterritorialweb.com.ar\/web\/wp-content\/uploads\/2023\/02\/IMG-20230215-WA0028.jpg\"><img data-recalc-dims=\"1\" decoding=\"async\" width=\"640\" height=\"426\" data-src=\"https:\/\/i0.wp.com\/elterritorialweb.com.ar\/web\/wp-content\/uploads\/2023\/02\/IMG-20230215-WA0028.jpg?resize=640%2C426\" alt=\"\" class=\"wp-image-49236 lazyload\" data-srcset=\"https:\/\/i0.wp.com\/elterritorialweb.com.ar\/web\/wp-content\/uploads\/2023\/02\/IMG-20230215-WA0028.jpg?resize=1024%2C682&amp;ssl=1 1024w, https:\/\/i0.wp.com\/elterritorialweb.com.ar\/web\/wp-content\/uploads\/2023\/02\/IMG-20230215-WA0028.jpg?resize=300%2C200&amp;ssl=1 300w, https:\/\/i0.wp.com\/elterritorialweb.com.ar\/web\/wp-content\/uploads\/2023\/02\/IMG-20230215-WA0028.jpg?resize=768%2C512&amp;ssl=1 768w, https:\/\/i0.wp.com\/elterritorialweb.com.ar\/web\/wp-content\/uploads\/2023\/02\/IMG-20230215-WA0028.jpg?w=1280&amp;ssl=1 1280w\" data-sizes=\"(max-width: 640px) 100vw, 640px\" src=\"data:image\/svg+xml;base64,PHN2ZyB3aWR0aD0iMSIgaGVpZ2h0PSIxIiB4bWxucz0iaHR0cDovL3d3dy53My5vcmcvMjAwMC9zdmciPjwvc3ZnPg==\" style=\"--smush-placeholder-width: 640px; --smush-placeholder-aspect-ratio: 640\/426;\" \/><\/a><\/figure>\n\n\n\n<p>Tambi\u00e9n estuvieron el\u00a0secretario de Ciencia y Tecnolog\u00eda, Adri\u00e1n Su\u00e1rez, el director de Ciencia y Tecnolog\u00eda, Edmundo Vizgarra y el director de Gesti\u00f3n P\u00fablica, Ricardo Montenegro.\u00a0<br>En el entretiempo de la final femenina entre V\u00e9lez y Sonder, Zamora hizo entrega de una plaqueta al capit\u00e1n del Seleccionado Argentino de V\u00f3ley, Javier Filardi.<\/p>\n\n\n\n<figure class=\"wp-block-image size-large\"><a href=\"https:\/\/i0.wp.com\/elterritorialweb.com.ar\/web\/wp-content\/uploads\/2023\/02\/IMG-20230215-WA0032.jpg\"><img data-recalc-dims=\"1\" decoding=\"async\" width=\"640\" height=\"426\" data-src=\"https:\/\/i0.wp.com\/elterritorialweb.com.ar\/web\/wp-content\/uploads\/2023\/02\/IMG-20230215-WA0032.jpg?resize=640%2C426\" alt=\"\" class=\"wp-image-49234 lazyload\" data-srcset=\"https:\/\/i0.wp.com\/elterritorialweb.com.ar\/web\/wp-content\/uploads\/2023\/02\/IMG-20230215-WA0032.jpg?resize=1024%2C682&amp;ssl=1 1024w, https:\/\/i0.wp.com\/elterritorialweb.com.ar\/web\/wp-content\/uploads\/2023\/02\/IMG-20230215-WA0032.jpg?resize=300%2C200&amp;ssl=1 300w, https:\/\/i0.wp.com\/elterritorialweb.com.ar\/web\/wp-content\/uploads\/2023\/02\/IMG-20230215-WA0032.jpg?resize=768%2C512&amp;ssl=1 768w, https:\/\/i0.wp.com\/elterritorialweb.com.ar\/web\/wp-content\/uploads\/2023\/02\/IMG-20230215-WA0032.jpg?w=1280&amp;ssl=1 1280w\" data-sizes=\"(max-width: 640px) 100vw, 640px\" src=\"data:image\/svg+xml;base64,PHN2ZyB3aWR0aD0iMSIgaGVpZ2h0PSIxIiB4bWxucz0iaHR0cDovL3d3dy53My5vcmcvMjAwMC9zdmciPjwvc3ZnPg==\" style=\"--smush-placeholder-width: 640px; --smush-placeholder-aspect-ratio: 640\/426;\" \/><\/a><\/figure>\n\n\n\n<p>Por su parte, el titular de la Feva obsequi\u00f3 al gobernador una camiseta del seleccionado, en agradecimiento por el apoyo permanente del Gobierno de Santiago del Estero al deporte.<\/p>\n\n\n\n<figure class=\"wp-block-image size-large\"><a href=\"https:\/\/i0.wp.com\/elterritorialweb.com.ar\/web\/wp-content\/uploads\/2023\/02\/IMG-20230215-WA0030.jpg\"><img data-recalc-dims=\"1\" decoding=\"async\" width=\"640\" height=\"426\" data-src=\"https:\/\/i0.wp.com\/elterritorialweb.com.ar\/web\/wp-content\/uploads\/2023\/02\/IMG-20230215-WA0030.jpg?resize=640%2C426\" alt=\"\" class=\"wp-image-49238 lazyload\" data-srcset=\"https:\/\/i0.wp.com\/elterritorialweb.com.ar\/web\/wp-content\/uploads\/2023\/02\/IMG-20230215-WA0030.jpg?resize=1024%2C682&amp;ssl=1 1024w, https:\/\/i0.wp.com\/elterritorialweb.com.ar\/web\/wp-content\/uploads\/2023\/02\/IMG-20230215-WA0030.jpg?resize=300%2C200&amp;ssl=1 300w, https:\/\/i0.wp.com\/elterritorialweb.com.ar\/web\/wp-content\/uploads\/2023\/02\/IMG-20230215-WA0030.jpg?resize=768%2C512&amp;ssl=1 768w, https:\/\/i0.wp.com\/elterritorialweb.com.ar\/web\/wp-content\/uploads\/2023\/02\/IMG-20230215-WA0030.jpg?w=1280&amp;ssl=1 1280w\" data-sizes=\"(max-width: 640px) 100vw, 640px\" src=\"data:image\/svg+xml;base64,PHN2ZyB3aWR0aD0iMSIgaGVpZ2h0PSIxIiB4bWxucz0iaHR0cDovL3d3dy53My5vcmcvMjAwMC9zdmciPjwvc3ZnPg==\" style=\"--smush-placeholder-width: 640px; --smush-placeholder-aspect-ratio: 640\/426;\" \/><\/a><\/figure>\n","protected":false},"excerpt":{"rendered":"<p>El mandatario provincial estuvo presente en la \u00faltima jornada del Torneo de la Liga Federal de V\u00f3ley.<\/p>\n","protected":false},"author":2,"featured_media":49239,"comment_status":"open","ping_status":"open","sticky":false,"template":"","format":"standard","meta":{"om_disable_all_campaigns":false,"_monsterinsights_skip_tracking":false,"_monsterinsights_sitenote_active":false,"_monsterinsights_sitenote_note":"","_monsterinsights_sitenote_category":0,"_uf_show_specific_survey":0,"_uf_disable_surveys":false,"jetpack_post_was_ever_published":false,"_jetpack_newsletter_access":"","_jetpack_dont_email_post_to_subs":false,"_jetpack_newsletter_tier_id":0,"_jetpack_memberships_contains_paywalled_content":false,"_jetpack_memberships_contains_paid_content":false,"footnotes":"","jetpack_publicize_message":"","jetpack_publicize_feature_enabled":true,"jetpack_social_post_already_shared":false,"jetpack_social_options":{"image_generator_settings":{"template":"highway","default_image_id":0,"font":"","enabled":false},"version":2}},"categories":[6,21],"tags":[],"class_list":["post-49232","post","type-post","status-publish","format-standard","has-post-thumbnail","hentry","category-deportes","category-locales"],"aioseo_notices":[],"views":10,"jetpack_publicize_connections":[],"jetpack_featured_media_url":"https:\/\/i0.wp.com\/elterritorialweb.com.ar\/web\/wp-content\/uploads\/2023\/02\/IMG-20230215-WA0027.jpg?fit=1280%2C853&ssl=1","jetpack_sharing_enabled":true,"_links":{"self":[{"href":"https:\/\/elterritorialweb.com.ar\/web\/wp-json\/wp\/v2\/posts\/49232","targetHints":{"allow":["GET"]}}],"collection":[{"href":"https:\/\/elterritorialweb.com.ar\/web\/wp-json\/wp\/v2\/posts"}],"about":[{"href":"https:\/\/elterritorialweb.com.ar\/web\/wp-json\/wp\/v2\/types\/post"}],"author":[{"embeddable":true,"href":"https:\/\/elterritorialweb.com.ar\/web\/wp-json\/wp\/v2\/users\/2"}],"replies":[{"embeddable":true,"href":"https:\/\/elterritorialweb.com.ar\/web\/wp-json\/wp\/v2\/comments?post=49232"}],"version-history":[{"count":1,"href":"https:\/\/elterritorialweb.com.ar\/web\/wp-json\/wp\/v2\/posts\/49232\/revisions"}],"predecessor-version":[{"id":49240,"href":"https:\/\/elterritorialweb.com.ar\/web\/wp-json\/wp\/v2\/posts\/49232\/revisions\/49240"}],"wp:featuredmedia":[{"embeddable":true,"href":"https:\/\/elterritorialweb.com.ar\/web\/wp-json\/wp\/v2\/media\/49239"}],"wp:attachment":[{"href":"https:\/\/elterritorialweb.com.ar\/web\/wp-json\/wp\/v2\/media?parent=49232"}],"wp:term":[{"taxonomy":"category","embeddable":true,"href":"https:\/\/elterritorialweb.com.ar\/web\/wp-json\/wp\/v2\/categories?post=49232"},{"taxonomy":"post_tag","embeddable":true,"href":"https:\/\/elterritorialweb.com.ar\/web\/wp-json\/wp\/v2\/tags?post=49232"}],"curies":[{"name":"wp","href":"https:\/\/api.w.org\/{rel}","templated":true}]}}