{"id":49268,"date":"2023-02-16T23:19:11","date_gmt":"2023-02-16T23:19:11","guid":{"rendered":"http:\/\/elterritorialweb.com.ar\/web\/?p=49268"},"modified":"2023-02-16T23:19:14","modified_gmt":"2023-02-16T23:19:14","slug":"massa-anuncio-la-ampliacion-de-las-asignaciones-familiares-para-trabajadores-registrados","status":"publish","type":"post","link":"https:\/\/elterritorialweb.com.ar\/web\/massa-anuncio-la-ampliacion-de-las-asignaciones-familiares-para-trabajadores-registrados\/","title":{"rendered":"MASSA ANUNCI\u00d3 LA AMPLIACI\u00d3N DE LAS ASIGNACIONES FAMILIARES PARA TRABAJADORES REGISTRADOS"},"content":{"rendered":"\n<p>El ministro de Econom\u00eda,\u00a0<strong>Sergio Massa,<\/strong>\u00a0y la Directora Ejecutiva de la ANSES,\u00a0<strong>Fernanda Raverta,<\/strong>\u00a0anunciaron la ampliaci\u00f3n de la cobertura de las\u00a0<strong>Asignaciones Familiares<\/strong>\u00a0para trabajadores registrados.<\/p>\n\n\n\n<p>A trav\u00e9s de esta iniciativa unos 900 mil ni\u00f1os se incorporar\u00e1n al Sistema \u00danico de Asignaciones Familiares (SUAF), beneficiando a m\u00e1s de 600 mil trabajadoras y trabajadores argentinos mediante una inversi\u00f3n del estado m\u00e1s de\u00a0<strong>4 mil millones de pesos mensuales<\/strong>. Comenzar\u00e1 a regir a partir del mes que viene.<\/p>\n\n\n\n<p>Esta medida responde a que desde el mes de marzo se igualar\u00e1 el tope de ingresos para percibir las Asignaciones Familiares con el piso del&nbsp;<strong>Impuesto a las Ganancias<\/strong>. De este modo, el nuevo tope pasar\u00e1 de 158 mil pesos a 404 mil pesos.<\/p>\n\n\n\n<p>La disposici\u00f3n es de car\u00e1cter permanente por lo que ante cada actualizaci\u00f3n que tenga el piso por el cual comienza a tributarse el Impuesto a las Ganancias, tambi\u00e9n se actualizar\u00e1 el tope hasta el cual se perciben las Asignaciones Familiares. De esta manera todas las hijas e hijos de los trabajadores registrados estar\u00e1n cubiertos por el sistema de asignaciones.<\/p>\n\n\n\n<p>Con esta medida, la cobertura de las Asignaciones Familiares se ampl\u00eda a m\u00e1s de 4,4 millones de ni\u00f1as, ni\u00f1os y adolescentes y a 2,9 millones de trabajadoras y trabajadores registrados.<\/p>\n\n\n\n<h3 class=\"wp-block-heading\">Raverta: \u00abPonemos en valor el trabajo de 600 mil trabajadores\u00bb<\/h3>\n\n\n\n<p>Durante el anuncio, Raverta destac\u00f3 que \u201ccon esta medida, a partir de marzo 900 mil chicas y chicos van a tener su Asignaci\u00f3n Familiar, como las hijas e hijos del resto de los trabajadores de la Argentina\u201d. \u201cEste anuncio es muy importante, ya que pone en valor el esfuerzo de 600 mil trabajadores\u00bb, agreg\u00f3.<\/p>\n\n\n\n<p>En tanto, Massa sostuvo que \u201ces muy importante que tengamos fortaleza en el Sistema de Seguridad Social\u201d. En ese marco, agreg\u00f3: \u201cLa Argentina recorre un enorme desaf\u00edo. Por un lado, el de&nbsp;<strong>recuperar el ingreso&nbsp;<\/strong>y, por el otro, garantizar la&nbsp;<strong>estabilidad macroecon\u00f3mica<\/strong>. Ambos son importantes a los efectos de garantizar un desaf\u00edo que tenemos como gobierno que es la recuperaci\u00f3n del ingreso en la Argentina y la mejora en su distribuci\u00f3n\u201d.<\/p>\n","protected":false},"excerpt":{"rendered":"<p>La medida alcanzar\u00e1 a 900.000 chicos y beneficiara a m\u00e1s 600 mil trabajadoras y trabajadores. La inversi\u00f3n estatal supera los 4 mil millones de pesos.<\/p>\n","protected":false},"author":2,"featured_media":49269,"comment_status":"open","ping_status":"open","sticky":false,"template":"","format":"standard","meta":{"om_disable_all_campaigns":false,"_monsterinsights_skip_tracking":false,"_monsterinsights_sitenote_active":false,"_monsterinsights_sitenote_note":"","_monsterinsights_sitenote_category":0,"_uf_show_specific_survey":0,"_uf_disable_surveys":false,"jetpack_post_was_ever_published":false,"_jetpack_newsletter_access":"","_jetpack_dont_email_post_to_subs":false,"_jetpack_newsletter_tier_id":0,"_jetpack_memberships_contains_paywalled_content":false,"_jetpack_memberships_contains_paid_content":false,"footnotes":"","jetpack_publicize_message":"","jetpack_publicize_feature_enabled":true,"jetpack_social_post_already_shared":false,"jetpack_social_options":{"image_generator_settings":{"template":"highway","default_image_id":0,"font":"","enabled":false},"version":2}},"categories":[4,2],"tags":[],"class_list":["post-49268","post","type-post","status-publish","format-standard","has-post-thumbnail","hentry","category-destacadas","category-economia"],"aioseo_notices":[],"views":12,"jetpack_publicize_connections":[],"jetpack_featured_media_url":"https:\/\/i0.wp.com\/elterritorialweb.com.ar\/web\/wp-content\/uploads\/2023\/02\/MASSA-RAVERTA-ANUNCIO-DE-ASIGNACION.jpg?fit=680%2C453&ssl=1","jetpack_sharing_enabled":true,"_links":{"self":[{"href":"https:\/\/elterritorialweb.com.ar\/web\/wp-json\/wp\/v2\/posts\/49268","targetHints":{"allow":["GET"]}}],"collection":[{"href":"https:\/\/elterritorialweb.com.ar\/web\/wp-json\/wp\/v2\/posts"}],"about":[{"href":"https:\/\/elterritorialweb.com.ar\/web\/wp-json\/wp\/v2\/types\/post"}],"author":[{"embeddable":true,"href":"https:\/\/elterritorialweb.com.ar\/web\/wp-json\/wp\/v2\/users\/2"}],"replies":[{"embeddable":true,"href":"https:\/\/elterritorialweb.com.ar\/web\/wp-json\/wp\/v2\/comments?post=49268"}],"version-history":[{"count":1,"href":"https:\/\/elterritorialweb.com.ar\/web\/wp-json\/wp\/v2\/posts\/49268\/revisions"}],"predecessor-version":[{"id":49270,"href":"https:\/\/elterritorialweb.com.ar\/web\/wp-json\/wp\/v2\/posts\/49268\/revisions\/49270"}],"wp:featuredmedia":[{"embeddable":true,"href":"https:\/\/elterritorialweb.com.ar\/web\/wp-json\/wp\/v2\/media\/49269"}],"wp:attachment":[{"href":"https:\/\/elterritorialweb.com.ar\/web\/wp-json\/wp\/v2\/media?parent=49268"}],"wp:term":[{"taxonomy":"category","embeddable":true,"href":"https:\/\/elterritorialweb.com.ar\/web\/wp-json\/wp\/v2\/categories?post=49268"},{"taxonomy":"post_tag","embeddable":true,"href":"https:\/\/elterritorialweb.com.ar\/web\/wp-json\/wp\/v2\/tags?post=49268"}],"curies":[{"name":"wp","href":"https:\/\/api.w.org\/{rel}","templated":true}]}}