{"id":49288,"date":"2023-02-17T02:15:09","date_gmt":"2023-02-17T02:15:09","guid":{"rendered":"http:\/\/elterritorialweb.com.ar\/web\/?p=49288"},"modified":"2023-02-17T02:15:10","modified_gmt":"2023-02-17T02:15:10","slug":"la-unse-firmo-convenio-de-cooperacion-con-la-municipalidad-de-bandera","status":"publish","type":"post","link":"https:\/\/elterritorialweb.com.ar\/web\/la-unse-firmo-convenio-de-cooperacion-con-la-municipalidad-de-bandera\/","title":{"rendered":"LA UNSE FIRM\u00d3 CONVENIO DE COOPERACI\u00d3N CON LA MUNICIPALIDAD DE BANDERA"},"content":{"rendered":"\n<p>El Intendente de Bandera, Jairo Colaneri, firm\u00f3 un convenio marco con el rector de la UNSE, H\u00e9ctor Paz, y otro espec\u00edfico con el decano de la Facultad de Ciencias Exactas y Tecnolog\u00edas, Pedro Juvenal Basualdo.<br>El intendente de Bandera agradeci\u00f3 \u201cla posibilidad de que la educaci\u00f3n p\u00fablica universitaria llegue al interior. Apostamos a la educaci\u00f3n y vamos a trabajar en conjunto, es un desaf\u00edo muy fuerte\u201d, dijo.<br>Con relaci\u00f3n al convenio con la FCEyT subray\u00f3 \u201cla labor en el aspecto catastral de Bandera que pronto tendr\u00e1 a universitarios trabajando\u201d.<br>Por su parte, el Rector indic\u00f3 que \u201cnuestra universidad va a cumplir 50 a\u00f1os y, para nosotros, 50 a\u00f1os de vida significan, tambi\u00e9n, la integraci\u00f3n de la UNSE en este amplio territorio provincial\u201d.<br>En este sentido, destac\u00f3 la inserci\u00f3n territorial de la oferta educativa de la UNSE, la Escuela de Artes y Oficios y la Escuela para la Innovaci\u00f3n Educativa.<br>Convenio con Exactas<br>El decano de la Facultad de Ciencias Exactas, Pedro Basualdo, mencion\u00f3 la importancia de la interacci\u00f3n entre la Universidad y las Municipalidades. \u201cUno de nuestros pilares es la extensi\u00f3n, que es la forma en la que nos relacionamos con el medio. En una provincia tan grande como Santiago, me congratulo de poder firmar este convenio que le permite a la UNSE cumplir con uno de sus objetivos principales\u201d.<br>Cabe mencionar que el Convenio Espec\u00edfico tiene como objetivo realizar tareas de relevamiento catastral, conducentes al ordenamiento territorial dentro de la jurisdicci\u00f3n de Bandera. Las tareas agrimensurales est\u00e1n previstas como actividades de extensi\u00f3n y se realizar\u00e1n con la participaci\u00f3n de estudiantes y docentes del Departamento Acad\u00e9mico de Agrimensura de la Facultad de Ciencias Exactas y Tecnolog\u00edas.<\/p>\n","protected":false},"excerpt":{"rendered":"<p>Se concret\u00f3 la firma del Convenio Marco de Cooperaci\u00f3n entre la UNSE y la Municipalidad de Bandera y el Convenio Espec\u00edfico con la Facultad de Ciencias Exactas y Tecnolog\u00edas (FCEyT).<\/p>\n","protected":false},"author":2,"featured_media":49289,"comment_status":"open","ping_status":"open","sticky":false,"template":"","format":"standard","meta":{"om_disable_all_campaigns":false,"_monsterinsights_skip_tracking":false,"_monsterinsights_sitenote_active":false,"_monsterinsights_sitenote_note":"","_monsterinsights_sitenote_category":0,"_uf_show_specific_survey":0,"_uf_disable_surveys":false,"jetpack_post_was_ever_published":false,"_jetpack_newsletter_access":"","_jetpack_dont_email_post_to_subs":false,"_jetpack_newsletter_tier_id":0,"_jetpack_memberships_contains_paywalled_content":false,"_jetpack_memberships_contains_paid_content":false,"footnotes":"","jetpack_publicize_message":"","jetpack_publicize_feature_enabled":true,"jetpack_social_post_already_shared":false,"jetpack_social_options":{"image_generator_settings":{"template":"highway","default_image_id":0,"font":"","enabled":false},"version":2}},"categories":[19],"tags":[],"class_list":["post-49288","post","type-post","status-publish","format-standard","has-post-thumbnail","hentry","category-educacion"],"aioseo_notices":[],"views":10,"jetpack_publicize_connections":[],"jetpack_featured_media_url":"https:\/\/i0.wp.com\/elterritorialweb.com.ar\/web\/wp-content\/uploads\/2023\/02\/WhatsApp-Image-2023-02-17-at-01.39.23.jpeg?fit=1600%2C1066&ssl=1","jetpack_sharing_enabled":true,"_links":{"self":[{"href":"https:\/\/elterritorialweb.com.ar\/web\/wp-json\/wp\/v2\/posts\/49288","targetHints":{"allow":["GET"]}}],"collection":[{"href":"https:\/\/elterritorialweb.com.ar\/web\/wp-json\/wp\/v2\/posts"}],"about":[{"href":"https:\/\/elterritorialweb.com.ar\/web\/wp-json\/wp\/v2\/types\/post"}],"author":[{"embeddable":true,"href":"https:\/\/elterritorialweb.com.ar\/web\/wp-json\/wp\/v2\/users\/2"}],"replies":[{"embeddable":true,"href":"https:\/\/elterritorialweb.com.ar\/web\/wp-json\/wp\/v2\/comments?post=49288"}],"version-history":[{"count":1,"href":"https:\/\/elterritorialweb.com.ar\/web\/wp-json\/wp\/v2\/posts\/49288\/revisions"}],"predecessor-version":[{"id":49290,"href":"https:\/\/elterritorialweb.com.ar\/web\/wp-json\/wp\/v2\/posts\/49288\/revisions\/49290"}],"wp:featuredmedia":[{"embeddable":true,"href":"https:\/\/elterritorialweb.com.ar\/web\/wp-json\/wp\/v2\/media\/49289"}],"wp:attachment":[{"href":"https:\/\/elterritorialweb.com.ar\/web\/wp-json\/wp\/v2\/media?parent=49288"}],"wp:term":[{"taxonomy":"category","embeddable":true,"href":"https:\/\/elterritorialweb.com.ar\/web\/wp-json\/wp\/v2\/categories?post=49288"},{"taxonomy":"post_tag","embeddable":true,"href":"https:\/\/elterritorialweb.com.ar\/web\/wp-json\/wp\/v2\/tags?post=49288"}],"curies":[{"name":"wp","href":"https:\/\/api.w.org\/{rel}","templated":true}]}}