{"id":49291,"date":"2023-02-17T02:21:13","date_gmt":"2023-02-17T02:21:13","guid":{"rendered":"http:\/\/elterritorialweb.com.ar\/web\/?p=49291"},"modified":"2023-02-17T02:21:13","modified_gmt":"2023-02-17T02:21:13","slug":"nediani-realizo-una-nueva-entrega-de-anteojos-de-recetas","status":"publish","type":"post","link":"https:\/\/elterritorialweb.com.ar\/web\/nediani-realizo-una-nueva-entrega-de-anteojos-de-recetas\/","title":{"rendered":"NEDIANI REALIZ\u00d3 UNA NUEVA ENTREGA DE ANTEOJOS DE RECETAS"},"content":{"rendered":"\n<p>Por su parte, el intendente Nediani destac\u00f3: \u201cEs una gesti\u00f3n que lo hab\u00edamos hecho en el Ministerio de Desarrollo de la Naci\u00f3n en aquella oportunidad que estuvo presente el Tren de Desarrollo Social y Sanitario en el Patin\u00f3dromo Municipal sobre avenida San Mart\u00edn\u201d.<br>\u201cEstoy muy contento por tener la posibilidad desde el estado municipal hacer nuestro aporte para mejorar la calidad de vida de cada uno de los vecinos bande\u00f1os, agradecido por supuesto a las \u00e1reas involucradas como Secretar\u00eda de Coordinaci\u00f3n y Desarrollo Territorial, Secretar\u00eda de Gobierno del municipio que trabajamos en forma conjunta\u201d, finaliz\u00f3 Nediani.<\/p>\n\n\n\n<figure class=\"wp-block-image size-large\"><a href=\"https:\/\/i0.wp.com\/elterritorialweb.com.ar\/web\/wp-content\/uploads\/2023\/02\/WhatsApp-Image-2023-02-16-at-17.23.32-1.jpeg\"><img data-recalc-dims=\"1\" decoding=\"async\" width=\"640\" height=\"423\" data-src=\"https:\/\/i0.wp.com\/elterritorialweb.com.ar\/web\/wp-content\/uploads\/2023\/02\/WhatsApp-Image-2023-02-16-at-17.23.32-1.jpeg?resize=640%2C423\" alt=\"\" class=\"wp-image-49293 lazyload\" data-srcset=\"https:\/\/i0.wp.com\/elterritorialweb.com.ar\/web\/wp-content\/uploads\/2023\/02\/WhatsApp-Image-2023-02-16-at-17.23.32-1.jpeg?resize=1024%2C676&amp;ssl=1 1024w, https:\/\/i0.wp.com\/elterritorialweb.com.ar\/web\/wp-content\/uploads\/2023\/02\/WhatsApp-Image-2023-02-16-at-17.23.32-1.jpeg?resize=300%2C198&amp;ssl=1 300w, https:\/\/i0.wp.com\/elterritorialweb.com.ar\/web\/wp-content\/uploads\/2023\/02\/WhatsApp-Image-2023-02-16-at-17.23.32-1.jpeg?resize=768%2C507&amp;ssl=1 768w, https:\/\/i0.wp.com\/elterritorialweb.com.ar\/web\/wp-content\/uploads\/2023\/02\/WhatsApp-Image-2023-02-16-at-17.23.32-1.jpeg?w=1280&amp;ssl=1 1280w\" data-sizes=\"(max-width: 640px) 100vw, 640px\" src=\"data:image\/svg+xml;base64,PHN2ZyB3aWR0aD0iMSIgaGVpZ2h0PSIxIiB4bWxucz0iaHR0cDovL3d3dy53My5vcmcvMjAwMC9zdmciPjwvc3ZnPg==\" style=\"--smush-placeholder-width: 640px; --smush-placeholder-aspect-ratio: 640\/423;\" \/><\/a><\/figure>\n\n\n\n<p>Cabe destacar, que uno de los beneficiaros de la entrega de anteojos, apellido Orieta, agreg\u00f3: \u201cEstoy muy agradecido con el intendente por esta entrega, principalmente porque me estaba haciendo falta y se me dificultaba econ\u00f3micamente y no los pod\u00eda adquirir\u201d.<br>Por \u00faltimo, una de las vecinas bande\u00f1as expres\u00f3: \u201cMe siento tan contenta por la entrega de estos anteojos que son para mi hijo ya que siempre utiliz\u00f3 y necesitaba renovarlos principalmente por la vuelta a clases\u201d.<\/p>\n","protected":false},"excerpt":{"rendered":"<p>El intendente de la ciudad de La Banda, Roger Nediani llevo a cabo una nueva entrega de anteojos de receta, en el marco del Tren Sanitario \u201cRam\u00f3n Carrillo\u201d que benefici\u00f3 a m\u00e1s de 300 vecinos bande\u00f1os.<br \/>\nEn este sentido, el jefe comunal estuvo acompa\u00f1ado por la secretaria de Gobierno, Victoria Torres, el secretario de Coordinaci\u00f3n y Desarrollo Territorial, Mat\u00edas Nediani; la subsecretaria de Seguridad y Ordenamiento Urbano, Carolina Montenegro; la secretaria de Comunicaci\u00f3n, Fernanda Raschi y dem\u00e1s autoridades.<\/p>\n","protected":false},"author":2,"featured_media":49292,"comment_status":"open","ping_status":"open","sticky":false,"template":"","format":"standard","meta":{"om_disable_all_campaigns":false,"_monsterinsights_skip_tracking":false,"_monsterinsights_sitenote_active":false,"_monsterinsights_sitenote_note":"","_monsterinsights_sitenote_category":0,"_uf_show_specific_survey":0,"_uf_disable_surveys":false,"jetpack_post_was_ever_published":false,"_jetpack_newsletter_access":"","_jetpack_dont_email_post_to_subs":false,"_jetpack_newsletter_tier_id":0,"_jetpack_memberships_contains_paywalled_content":false,"_jetpack_memberships_contains_paid_content":false,"footnotes":"","jetpack_publicize_message":"","jetpack_publicize_feature_enabled":true,"jetpack_social_post_already_shared":false,"jetpack_social_options":{"image_generator_settings":{"template":"highway","default_image_id":0,"font":"","enabled":false},"version":2}},"categories":[9],"tags":[],"class_list":["post-49291","post","type-post","status-publish","format-standard","has-post-thumbnail","hentry","category-banda"],"aioseo_notices":[],"views":10,"jetpack_publicize_connections":[],"jetpack_featured_media_url":"https:\/\/i0.wp.com\/elterritorialweb.com.ar\/web\/wp-content\/uploads\/2023\/02\/WhatsApp-Image-2023-02-16-at-17.23.31.jpeg?fit=1280%2C845&ssl=1","jetpack_sharing_enabled":true,"_links":{"self":[{"href":"https:\/\/elterritorialweb.com.ar\/web\/wp-json\/wp\/v2\/posts\/49291","targetHints":{"allow":["GET"]}}],"collection":[{"href":"https:\/\/elterritorialweb.com.ar\/web\/wp-json\/wp\/v2\/posts"}],"about":[{"href":"https:\/\/elterritorialweb.com.ar\/web\/wp-json\/wp\/v2\/types\/post"}],"author":[{"embeddable":true,"href":"https:\/\/elterritorialweb.com.ar\/web\/wp-json\/wp\/v2\/users\/2"}],"replies":[{"embeddable":true,"href":"https:\/\/elterritorialweb.com.ar\/web\/wp-json\/wp\/v2\/comments?post=49291"}],"version-history":[{"count":1,"href":"https:\/\/elterritorialweb.com.ar\/web\/wp-json\/wp\/v2\/posts\/49291\/revisions"}],"predecessor-version":[{"id":49295,"href":"https:\/\/elterritorialweb.com.ar\/web\/wp-json\/wp\/v2\/posts\/49291\/revisions\/49295"}],"wp:featuredmedia":[{"embeddable":true,"href":"https:\/\/elterritorialweb.com.ar\/web\/wp-json\/wp\/v2\/media\/49292"}],"wp:attachment":[{"href":"https:\/\/elterritorialweb.com.ar\/web\/wp-json\/wp\/v2\/media?parent=49291"}],"wp:term":[{"taxonomy":"category","embeddable":true,"href":"https:\/\/elterritorialweb.com.ar\/web\/wp-json\/wp\/v2\/categories?post=49291"},{"taxonomy":"post_tag","embeddable":true,"href":"https:\/\/elterritorialweb.com.ar\/web\/wp-json\/wp\/v2\/tags?post=49291"}],"curies":[{"name":"wp","href":"https:\/\/api.w.org\/{rel}","templated":true}]}}