{"id":49296,"date":"2023-02-17T02:26:44","date_gmt":"2023-02-17T02:26:44","guid":{"rendered":"http:\/\/elterritorialweb.com.ar\/web\/?p=49296"},"modified":"2023-02-17T02:27:21","modified_gmt":"2023-02-17T02:27:21","slug":"santiago-es-tu-rio-realizara-su-cierre-con-la-entrega-de-reconocimientos-y-premios","status":"publish","type":"post","link":"https:\/\/elterritorialweb.com.ar\/web\/santiago-es-tu-rio-realizara-su-cierre-con-la-entrega-de-reconocimientos-y-premios\/","title":{"rendered":"SANTIAGO ES TU R\u00cdO REALIZAR\u00c1 SU CIERRE CON LA ENTREGA DE RECONOCIMIENTOS Y PREMIOS"},"content":{"rendered":"\n<p>Esto tendr\u00e1 lugar en el \u00faltimo fin de semana del programa de verano, donde actuar\u00e1n adem\u00e1s Edith Corpos y JL y los Buenos del Cuarteto; mientras que el s\u00e1bado 18, lo har\u00e1n Los Guttys con la cumbia norte\u00f1a y el D\u00fao Paycuna y el cierre ser\u00e1 el domingo, con Ale Guillin y Cristian Heredia.<\/p>\n\n\n\n<p>Familias, grupos de amigos y turistas podr\u00e1n disfrutar tambi\u00e9n, desde las 19 horas, de los stands de artesanos y emprendedores, de juegos infantiles, de las clases de zumba y los puestos de Eco canje y reciclado y las campa\u00f1as de concientizaci\u00f3n y prevenci\u00f3n sobre la salud y el medio ambiente.<\/p>\n","protected":false},"excerpt":{"rendered":"<p>Este viernes, a partir de las 21, en el predio de Santiago es tu R\u00edo, y en el marco de las actividades libres y gratuitas organizadas por la Municipalidad de la Capital, se realizar\u00e1 reconocimiento a instituciones deportivas participantes del torneo de playa, tambi\u00e9n se har\u00e1 entrega del premio al ganador del Concurso de Reels y se presentar\u00e1 el show en vivo de Jorge Daniel y Los Libras.<\/p>\n","protected":false},"author":2,"featured_media":49297,"comment_status":"open","ping_status":"open","sticky":false,"template":"","format":"standard","meta":{"om_disable_all_campaigns":false,"_monsterinsights_skip_tracking":false,"_monsterinsights_sitenote_active":false,"_monsterinsights_sitenote_note":"","_monsterinsights_sitenote_category":0,"_uf_show_specific_survey":0,"_uf_disable_surveys":false,"jetpack_post_was_ever_published":false,"_jetpack_newsletter_access":"","_jetpack_dont_email_post_to_subs":false,"_jetpack_newsletter_tier_id":0,"_jetpack_memberships_contains_paywalled_content":false,"_jetpack_memberships_contains_paid_content":false,"footnotes":"","jetpack_publicize_message":"","jetpack_publicize_feature_enabled":true,"jetpack_social_post_already_shared":false,"jetpack_social_options":{"image_generator_settings":{"template":"highway","default_image_id":0,"font":"","enabled":false},"version":2}},"categories":[20,21],"tags":[],"class_list":["post-49296","post","type-post","status-publish","format-standard","has-post-thumbnail","hentry","category-especysociales","category-locales"],"aioseo_notices":[],"views":7,"jetpack_publicize_connections":[],"jetpack_featured_media_url":"https:\/\/i0.wp.com\/elterritorialweb.com.ar\/web\/wp-content\/uploads\/2023\/02\/sgo-es-tu-rio-cierre.jpeg?fit=1280%2C720&ssl=1","jetpack_sharing_enabled":true,"_links":{"self":[{"href":"https:\/\/elterritorialweb.com.ar\/web\/wp-json\/wp\/v2\/posts\/49296","targetHints":{"allow":["GET"]}}],"collection":[{"href":"https:\/\/elterritorialweb.com.ar\/web\/wp-json\/wp\/v2\/posts"}],"about":[{"href":"https:\/\/elterritorialweb.com.ar\/web\/wp-json\/wp\/v2\/types\/post"}],"author":[{"embeddable":true,"href":"https:\/\/elterritorialweb.com.ar\/web\/wp-json\/wp\/v2\/users\/2"}],"replies":[{"embeddable":true,"href":"https:\/\/elterritorialweb.com.ar\/web\/wp-json\/wp\/v2\/comments?post=49296"}],"version-history":[{"count":1,"href":"https:\/\/elterritorialweb.com.ar\/web\/wp-json\/wp\/v2\/posts\/49296\/revisions"}],"predecessor-version":[{"id":49298,"href":"https:\/\/elterritorialweb.com.ar\/web\/wp-json\/wp\/v2\/posts\/49296\/revisions\/49298"}],"wp:featuredmedia":[{"embeddable":true,"href":"https:\/\/elterritorialweb.com.ar\/web\/wp-json\/wp\/v2\/media\/49297"}],"wp:attachment":[{"href":"https:\/\/elterritorialweb.com.ar\/web\/wp-json\/wp\/v2\/media?parent=49296"}],"wp:term":[{"taxonomy":"category","embeddable":true,"href":"https:\/\/elterritorialweb.com.ar\/web\/wp-json\/wp\/v2\/categories?post=49296"},{"taxonomy":"post_tag","embeddable":true,"href":"https:\/\/elterritorialweb.com.ar\/web\/wp-json\/wp\/v2\/tags?post=49296"}],"curies":[{"name":"wp","href":"https:\/\/api.w.org\/{rel}","templated":true}]}}