{"id":49304,"date":"2023-02-17T18:12:35","date_gmt":"2023-02-17T18:12:35","guid":{"rendered":"http:\/\/elterritorialweb.com.ar\/web\/?p=49304"},"modified":"2023-02-17T18:12:37","modified_gmt":"2023-02-17T18:12:37","slug":"niccolai-puso-en-funciones-a-nueva-funcionaria-en-el-ministerio-de-desarrollo-social","status":"publish","type":"post","link":"https:\/\/elterritorialweb.com.ar\/web\/niccolai-puso-en-funciones-a-nueva-funcionaria-en-el-ministerio-de-desarrollo-social\/","title":{"rendered":"NICCOLAI PUSO EN FUNCIONES A NUEVA FUNCIONARIA EN EL <strong>MINISTERIO DE DESARROLLO SOCIAL<\/strong>"},"content":{"rendered":"\n<p>De la ceremonia, realizada este viernes por la ma\u00f1ana en la sede del ministerio, participaron empleados, familiares y amigos de la nueva funcionaria.<\/p>\n\n\n\n<p>Tras el juramento, Mercedes G\u00f3mez expres\u00f3: \u00abAgradezco por depositar la confianza en mi persona para desempe\u00f1arme en esta nueva tarea y acompa\u00f1ar la gesti\u00f3n del Gobierno de la provincia con el compromiso de trabajo y la misi\u00f3n del servicio\u00bb.<\/p>\n\n\n\n<p>Por su parte, Niccolai destac\u00f3 \u201clas condiciones profesionales y el compromiso demostrado por la nueva funcionaria, que ya ven\u00eda desempe\u00f1\u00e1ndose en esta tarea de control de gesti\u00f3n junto a sus colaboradores\u201d.<\/p>\n\n\n\n<p>El ministro remarc\u00f3 adem\u00e1s que \u00e9sta es un \u00e1rea transcendente para la cartera de Desarrollo Social, que \u201cejecuta, provee, ayuda, asiste a mucha gente y es fundamental en la articulaci\u00f3n con todas las reparticiones\u00bb.<\/p>\n\n\n\n<p>Tambi\u00e9n exhort\u00f3 a todo su equipo de trabajo a colaborar con el mayor compromiso y empe\u00f1o para llevar soluciones a los santiague\u00f1os que acuden al Ministerio de Desarrollo Social.<\/p>\n\n\n\n<p><\/p>\n","protected":false},"excerpt":{"rendered":"<p>El ministro de Desarrollo Social y Promoci\u00f3n Humana de la provincia, \u00c1ngel Niccolai, tom\u00f3 juramento y puso en funciones a Mercedes del Valle G\u00f3mez como directora general de Programaci\u00f3n y Control de Gesti\u00f3n de dicha cartera.<\/p>\n","protected":false},"author":2,"featured_media":49305,"comment_status":"open","ping_status":"open","sticky":false,"template":"","format":"standard","meta":{"om_disable_all_campaigns":false,"_monsterinsights_skip_tracking":false,"_monsterinsights_sitenote_active":false,"_monsterinsights_sitenote_note":"","_monsterinsights_sitenote_category":0,"_uf_show_specific_survey":0,"_uf_disable_surveys":false,"jetpack_post_was_ever_published":false,"_jetpack_newsletter_access":"","_jetpack_dont_email_post_to_subs":false,"_jetpack_newsletter_tier_id":0,"_jetpack_memberships_contains_paywalled_content":false,"_jetpack_memberships_contains_paid_content":false,"footnotes":"","jetpack_publicize_message":"","jetpack_publicize_feature_enabled":true,"jetpack_social_post_already_shared":false,"jetpack_social_options":{"image_generator_settings":{"template":"highway","default_image_id":0,"font":"","enabled":false},"version":2}},"categories":[21],"tags":[],"class_list":["post-49304","post","type-post","status-publish","format-standard","has-post-thumbnail","hentry","category-locales"],"aioseo_notices":[],"views":10,"jetpack_publicize_connections":[],"jetpack_featured_media_url":"https:\/\/i0.wp.com\/elterritorialweb.com.ar\/web\/wp-content\/uploads\/2023\/02\/funcionaria.jpeg?fit=1471%2C1065&ssl=1","jetpack_sharing_enabled":true,"_links":{"self":[{"href":"https:\/\/elterritorialweb.com.ar\/web\/wp-json\/wp\/v2\/posts\/49304","targetHints":{"allow":["GET"]}}],"collection":[{"href":"https:\/\/elterritorialweb.com.ar\/web\/wp-json\/wp\/v2\/posts"}],"about":[{"href":"https:\/\/elterritorialweb.com.ar\/web\/wp-json\/wp\/v2\/types\/post"}],"author":[{"embeddable":true,"href":"https:\/\/elterritorialweb.com.ar\/web\/wp-json\/wp\/v2\/users\/2"}],"replies":[{"embeddable":true,"href":"https:\/\/elterritorialweb.com.ar\/web\/wp-json\/wp\/v2\/comments?post=49304"}],"version-history":[{"count":1,"href":"https:\/\/elterritorialweb.com.ar\/web\/wp-json\/wp\/v2\/posts\/49304\/revisions"}],"predecessor-version":[{"id":49306,"href":"https:\/\/elterritorialweb.com.ar\/web\/wp-json\/wp\/v2\/posts\/49304\/revisions\/49306"}],"wp:featuredmedia":[{"embeddable":true,"href":"https:\/\/elterritorialweb.com.ar\/web\/wp-json\/wp\/v2\/media\/49305"}],"wp:attachment":[{"href":"https:\/\/elterritorialweb.com.ar\/web\/wp-json\/wp\/v2\/media?parent=49304"}],"wp:term":[{"taxonomy":"category","embeddable":true,"href":"https:\/\/elterritorialweb.com.ar\/web\/wp-json\/wp\/v2\/categories?post=49304"},{"taxonomy":"post_tag","embeddable":true,"href":"https:\/\/elterritorialweb.com.ar\/web\/wp-json\/wp\/v2\/tags?post=49304"}],"curies":[{"name":"wp","href":"https:\/\/api.w.org\/{rel}","templated":true}]}}