{"id":49310,"date":"2023-02-17T19:03:16","date_gmt":"2023-02-17T19:03:16","guid":{"rendered":"http:\/\/elterritorialweb.com.ar\/web\/?p=49310"},"modified":"2023-02-17T19:03:17","modified_gmt":"2023-02-17T19:03:17","slug":"caso-lucio-dupuy-condenaron-a-la-madre-y-a-su-pareja-a-prision-perpetua","status":"publish","type":"post","link":"https:\/\/elterritorialweb.com.ar\/web\/caso-lucio-dupuy-condenaron-a-la-madre-y-a-su-pareja-a-prision-perpetua\/","title":{"rendered":"CASO LUCIO DUPUY: CONDENARON A LA MADRE Y A SU PAREJA A PRISI\u00d3N PERPETUA"},"content":{"rendered":"\n<p><strong>Magdalena Esp\u00f3sito Valenti, la madre de Lucio Dupuy, y Abigail P\u00e1ez, su pareja, fueron condenadas por un tribunal de la ciudad de Santa Rosa a la pena de prisi\u00f3n perpetua<\/strong>\u00a0por haber asesinado al ni\u00f1o de 5 a\u00f1os en esa ciudad pampeana en noviembre de 2021.<\/p>\n\n\n\n<p>Ambas mujeres ya hab\u00edan sido declarado culpables del homicidio del ni\u00f1o y ahora el Tribunal de Audiencia de Santa Rosa, integrado por los jueces Alejandra Ongaro, Andr\u00e9s Oli\u00e9 y Daniel S\u00e1ez Zamora, dio a conocer el monto de la pena y no hizo lugar al pedido de la familia de la v\u00edctima que hab\u00eda solicitado que se les aplique \u00abel tiempo indeterminado\u00bb como accesoria a la prisi\u00f3n perpetua.<\/p>\n\n\n\n<p>El 2 de febrero, Esp\u00f3sito Valenti, la madre del peque\u00f1o, fue declarada autora material y penalmente responsable del delito de homicidio triplemente calificado por el v\u00ednculo, alevos\u00eda y ensa\u00f1amiento.<\/p>\n\n\n\n<p>A su vez, P\u00e1ez fue declarada autora material y penalmente responsable del delito de homicidio doblemente calificado por alevos\u00eda y ensa\u00f1amiento; en concurso real con el delito de abuso sexual con acceso carnal por v\u00eda anal, ejecutado con un objeto f\u00e1lico, agravado por tratarse de la guardadora y por haberse cometido contra un menor de 18 a\u00f1os de edad, aprovechando la situaci\u00f3n de convivencia preexistente, como delito continuado.<\/p>\n\n\n\n<p><strong>Lucio Dupuy (5) fue asesinado el 26 de noviembre de 2021 en la casa de la calle Allan Kardec al 2300 de Santa Rosa, donde viv\u00eda con la madre y su pareja.<\/strong><\/p>\n\n\n\n<p>Los movimientos de las condenadas y Lucio quedaron registrados por una c\u00e1mara ubicada frente al departamento, y gracias a ellos se pudo concluir que a las 17.32 horas se lo vio a Lucio vivo por \u00faltima vez.<\/p>\n\n\n\n<p>Consideraron acreditado que entre ese momento y las 19.40 horas, cuando ambas imputadas salieron solas del departamento, Lucio fue golpeado brutalmente.<\/p>\n\n\n\n<p>Seg\u00fan los fundamentos del fallo de los jueces, Abigail P\u00e1ez llev\u00f3 en moto a su novia al trabajo de moza en el restaurante de un hotel de la capital pampeana y regres\u00f3 sola a las 20.49, cuando intent\u00f3 reanimar al ni\u00f1o y lo meti\u00f3 baj\u00f3 la ducha.<\/p>\n\n\n\n<p>A las 21.30 sali\u00f3 con Lucio en brazos para el centro asistencial del barrio R\u00edo Atuel, anexo al departamento, pero estaba cerrado, por lo que fue derivado al Hospital Evita, donde a las 21.45 se constat\u00f3 que ya estaba muerto.<\/p>\n\n\n\n<p>La Justicia estableci\u00f3 que las dos participaron de la golpiza mortal, entre las 18 y las 19 del 26 de noviembre y que el ni\u00f1o recibi\u00f3 golpes de pu\u00f1o, patadas y golpes con un palo.<\/p>\n\n\n\n<p>Tambi\u00e9n recibi\u00f3 un pisot\u00f3n en la espalda por parte de Abigail P\u00e1ez (se pudo determinar por la impronta que dej\u00f3 su zapatilla), que le provoc\u00f3 lesiones internas como el desgarro del h\u00edgado y, adem\u00e1s, fue mordido en sus zonas \u00edntimas y en su brazo izquierdo.<\/p>\n\n\n\n<p>El Tribunal de Audiencia, en la sentencia de 126 fojas, estableci\u00f3 que el ni\u00f1o fue v\u00edctima, recurrente, de violencia f\u00edsica, psicol\u00f3gica y sexual y determin\u00f3 que se pudo advertir un \u00abcrescendo de violencia\u00bb, a la luz de los chats entre ambas imputadas, ventilados durante el juicio, a partir de mediados del mes de octubre de 2021.<\/p>\n","protected":false},"excerpt":{"rendered":"<p>El tribunal de la ciudad de Santa Rosa dio a conocer las penas impuestas a Magdalena Valenti y Abigail P\u00e1ez por haber asesinado al ni\u00f1o de 5 a\u00f1os en esa ciudad pampeana en noviembre de 2021.<\/p>\n","protected":false},"author":2,"featured_media":49311,"comment_status":"open","ping_status":"open","sticky":false,"template":"","format":"standard","meta":{"om_disable_all_campaigns":false,"_monsterinsights_skip_tracking":false,"_monsterinsights_sitenote_active":false,"_monsterinsights_sitenote_note":"","_monsterinsights_sitenote_category":0,"_uf_show_specific_survey":0,"_uf_disable_surveys":false,"jetpack_post_was_ever_published":false,"_jetpack_newsletter_access":"","_jetpack_dont_email_post_to_subs":false,"_jetpack_newsletter_tier_id":0,"_jetpack_memberships_contains_paywalled_content":false,"_jetpack_memberships_contains_paid_content":false,"footnotes":"","jetpack_publicize_message":"","jetpack_publicize_feature_enabled":true,"jetpack_social_post_already_shared":false,"jetpack_social_options":{"image_generator_settings":{"template":"highway","default_image_id":0,"font":"","enabled":false},"version":2}},"categories":[7,36],"tags":[],"class_list":["post-49310","post","type-post","status-publish","format-standard","has-post-thumbnail","hentry","category-nacionales","category-policiales"],"aioseo_notices":[],"views":10,"jetpack_publicize_connections":[],"jetpack_featured_media_url":"https:\/\/i0.wp.com\/elterritorialweb.com.ar\/web\/wp-content\/uploads\/2023\/02\/CASO-DUPOY.jpg?fit=735%2C480&ssl=1","jetpack_sharing_enabled":true,"_links":{"self":[{"href":"https:\/\/elterritorialweb.com.ar\/web\/wp-json\/wp\/v2\/posts\/49310","targetHints":{"allow":["GET"]}}],"collection":[{"href":"https:\/\/elterritorialweb.com.ar\/web\/wp-json\/wp\/v2\/posts"}],"about":[{"href":"https:\/\/elterritorialweb.com.ar\/web\/wp-json\/wp\/v2\/types\/post"}],"author":[{"embeddable":true,"href":"https:\/\/elterritorialweb.com.ar\/web\/wp-json\/wp\/v2\/users\/2"}],"replies":[{"embeddable":true,"href":"https:\/\/elterritorialweb.com.ar\/web\/wp-json\/wp\/v2\/comments?post=49310"}],"version-history":[{"count":1,"href":"https:\/\/elterritorialweb.com.ar\/web\/wp-json\/wp\/v2\/posts\/49310\/revisions"}],"predecessor-version":[{"id":49312,"href":"https:\/\/elterritorialweb.com.ar\/web\/wp-json\/wp\/v2\/posts\/49310\/revisions\/49312"}],"wp:featuredmedia":[{"embeddable":true,"href":"https:\/\/elterritorialweb.com.ar\/web\/wp-json\/wp\/v2\/media\/49311"}],"wp:attachment":[{"href":"https:\/\/elterritorialweb.com.ar\/web\/wp-json\/wp\/v2\/media?parent=49310"}],"wp:term":[{"taxonomy":"category","embeddable":true,"href":"https:\/\/elterritorialweb.com.ar\/web\/wp-json\/wp\/v2\/categories?post=49310"},{"taxonomy":"post_tag","embeddable":true,"href":"https:\/\/elterritorialweb.com.ar\/web\/wp-json\/wp\/v2\/tags?post=49310"}],"curies":[{"name":"wp","href":"https:\/\/api.w.org\/{rel}","templated":true}]}}