{"id":49316,"date":"2023-02-17T20:21:13","date_gmt":"2023-02-17T20:21:13","guid":{"rendered":"http:\/\/elterritorialweb.com.ar\/web\/?p=49316"},"modified":"2023-02-17T20:22:02","modified_gmt":"2023-02-17T20:22:02","slug":"inicia-el-periodo-de-trachas-para-docentes-de-jardines-de-infantes-municipales","status":"publish","type":"post","link":"https:\/\/elterritorialweb.com.ar\/web\/inicia-el-periodo-de-trachas-para-docentes-de-jardines-de-infantes-municipales\/","title":{"rendered":"INICIA EL PERIODO DE TRACHAS PARA DOCENTES DE JARDINES DE INFANTES MUNICIPALES"},"content":{"rendered":"\n<p>La <strong>Subsecretar\u00eda de Educaci\u00f3n de la ciudad Capital<\/strong>, a trav\u00e9s de la Junta de Calificaciones y Clasificaciones de la Docencia Municipal, inform\u00f3 que el \u201c<strong>Per\u00edodo de Tachas<\/strong> correspondiente a la inscripci\u00f3n ordinaria para interinatos y suplencias del servicio de educaci\u00f3n municipal 2023 de maestras de secci\u00f3n, m\u00fasica y profesores de educaci\u00f3n f\u00edsica\u201d se realizar\u00e1 desde el d\u00eda <strong>mi\u00e9rcoles 22 hasta el martes 28 de febrero<\/strong> del corriente a\u00f1o.<br>Los docentes inscriptos deber\u00e1n dirigirse de manera presencial al organismo ubicado en calle C\u00f3rdoba N\u00b0 254 de lunes a viernes en el horario matutino de 8:30 a 12:30 o por la tarde de 13:30 a 17:30.<\/p>\n","protected":false},"excerpt":{"rendered":"<p>La Subsecretar\u00eda de Educaci\u00f3n de la Municipalidad inform\u00f3 el inicio de periodo de tachas para docentes<\/p>\n","protected":false},"author":2,"featured_media":49317,"comment_status":"open","ping_status":"open","sticky":false,"template":"","format":"standard","meta":{"om_disable_all_campaigns":false,"_monsterinsights_skip_tracking":false,"_monsterinsights_sitenote_active":false,"_monsterinsights_sitenote_note":"","_monsterinsights_sitenote_category":0,"_uf_show_specific_survey":0,"_uf_disable_surveys":false,"jetpack_post_was_ever_published":false,"_jetpack_newsletter_access":"","_jetpack_dont_email_post_to_subs":false,"_jetpack_newsletter_tier_id":0,"_jetpack_memberships_contains_paywalled_content":false,"_jetpack_memberships_contains_paid_content":false,"footnotes":"","jetpack_publicize_message":"","jetpack_publicize_feature_enabled":true,"jetpack_social_post_already_shared":false,"jetpack_social_options":{"image_generator_settings":{"template":"highway","default_image_id":0,"font":"","enabled":false},"version":2}},"categories":[19,21],"tags":[],"class_list":["post-49316","post","type-post","status-publish","format-standard","has-post-thumbnail","hentry","category-educacion","category-locales"],"aioseo_notices":[],"views":9,"jetpack_publicize_connections":[],"jetpack_featured_media_url":"https:\/\/i0.wp.com\/elterritorialweb.com.ar\/web\/wp-content\/uploads\/2023\/02\/jardines-municipales-e1676665316115.jpg?fit=719%2C786&ssl=1","jetpack_sharing_enabled":true,"_links":{"self":[{"href":"https:\/\/elterritorialweb.com.ar\/web\/wp-json\/wp\/v2\/posts\/49316","targetHints":{"allow":["GET"]}}],"collection":[{"href":"https:\/\/elterritorialweb.com.ar\/web\/wp-json\/wp\/v2\/posts"}],"about":[{"href":"https:\/\/elterritorialweb.com.ar\/web\/wp-json\/wp\/v2\/types\/post"}],"author":[{"embeddable":true,"href":"https:\/\/elterritorialweb.com.ar\/web\/wp-json\/wp\/v2\/users\/2"}],"replies":[{"embeddable":true,"href":"https:\/\/elterritorialweb.com.ar\/web\/wp-json\/wp\/v2\/comments?post=49316"}],"version-history":[{"count":1,"href":"https:\/\/elterritorialweb.com.ar\/web\/wp-json\/wp\/v2\/posts\/49316\/revisions"}],"predecessor-version":[{"id":49318,"href":"https:\/\/elterritorialweb.com.ar\/web\/wp-json\/wp\/v2\/posts\/49316\/revisions\/49318"}],"wp:featuredmedia":[{"embeddable":true,"href":"https:\/\/elterritorialweb.com.ar\/web\/wp-json\/wp\/v2\/media\/49317"}],"wp:attachment":[{"href":"https:\/\/elterritorialweb.com.ar\/web\/wp-json\/wp\/v2\/media?parent=49316"}],"wp:term":[{"taxonomy":"category","embeddable":true,"href":"https:\/\/elterritorialweb.com.ar\/web\/wp-json\/wp\/v2\/categories?post=49316"},{"taxonomy":"post_tag","embeddable":true,"href":"https:\/\/elterritorialweb.com.ar\/web\/wp-json\/wp\/v2\/tags?post=49316"}],"curies":[{"name":"wp","href":"https:\/\/api.w.org\/{rel}","templated":true}]}}