{"id":49319,"date":"2023-02-18T02:00:15","date_gmt":"2023-02-18T02:00:15","guid":{"rendered":"http:\/\/elterritorialweb.com.ar\/web\/?p=49319"},"modified":"2023-02-18T02:00:15","modified_gmt":"2023-02-18T02:00:15","slug":"santiago-estuvo-presente-en-encuentro-de-la-junta-de-cortes-de-justicia-provinciales","status":"publish","type":"post","link":"https:\/\/elterritorialweb.com.ar\/web\/santiago-estuvo-presente-en-encuentro-de-la-junta-de-cortes-de-justicia-provinciales\/","title":{"rendered":"SANTIAGO ESTUVO PRESENTE EN ENCUENTRO DE LA JUNTA DE CORTES DE JUSTICIA PROVINCIALES"},"content":{"rendered":"\n<p>La Comisi\u00f3n Directiva de la Junta Federal de Cortes y Superiores Tribunales de Justicia de las Provincias Argentinas y la C.A.B.A. (Ju.Fe.Jus.) realiz\u00f3 su primera reuni\u00f3n plenaria anual, en la que el Poder Judicial de Santiago del Estero estuvo representado.<\/p>\n\n\n\n<p>El vicepresidente primero del STJ, Dr. Eduardo Llugdar, asisti\u00f3 al c\u00f3nclave que se desarroll\u00f3 en el Sal\u00f3n de Acuerdos del m\u00e1ximo tribunal de Entre R\u00edos, mientras que la Dra. Ana Rosa Rodr\u00edguez, vicepresidenta segunda del Alto Cuerpo santiague\u00f1o, particip\u00f3 de modo remoto.<\/p>\n\n\n\n<p>Como es habitual en cada encuentro, la titular de la Ju.Fe.Jus.&nbsp;Dra. Mar\u00eda del Carmen Battaini, brind\u00f3 la bienvenida a los presentes y abri\u00f3 las deliberaciones, de acuerdo con el orden del d\u00eda establecido.<\/p>\n\n\n\n<p>Entre las cuestiones abordadas, se destacaron los informes de las situaciones institucionales de cada jurisdicci\u00f3n; el estado financiero del organismo; el proyecto de memorando de entendimiento con el Programa para el Desarrollo de las Naciones Unidas (PNUD) y los lineamientos program\u00e1ticos del Instituto de Capacitaci\u00f3n de los Poderes Judiciales Provinciales (REFLEJAR).<\/p>\n\n\n\n<p>Asimismo, se brindaron informes de diferentes Comisiones de Trabajo y Foros, como la de G\u00e9nero y de Acceso a Justicia, entre otros asuntos, alternativas que se siguieron tanto de manera presencial como por medio de plataforma virtual, por parte de ministros de diferentes Cortes de Justicia del pa\u00eds.<\/p>\n\n\n\n<figure class=\"wp-block-image size-full\"><a href=\"https:\/\/i0.wp.com\/elterritorialweb.com.ar\/web\/wp-content\/uploads\/2023\/02\/JUF3.jpeg\"><img data-recalc-dims=\"1\" decoding=\"async\" width=\"640\" height=\"427\" data-src=\"https:\/\/i0.wp.com\/elterritorialweb.com.ar\/web\/wp-content\/uploads\/2023\/02\/JUF3.jpeg?resize=640%2C427\" alt=\"\" class=\"wp-image-49324 lazyload\" data-srcset=\"https:\/\/i0.wp.com\/elterritorialweb.com.ar\/web\/wp-content\/uploads\/2023\/02\/JUF3.jpeg?w=1024&amp;ssl=1 1024w, https:\/\/i0.wp.com\/elterritorialweb.com.ar\/web\/wp-content\/uploads\/2023\/02\/JUF3.jpeg?resize=300%2C200&amp;ssl=1 300w, https:\/\/i0.wp.com\/elterritorialweb.com.ar\/web\/wp-content\/uploads\/2023\/02\/JUF3.jpeg?resize=768%2C512&amp;ssl=1 768w\" data-sizes=\"(max-width: 640px) 100vw, 640px\" src=\"data:image\/svg+xml;base64,PHN2ZyB3aWR0aD0iMSIgaGVpZ2h0PSIxIiB4bWxucz0iaHR0cDovL3d3dy53My5vcmcvMjAwMC9zdmciPjwvc3ZnPg==\" style=\"--smush-placeholder-width: 640px; --smush-placeholder-aspect-ratio: 640\/427;\" \/><\/a><\/figure>\n\n\n\n<p><strong>Propuesta de capacitaci\u00f3n<\/strong><\/p>\n\n\n\n<p>Por otra parte,&nbsp;Dr. Llugdar expuso un plan de formaci\u00f3n integral en materia de Derechos Humanos, ante los representantes de la Red de Centros y Escuelas de Capacitaci\u00f3n de los Poderes Judiciales de las Provincias&nbsp; Argentinas y la Ciudad Aut\u00f3noma de Buenos Aires (REFLEJAR).<\/p>\n\n\n\n<p>En esa oportunidad,&nbsp;el vicepresidente de esta entidad acad\u00e9mica de la&nbsp;Ju.Fe.Jus. puso a consideraci\u00f3n de sus pares la iniciativa acad\u00e9mica, dirigida a magistrados, funcionarios y empleados judiciales, estructur\u00e1ndose en m\u00f3dulos, con tem\u00e1ticas inherentes al tema apuntado.<\/p>\n\n\n\n<p>En tanto, las palabras de apertura de la reuni\u00f3n estuvieron a cargo de la titular de REFLEJAR, Dra. Claudia&nbsp;Mizawak y de la presidente de la Ju.Fe.Jus., Dra. Battaini.<\/p>\n\n\n\n<p>Las deliberaciones, que tuvieron por sede presencial la&nbsp;Sala de Videoconferencias&nbsp;del Superior Tribunal de Justicia de Entre R\u00edos, cont\u00f3 tambi\u00e9n con la participaci\u00f3n,&nbsp;mediante plataforma virtual, de&nbsp;autoridades de Cortes Provinciales.<\/p>\n","protected":false},"excerpt":{"rendered":"<p>El Dr. Llugdar particip\u00f3 de manera presencial en el evento, mientras que la Dra. Rodr\u00edguez lo hizo de manera virtual<\/p>\n","protected":false},"author":2,"featured_media":49323,"comment_status":"open","ping_status":"open","sticky":false,"template":"","format":"standard","meta":{"om_disable_all_campaigns":false,"_monsterinsights_skip_tracking":false,"_monsterinsights_sitenote_active":false,"_monsterinsights_sitenote_note":"","_monsterinsights_sitenote_category":0,"_uf_show_specific_survey":0,"_uf_disable_surveys":false,"jetpack_post_was_ever_published":false,"_jetpack_newsletter_access":"","_jetpack_dont_email_post_to_subs":false,"_jetpack_newsletter_tier_id":0,"_jetpack_memberships_contains_paywalled_content":false,"_jetpack_memberships_contains_paid_content":false,"footnotes":"","jetpack_publicize_message":"","jetpack_publicize_feature_enabled":true,"jetpack_social_post_already_shared":false,"jetpack_social_options":{"image_generator_settings":{"template":"highway","default_image_id":0,"font":"","enabled":false},"version":2}},"categories":[21],"tags":[],"class_list":["post-49319","post","type-post","status-publish","format-standard","has-post-thumbnail","hentry","category-locales"],"aioseo_notices":[],"views":10,"jetpack_publicize_connections":[],"jetpack_featured_media_url":"https:\/\/i0.wp.com\/elterritorialweb.com.ar\/web\/wp-content\/uploads\/2023\/02\/REFLE1.jpeg?fit=1024%2C726&ssl=1","jetpack_sharing_enabled":true,"_links":{"self":[{"href":"https:\/\/elterritorialweb.com.ar\/web\/wp-json\/wp\/v2\/posts\/49319","targetHints":{"allow":["GET"]}}],"collection":[{"href":"https:\/\/elterritorialweb.com.ar\/web\/wp-json\/wp\/v2\/posts"}],"about":[{"href":"https:\/\/elterritorialweb.com.ar\/web\/wp-json\/wp\/v2\/types\/post"}],"author":[{"embeddable":true,"href":"https:\/\/elterritorialweb.com.ar\/web\/wp-json\/wp\/v2\/users\/2"}],"replies":[{"embeddable":true,"href":"https:\/\/elterritorialweb.com.ar\/web\/wp-json\/wp\/v2\/comments?post=49319"}],"version-history":[{"count":1,"href":"https:\/\/elterritorialweb.com.ar\/web\/wp-json\/wp\/v2\/posts\/49319\/revisions"}],"predecessor-version":[{"id":49325,"href":"https:\/\/elterritorialweb.com.ar\/web\/wp-json\/wp\/v2\/posts\/49319\/revisions\/49325"}],"wp:featuredmedia":[{"embeddable":true,"href":"https:\/\/elterritorialweb.com.ar\/web\/wp-json\/wp\/v2\/media\/49323"}],"wp:attachment":[{"href":"https:\/\/elterritorialweb.com.ar\/web\/wp-json\/wp\/v2\/media?parent=49319"}],"wp:term":[{"taxonomy":"category","embeddable":true,"href":"https:\/\/elterritorialweb.com.ar\/web\/wp-json\/wp\/v2\/categories?post=49319"},{"taxonomy":"post_tag","embeddable":true,"href":"https:\/\/elterritorialweb.com.ar\/web\/wp-json\/wp\/v2\/tags?post=49319"}],"curies":[{"name":"wp","href":"https:\/\/api.w.org\/{rel}","templated":true}]}}