{"id":49326,"date":"2023-02-18T02:22:03","date_gmt":"2023-02-18T02:22:03","guid":{"rendered":"http:\/\/elterritorialweb.com.ar\/web\/?p=49326"},"modified":"2023-02-18T02:23:02","modified_gmt":"2023-02-18T02:23:02","slug":"nediani-fortalece-vinculos-con-proteccionistas-de-animales","status":"publish","type":"post","link":"https:\/\/elterritorialweb.com.ar\/web\/nediani-fortalece-vinculos-con-proteccionistas-de-animales\/","title":{"rendered":"NEDIANI FORTALECE V\u00cdNCULOS CON PROTECCIONISTAS DE ANIMALES"},"content":{"rendered":"\n<p>Cabe destacar, que el \u00e1rea de Sanidad Animal de la comuna bande\u00f1a realiza permanentemente castraciones en diferentes modalidades, estas son a bajo costo en el Centro de Sanidad Animal y gratuitas en la Unidad M\u00f3vil de Castraciones, estas \u00faltimas se efect\u00faan en conjunto con proteccionistas y a trav\u00e9s de las juntas vecinales.<br>Tras la reuni\u00f3n, Marta Campos, integrante de la RAS, declar\u00f3: \u00abLa reuni\u00f3n con el intendente Roger Nediani fue para seguir capacit\u00e1ndonos junto al municipio bande\u00f1o para fortalecer el trabajo de castraciones que viene realizando. Sabemos que la sobrepoblaci\u00f3n de perros y gatos es un tema que se tiene que asumir desde el Estado como lo viene haciendo el municipio de La Banda y hay que fortalecer este compromiso entre el municipio, la parte privada y los proteccionistas. Para ello es fundamental asesorarnos bien para poder implementar programas nacionales, \u00e9ticos, econ\u00f3micos y eficaces, como lo son los programas de control de equilibrio poblacional de perros y gatos y lograr reducir las mismas\u201d.<br>\u201cEn esta oportunidad, tambi\u00e9n concluimos en firmar un acta acuerdo y apenas est\u00e9 el convenio se realizar\u00e1 la firma del documento con las autoridades correspondientes para darle un marco legal a este trabajo colaborativo que venimos realizando nosotros desde RAS capacitando y acompa\u00f1ando a los municipios de la provincia para llevar adelante de forma correcta y efectiva los diferentes programas\u201d.<br>\u201cEn este marco, tambi\u00e9n se llevar\u00e1 a cabo un proyecto educativo junto al municipio que lo estamos armando y vamos a seguir trabajando, pero ya con un marco legal porque esta ser\u00eda la tercera reuni\u00f3n que tenemos con el municipio de La Banda\u00bb, finaliz\u00f3 Campos.<\/p>\n\n\n\n<p><strong>RAS<\/strong><br>Red Animalista de Santiago del Estero es un grupo integrado por proteccionistas de diferentes ciudades, municipios, comunas municipales que desde la convenci\u00f3n realizada en Termas de Rio Hondo el 22 y 23 de febrero 2019 se ha unido para asesorar y capacitar a la provincia sobre c\u00f3mo solucionar el problema de la sobrepoblaci\u00f3n de perros y gatos.<br>El objetivo es lograr la implementaci\u00f3n de programas \u00e9ticos, econ\u00f3micos y eficaces y que brinden la soluci\u00f3n definitiva para establecer el control de la poblaci\u00f3n canina y felina, procurando el bienestar de la comunidad y de los animales.<br>La agrupaci\u00f3n est\u00e1 integrada por Mar\u00eda Natalia Paladino de \u00abLa Voz de Ellos\u00bb de la ciudad de Fr\u00edas; Mar\u00eda Emilia N\u00fa\u00f1ez de la Asociaci\u00f3n Civil de Ayuda al Animal Abandonado Termas; Laura Pereyra proteccionista independiente de ciudad Capital; Mariela Tarchini proteccionista independiente de la ciudad de La Banda; Marta Campos proteccionista independiente de Termas de Rio Hondo; Rafael \u00c1lvarez proteccionista independiente de La Banda.<\/p>\n","protected":false},"excerpt":{"rendered":"<p>El intendente Roger Nediani se reuni\u00f3 con integrantes de la Red Animalista de Santiago del Estero (RAS) para diagramar acciones conjuntas con el objetivo de promover en la comunidad la tenencia responsable de mascotas.<\/p>\n","protected":false},"author":2,"featured_media":49327,"comment_status":"open","ping_status":"open","sticky":false,"template":"","format":"standard","meta":{"om_disable_all_campaigns":false,"_monsterinsights_skip_tracking":false,"_monsterinsights_sitenote_active":false,"_monsterinsights_sitenote_note":"","_monsterinsights_sitenote_category":0,"_uf_show_specific_survey":0,"_uf_disable_surveys":false,"jetpack_post_was_ever_published":false,"_jetpack_newsletter_access":"","_jetpack_dont_email_post_to_subs":false,"_jetpack_newsletter_tier_id":0,"_jetpack_memberships_contains_paywalled_content":false,"_jetpack_memberships_contains_paid_content":false,"footnotes":"","jetpack_publicize_message":"","jetpack_publicize_feature_enabled":true,"jetpack_social_post_already_shared":false,"jetpack_social_options":{"image_generator_settings":{"template":"highway","default_image_id":0,"font":"","enabled":false},"version":2}},"categories":[9],"tags":[],"class_list":["post-49326","post","type-post","status-publish","format-standard","has-post-thumbnail","hentry","category-banda"],"aioseo_notices":[],"views":11,"jetpack_publicize_connections":[],"jetpack_featured_media_url":"https:\/\/i0.wp.com\/elterritorialweb.com.ar\/web\/wp-content\/uploads\/2023\/02\/WhatsApp-Image-2023-02-17-at-16.58.51.jpeg?fit=1600%2C900&ssl=1","jetpack_sharing_enabled":true,"_links":{"self":[{"href":"https:\/\/elterritorialweb.com.ar\/web\/wp-json\/wp\/v2\/posts\/49326","targetHints":{"allow":["GET"]}}],"collection":[{"href":"https:\/\/elterritorialweb.com.ar\/web\/wp-json\/wp\/v2\/posts"}],"about":[{"href":"https:\/\/elterritorialweb.com.ar\/web\/wp-json\/wp\/v2\/types\/post"}],"author":[{"embeddable":true,"href":"https:\/\/elterritorialweb.com.ar\/web\/wp-json\/wp\/v2\/users\/2"}],"replies":[{"embeddable":true,"href":"https:\/\/elterritorialweb.com.ar\/web\/wp-json\/wp\/v2\/comments?post=49326"}],"version-history":[{"count":2,"href":"https:\/\/elterritorialweb.com.ar\/web\/wp-json\/wp\/v2\/posts\/49326\/revisions"}],"predecessor-version":[{"id":49329,"href":"https:\/\/elterritorialweb.com.ar\/web\/wp-json\/wp\/v2\/posts\/49326\/revisions\/49329"}],"wp:featuredmedia":[{"embeddable":true,"href":"https:\/\/elterritorialweb.com.ar\/web\/wp-json\/wp\/v2\/media\/49327"}],"wp:attachment":[{"href":"https:\/\/elterritorialweb.com.ar\/web\/wp-json\/wp\/v2\/media?parent=49326"}],"wp:term":[{"taxonomy":"category","embeddable":true,"href":"https:\/\/elterritorialweb.com.ar\/web\/wp-json\/wp\/v2\/categories?post=49326"},{"taxonomy":"post_tag","embeddable":true,"href":"https:\/\/elterritorialweb.com.ar\/web\/wp-json\/wp\/v2\/tags?post=49326"}],"curies":[{"name":"wp","href":"https:\/\/api.w.org\/{rel}","templated":true}]}}