{"id":49495,"date":"2023-02-21T18:48:44","date_gmt":"2023-02-21T18:48:44","guid":{"rendered":"http:\/\/elterritorialweb.com.ar\/web\/?p=49495"},"modified":"2023-02-21T18:48:45","modified_gmt":"2023-02-21T18:48:45","slug":"la-escuela-de-capacitacion-santa-rita-abre-su-inscripcion-para-el-ciclo-lectivo-2023-conoce-los-cursos","status":"publish","type":"post","link":"https:\/\/elterritorialweb.com.ar\/web\/la-escuela-de-capacitacion-santa-rita-abre-su-inscripcion-para-el-ciclo-lectivo-2023-conoce-los-cursos\/","title":{"rendered":"LA ESCUELA DE CAPACITACI\u00d3N SANTA RITA ABRE SU INSCRIPCI\u00d3N PARA EL CICLO LECTIVO 2023: CONOCE LOS CURSOS"},"content":{"rendered":"\n<p>La <strong>Escuela de capacitaci\u00f3n Santa Rita<\/strong> informa a toda la comunidad que se encuentra <strong>abierta la inscripci\u00f3n<\/strong> en los distintos cursos y talleres para el <strong>Ciclo Lectivo 2023<\/strong>.<\/p>\n\n\n\n<p>La misma se realizar\u00e1 a partir del d\u00eda <strong>27 de febrero<\/strong> del corriente de <strong>19 a 21 hs.<\/strong> en el establecimiento escolar, ubicado en <strong>calle Urrejolas 403 del barrio Jorge Newbery.<\/strong><\/p>\n\n\n\n<figure class=\"wp-block-image size-large\"><a href=\"https:\/\/i0.wp.com\/elterritorialweb.com.ar\/web\/wp-content\/uploads\/2023\/02\/280211428_135599549059352_2119560825600947458_n.jpg\"><img data-recalc-dims=\"1\" decoding=\"async\" width=\"640\" height=\"480\" data-src=\"https:\/\/i0.wp.com\/elterritorialweb.com.ar\/web\/wp-content\/uploads\/2023\/02\/280211428_135599549059352_2119560825600947458_n.jpg?resize=640%2C480\" alt=\"\" class=\"wp-image-49497 lazyload\" data-srcset=\"https:\/\/i0.wp.com\/elterritorialweb.com.ar\/web\/wp-content\/uploads\/2023\/02\/280211428_135599549059352_2119560825600947458_n.jpg?resize=1024%2C768&amp;ssl=1 1024w, https:\/\/i0.wp.com\/elterritorialweb.com.ar\/web\/wp-content\/uploads\/2023\/02\/280211428_135599549059352_2119560825600947458_n.jpg?resize=300%2C225&amp;ssl=1 300w, https:\/\/i0.wp.com\/elterritorialweb.com.ar\/web\/wp-content\/uploads\/2023\/02\/280211428_135599549059352_2119560825600947458_n.jpg?resize=768%2C576&amp;ssl=1 768w, https:\/\/i0.wp.com\/elterritorialweb.com.ar\/web\/wp-content\/uploads\/2023\/02\/280211428_135599549059352_2119560825600947458_n.jpg?resize=1536%2C1152&amp;ssl=1 1536w, https:\/\/i0.wp.com\/elterritorialweb.com.ar\/web\/wp-content\/uploads\/2023\/02\/280211428_135599549059352_2119560825600947458_n.jpg?w=2048&amp;ssl=1 2048w, https:\/\/i0.wp.com\/elterritorialweb.com.ar\/web\/wp-content\/uploads\/2023\/02\/280211428_135599549059352_2119560825600947458_n.jpg?w=1280 1280w, https:\/\/i0.wp.com\/elterritorialweb.com.ar\/web\/wp-content\/uploads\/2023\/02\/280211428_135599549059352_2119560825600947458_n.jpg?w=1920 1920w\" data-sizes=\"(max-width: 640px) 100vw, 640px\" src=\"data:image\/svg+xml;base64,PHN2ZyB3aWR0aD0iMSIgaGVpZ2h0PSIxIiB4bWxucz0iaHR0cDovL3d3dy53My5vcmcvMjAwMC9zdmciPjwvc3ZnPg==\" style=\"--smush-placeholder-width: 640px; --smush-placeholder-aspect-ratio: 640\/480;\" \/><\/a><\/figure>\n\n\n\n<p><strong>Oferta educativa<\/strong><\/p>\n\n\n\n<p>&#8211; Bordado a mano<\/p>\n\n\n\n<p>-Pintura al Oleo<\/p>\n\n\n\n<p>-Pintura en tela<\/p>\n\n\n\n<p>-Porcelana fr\u00eda<\/p>\n\n\n\n<p>-Primeros auxilios<\/p>\n\n\n\n<p>-Reciclado<\/p>\n\n\n\n<p>-Tapicer\u00eda<\/p>\n\n\n\n<p>-Tejido a crochet, dos agujas y en telar<\/p>\n\n\n\n<p>-Peluquer\u00eda<\/p>\n\n\n\n<p>&#8211; Bordado a m\u00e1quina<\/p>\n\n\n\n<p>&#8211; Carpinter\u00eda<\/p>\n\n\n\n<p>&#8211; Cocina y reposter\u00eda<\/p>\n\n\n\n<p>&#8211; Computaci\u00f3n<\/p>\n\n\n\n<p>&#8211; Corte y confecci\u00f3n<\/p>\n\n\n\n<p>&#8211; Industria del hogar<\/p>\n\n\n\n<p>&#8211; Marroquiner\u00eda y bijouterie<\/p>\n\n\n\n<figure class=\"wp-block-gallery has-nested-images columns-default is-cropped wp-block-gallery-1 is-layout-flex wp-block-gallery-is-layout-flex\">\n<figure class=\"wp-block-image size-large\"><a href=\"https:\/\/i0.wp.com\/elterritorialweb.com.ar\/web\/wp-content\/uploads\/2023\/02\/280270153_135599265726047_6565714520072637310_n.jpg\"><img data-recalc-dims=\"1\" decoding=\"async\" width=\"640\" height=\"480\" data-id=\"49498\" data-src=\"https:\/\/i0.wp.com\/elterritorialweb.com.ar\/web\/wp-content\/uploads\/2023\/02\/280270153_135599265726047_6565714520072637310_n.jpg?resize=640%2C480\" alt=\"\" class=\"wp-image-49498 lazyload\" data-srcset=\"https:\/\/i0.wp.com\/elterritorialweb.com.ar\/web\/wp-content\/uploads\/2023\/02\/280270153_135599265726047_6565714520072637310_n.jpg?resize=1024%2C768&amp;ssl=1 1024w, https:\/\/i0.wp.com\/elterritorialweb.com.ar\/web\/wp-content\/uploads\/2023\/02\/280270153_135599265726047_6565714520072637310_n.jpg?resize=300%2C225&amp;ssl=1 300w, https:\/\/i0.wp.com\/elterritorialweb.com.ar\/web\/wp-content\/uploads\/2023\/02\/280270153_135599265726047_6565714520072637310_n.jpg?resize=768%2C576&amp;ssl=1 768w, https:\/\/i0.wp.com\/elterritorialweb.com.ar\/web\/wp-content\/uploads\/2023\/02\/280270153_135599265726047_6565714520072637310_n.jpg?resize=1536%2C1152&amp;ssl=1 1536w, https:\/\/i0.wp.com\/elterritorialweb.com.ar\/web\/wp-content\/uploads\/2023\/02\/280270153_135599265726047_6565714520072637310_n.jpg?w=2048&amp;ssl=1 2048w, https:\/\/i0.wp.com\/elterritorialweb.com.ar\/web\/wp-content\/uploads\/2023\/02\/280270153_135599265726047_6565714520072637310_n.jpg?w=1280 1280w, https:\/\/i0.wp.com\/elterritorialweb.com.ar\/web\/wp-content\/uploads\/2023\/02\/280270153_135599265726047_6565714520072637310_n.jpg?w=1920 1920w\" data-sizes=\"(max-width: 640px) 100vw, 640px\" src=\"data:image\/svg+xml;base64,PHN2ZyB3aWR0aD0iMSIgaGVpZ2h0PSIxIiB4bWxucz0iaHR0cDovL3d3dy53My5vcmcvMjAwMC9zdmciPjwvc3ZnPg==\" style=\"--smush-placeholder-width: 640px; --smush-placeholder-aspect-ratio: 640\/480;\" \/><\/a><figcaption class=\"wp-element-caption\">Computaci\u00f3n <\/figcaption><\/figure>\n\n\n\n<figure class=\"wp-block-image size-large\"><a href=\"https:\/\/i0.wp.com\/elterritorialweb.com.ar\/web\/wp-content\/uploads\/2023\/02\/280276423_135599699059337_7566844845615129885_n.jpg\"><img data-recalc-dims=\"1\" decoding=\"async\" width=\"640\" height=\"480\" data-id=\"49499\" data-src=\"https:\/\/i0.wp.com\/elterritorialweb.com.ar\/web\/wp-content\/uploads\/2023\/02\/280276423_135599699059337_7566844845615129885_n.jpg?resize=640%2C480\" alt=\"\" class=\"wp-image-49499 lazyload\" data-srcset=\"https:\/\/i0.wp.com\/elterritorialweb.com.ar\/web\/wp-content\/uploads\/2023\/02\/280276423_135599699059337_7566844845615129885_n.jpg?resize=1024%2C768&amp;ssl=1 1024w, https:\/\/i0.wp.com\/elterritorialweb.com.ar\/web\/wp-content\/uploads\/2023\/02\/280276423_135599699059337_7566844845615129885_n.jpg?resize=300%2C225&amp;ssl=1 300w, https:\/\/i0.wp.com\/elterritorialweb.com.ar\/web\/wp-content\/uploads\/2023\/02\/280276423_135599699059337_7566844845615129885_n.jpg?resize=768%2C576&amp;ssl=1 768w, https:\/\/i0.wp.com\/elterritorialweb.com.ar\/web\/wp-content\/uploads\/2023\/02\/280276423_135599699059337_7566844845615129885_n.jpg?resize=1536%2C1152&amp;ssl=1 1536w, https:\/\/i0.wp.com\/elterritorialweb.com.ar\/web\/wp-content\/uploads\/2023\/02\/280276423_135599699059337_7566844845615129885_n.jpg?w=2048&amp;ssl=1 2048w, https:\/\/i0.wp.com\/elterritorialweb.com.ar\/web\/wp-content\/uploads\/2023\/02\/280276423_135599699059337_7566844845615129885_n.jpg?w=1280 1280w, https:\/\/i0.wp.com\/elterritorialweb.com.ar\/web\/wp-content\/uploads\/2023\/02\/280276423_135599699059337_7566844845615129885_n.jpg?w=1920 1920w\" data-sizes=\"(max-width: 640px) 100vw, 640px\" src=\"data:image\/svg+xml;base64,PHN2ZyB3aWR0aD0iMSIgaGVpZ2h0PSIxIiB4bWxucz0iaHR0cDovL3d3dy53My5vcmcvMjAwMC9zdmciPjwvc3ZnPg==\" style=\"--smush-placeholder-width: 640px; --smush-placeholder-aspect-ratio: 640\/480;\" \/><\/a><figcaption class=\"wp-element-caption\">Cocina y Reposter\u00eda<\/figcaption><\/figure>\n<\/figure>\n\n\n\n<p><strong>SOBRE LA ESCUELA<\/strong><\/p>\n\n\n\n<p>Cabe destacar que la escuela cuenta con 40 a\u00f1os de trayectoria institucional, su&nbsp;<strong>directora Aurelia \u00c1vila<\/strong>&nbsp;se refiri\u00f3 al respecto:&nbsp;<em>\u00abcomenzamos en los inicios con el dictado de dos talleres, no cont\u00e1bamos con establecimientos propio, y las clases se dictaban en el sal\u00f3n parroquial\u00bb<\/em>.<\/p>\n\n\n\n<figure class=\"wp-block-image size-full is-resized\"><a href=\"https:\/\/i0.wp.com\/elterritorialweb.com.ar\/web\/wp-content\/uploads\/2023\/02\/image-35.png\"><img data-recalc-dims=\"1\" decoding=\"async\" data-src=\"https:\/\/i0.wp.com\/elterritorialweb.com.ar\/web\/wp-content\/uploads\/2023\/02\/image-35.png?resize=640%2C506\" alt=\"\" class=\"wp-image-49500 lazyload\" width=\"640\" height=\"506\" data-srcset=\"https:\/\/i0.wp.com\/elterritorialweb.com.ar\/web\/wp-content\/uploads\/2023\/02\/image-35.png?w=525&amp;ssl=1 525w, https:\/\/i0.wp.com\/elterritorialweb.com.ar\/web\/wp-content\/uploads\/2023\/02\/image-35.png?resize=300%2C237&amp;ssl=1 300w\" data-sizes=\"(max-width: 640px) 100vw, 640px\" src=\"data:image\/svg+xml;base64,PHN2ZyB3aWR0aD0iMSIgaGVpZ2h0PSIxIiB4bWxucz0iaHR0cDovL3d3dy53My5vcmcvMjAwMC9zdmciPjwvc3ZnPg==\" style=\"--smush-placeholder-width: 640px; --smush-placeholder-aspect-ratio: 640\/506;\" \/><\/a><\/figure>\n\n\n\n<p><em>\u00abCon el tiempo y la demanda de alumnos interesados en cursar, se fueron agregando m\u00e1s talleres, que sirvieron como herramienta para capacitar y formar a los egresados que pasaron por nuestra querida instituci\u00f3n\u00bb<\/em>, agrego la directora.<\/p>\n\n\n\n<p>Para finalizar dijo:&nbsp;<em>\u00abinvitamos a toda la comunidad en general a inscribirse en la escuela de capacitaci\u00f3n Santa Rita, ya que contamos con una variada propuesta educativa, de los cuales al finalizar el cursado, entregamos certificados de la Subsecretar\u00eda de Educaci\u00f3n de la Municipalidad\u00bb<\/em>.<\/p>\n","protected":false},"excerpt":{"rendered":"<p>Desde la instituci\u00f3n informaron que Las clases comienzan el 7 de marzo y ser\u00e1n dictadas los d\u00edas martes, jueves y s\u00e1bados de 15 a 17 horas.<\/p>\n","protected":false},"author":2,"featured_media":49496,"comment_status":"open","ping_status":"open","sticky":false,"template":"","format":"standard","meta":{"om_disable_all_campaigns":false,"_monsterinsights_skip_tracking":false,"_monsterinsights_sitenote_active":false,"_monsterinsights_sitenote_note":"","_monsterinsights_sitenote_category":0,"_uf_show_specific_survey":0,"_uf_disable_surveys":false,"jetpack_post_was_ever_published":false,"_jetpack_newsletter_access":"","_jetpack_dont_email_post_to_subs":false,"_jetpack_newsletter_tier_id":0,"_jetpack_memberships_contains_paywalled_content":false,"_jetpack_memberships_contains_paid_content":false,"footnotes":"","jetpack_publicize_message":"","jetpack_publicize_feature_enabled":true,"jetpack_social_post_already_shared":false,"jetpack_social_options":{"image_generator_settings":{"template":"highway","default_image_id":0,"font":"","enabled":false},"version":2}},"categories":[4,19],"tags":[],"class_list":["post-49495","post","type-post","status-publish","format-standard","has-post-thumbnail","hentry","category-destacadas","category-educacion"],"aioseo_notices":[],"views":2433,"jetpack_publicize_connections":[],"jetpack_featured_media_url":"https:\/\/i0.wp.com\/elterritorialweb.com.ar\/web\/wp-content\/uploads\/2023\/02\/image-34.png?fit=582%2C436&ssl=1","jetpack_sharing_enabled":true,"_links":{"self":[{"href":"https:\/\/elterritorialweb.com.ar\/web\/wp-json\/wp\/v2\/posts\/49495","targetHints":{"allow":["GET"]}}],"collection":[{"href":"https:\/\/elterritorialweb.com.ar\/web\/wp-json\/wp\/v2\/posts"}],"about":[{"href":"https:\/\/elterritorialweb.com.ar\/web\/wp-json\/wp\/v2\/types\/post"}],"author":[{"embeddable":true,"href":"https:\/\/elterritorialweb.com.ar\/web\/wp-json\/wp\/v2\/users\/2"}],"replies":[{"embeddable":true,"href":"https:\/\/elterritorialweb.com.ar\/web\/wp-json\/wp\/v2\/comments?post=49495"}],"version-history":[{"count":1,"href":"https:\/\/elterritorialweb.com.ar\/web\/wp-json\/wp\/v2\/posts\/49495\/revisions"}],"predecessor-version":[{"id":49501,"href":"https:\/\/elterritorialweb.com.ar\/web\/wp-json\/wp\/v2\/posts\/49495\/revisions\/49501"}],"wp:featuredmedia":[{"embeddable":true,"href":"https:\/\/elterritorialweb.com.ar\/web\/wp-json\/wp\/v2\/media\/49496"}],"wp:attachment":[{"href":"https:\/\/elterritorialweb.com.ar\/web\/wp-json\/wp\/v2\/media?parent=49495"}],"wp:term":[{"taxonomy":"category","embeddable":true,"href":"https:\/\/elterritorialweb.com.ar\/web\/wp-json\/wp\/v2\/categories?post=49495"},{"taxonomy":"post_tag","embeddable":true,"href":"https:\/\/elterritorialweb.com.ar\/web\/wp-json\/wp\/v2\/tags?post=49495"}],"curies":[{"name":"wp","href":"https:\/\/api.w.org\/{rel}","templated":true}]}}