{"id":49503,"date":"2023-02-21T19:28:37","date_gmt":"2023-02-21T19:28:37","guid":{"rendered":"http:\/\/elterritorialweb.com.ar\/web\/?p=49503"},"modified":"2023-02-21T19:29:43","modified_gmt":"2023-02-21T19:29:43","slug":"ricardo-sosa-encabeza-delegacion-en-colombia-para-promocionar-argentina","status":"publish","type":"post","link":"https:\/\/elterritorialweb.com.ar\/web\/ricardo-sosa-encabeza-delegacion-en-colombia-para-promocionar-argentina\/","title":{"rendered":"RICARDO SOSA ENCABEZA LA DELEGACI\u00d3N EN COLOMBIA PARA PROMOCIONAR ARGENTINA"},"content":{"rendered":"\n<p>Seg\u00fan inform\u00f3 el Instituto Nacional de Promoci\u00f3n Tur\u00edstica, Colombia se encuentra en el top 10 de mercados emisivos de turistas hacia nuestro pa\u00eds. En los \u00faltimos seis meses de 2022, Argentina recuper\u00f3 el movimiento tur\u00edstico de colombianos en un 71% y en enero de 2023 ese movimiento se increment\u00f3 al 77% comparado con los mismos periodos del \u00faltimo a\u00f1o de la prepandemia.<br>\u00a0<br>El santiague\u00f1o Sosa estar\u00e1 acompa\u00f1ado por los funcionarios provincias y municipales representantes de Santa Cruz, Salta, Bariloche, Ciudad de Buenos Aires, Tierra del\u00a0 Fuego, Neuqu\u00e9n, El Calafate, Chubut y Rio Negro y las empresas Abax Travel, Amichi Viajes, AMV Travel DMC, Cynsa South America, Delfos tour, Estuario del Plata, Interlude, Moebius Argentina Incoming DMC, Petru DMC Argentina, Quality Travel, Tourstar, Tower Travel, Tourar, Turismo Cuenca Del Plata, Vivaterra Argentina DMC, Cielos de Tupungato, Grand Hotels Lux, Hotel Madero Buenos Aires, Xelena hotel &amp; Suites, Nemo Group, La Ventana\/ Aljibe\/ Gala Tango\/ Michelangelo, Madero Tango, Tango Porte\u00f1o y Aerol\u00edneas Argentinas.<br>\u00a0<br>Se debe tener en cuenta a que a pesar de la pandemia en 2020 y 2021 el Inpotur siempre tuvo una presencia importante en el mercado colombiano. De hecho, en 2021 fue Pa\u00eds Invitado de la Feria como una manera de fortalecer la realizaci\u00f3n del evento en ese pa\u00eds, mientras que en 2022, confirm\u00f3 la decisi\u00f3n de una aerol\u00ednea colombiana de generar nuevos vuelos entre Medell\u00edn y Buenos Aires, la primera conexi\u00f3n aerocomercial de la historia entre ambos pa\u00edses.<\/p>\n\n\n\n<figure class=\"wp-block-image size-large\"><a href=\"https:\/\/i0.wp.com\/elterritorialweb.com.ar\/web\/wp-content\/uploads\/2023\/02\/unnamed-1-3.jpg\"><img data-recalc-dims=\"1\" decoding=\"async\" width=\"640\" height=\"359\" data-src=\"https:\/\/i0.wp.com\/elterritorialweb.com.ar\/web\/wp-content\/uploads\/2023\/02\/unnamed-1-3.jpg?resize=640%2C359\" alt=\"\" class=\"wp-image-49504 lazyload\" data-srcset=\"https:\/\/i0.wp.com\/elterritorialweb.com.ar\/web\/wp-content\/uploads\/2023\/02\/unnamed-1-3.jpg?resize=1024%2C574&amp;ssl=1 1024w, https:\/\/i0.wp.com\/elterritorialweb.com.ar\/web\/wp-content\/uploads\/2023\/02\/unnamed-1-3.jpg?resize=300%2C168&amp;ssl=1 300w, https:\/\/i0.wp.com\/elterritorialweb.com.ar\/web\/wp-content\/uploads\/2023\/02\/unnamed-1-3.jpg?resize=768%2C431&amp;ssl=1 768w, https:\/\/i0.wp.com\/elterritorialweb.com.ar\/web\/wp-content\/uploads\/2023\/02\/unnamed-1-3.jpg?resize=1536%2C861&amp;ssl=1 1536w, https:\/\/i0.wp.com\/elterritorialweb.com.ar\/web\/wp-content\/uploads\/2023\/02\/unnamed-1-3.jpg?resize=2048%2C1149&amp;ssl=1 2048w, https:\/\/i0.wp.com\/elterritorialweb.com.ar\/web\/wp-content\/uploads\/2023\/02\/unnamed-1-3.jpg?w=1280 1280w, https:\/\/i0.wp.com\/elterritorialweb.com.ar\/web\/wp-content\/uploads\/2023\/02\/unnamed-1-3.jpg?w=1920 1920w\" data-sizes=\"(max-width: 640px) 100vw, 640px\" src=\"data:image\/svg+xml;base64,PHN2ZyB3aWR0aD0iMSIgaGVpZ2h0PSIxIiB4bWxucz0iaHR0cDovL3d3dy53My5vcmcvMjAwMC9zdmciPjwvc3ZnPg==\" style=\"--smush-placeholder-width: 640px; --smush-placeholder-aspect-ratio: 640\/359;\" \/><\/a><\/figure>\n\n\n\n<p>Tambi\u00e9n en la feria Anato en 2022, Sosa acord\u00f3 la generaci\u00f3n de m\u00e1s frecuencias por parte de Avianca, algo que ocurri\u00f3 en el segundo semestre de ese a\u00f1o y se acordaron los nuevos vuelos de la misma aerol\u00ednea entre Costa Rica, Ecuador y Argentina, vuelos que tambi\u00e9n se iniciaron a fines del a\u00f1o pasado. En esa misma feria se anunci\u00f3 la facilitaci\u00f3n de vuelos de Aerol\u00edneas Argentinas hacia Aeroparque desde Bogot\u00e1.<\/p>\n\n\n\n<p>Para la edici\u00f3n 2023, el funcionario nacional tiene previsto reunirse con diferentes tour operadores, representantes de entidades y aeorolineas. Adem\u00e1s se realizar\u00e1n diferentes acciones en el srand de promoci\u00f3n, como las presentaciones de Salta, El Calafate, Chubut y Santa Cruz el 23 de febrero y de Visit Buenos Aires el 24 de febrero.<br>Junto a la delegaci\u00f3n, tambi\u00e9n estar\u00e1n participando empresarios representantes de la C\u00e1mara Argentina de Turismo (CAT).<\/p>\n","protected":false},"excerpt":{"rendered":"<p>El Secretario Ejecutivo del Inprotur, Ricardo Sosa, participar\u00e1 esta semana de la Feria de Turismo Vitrina Anato que se realizar\u00e1 desde el 22 al 24 de febrero en la ciudad de Bogot\u00e1, Colombia, encabezando la delegaci\u00f3n argentina que estar\u00e1 compuesta por 20 empresarios y 9 destinos, que tendr\u00e1 como objetivo seguir profundizando las acciones de promoci\u00f3n tur\u00edstica y acuerdos comerciales en beneficio del turismo receptivo argentino.<\/p>\n","protected":false},"author":2,"featured_media":49505,"comment_status":"open","ping_status":"open","sticky":false,"template":"","format":"standard","meta":{"om_disable_all_campaigns":false,"_monsterinsights_skip_tracking":false,"_monsterinsights_sitenote_active":false,"_monsterinsights_sitenote_note":"","_monsterinsights_sitenote_category":0,"_uf_show_specific_survey":0,"_uf_disable_surveys":false,"jetpack_post_was_ever_published":false,"_jetpack_newsletter_access":"","_jetpack_dont_email_post_to_subs":false,"_jetpack_newsletter_tier_id":0,"_jetpack_memberships_contains_paywalled_content":false,"_jetpack_memberships_contains_paid_content":false,"footnotes":"","jetpack_publicize_message":"","jetpack_publicize_feature_enabled":true,"jetpack_social_post_already_shared":false,"jetpack_social_options":{"image_generator_settings":{"template":"highway","default_image_id":0,"font":"","enabled":false},"version":2}},"categories":[4,29],"tags":[],"class_list":["post-49503","post","type-post","status-publish","format-standard","has-post-thumbnail","hentry","category-destacadas","category-turismo"],"aioseo_notices":[],"views":16,"jetpack_publicize_connections":[],"jetpack_featured_media_url":"https:\/\/i0.wp.com\/elterritorialweb.com.ar\/web\/wp-content\/uploads\/2023\/02\/unnamed-5-scaled.jpg?fit=2560%2C1153&ssl=1","jetpack_sharing_enabled":true,"_links":{"self":[{"href":"https:\/\/elterritorialweb.com.ar\/web\/wp-json\/wp\/v2\/posts\/49503","targetHints":{"allow":["GET"]}}],"collection":[{"href":"https:\/\/elterritorialweb.com.ar\/web\/wp-json\/wp\/v2\/posts"}],"about":[{"href":"https:\/\/elterritorialweb.com.ar\/web\/wp-json\/wp\/v2\/types\/post"}],"author":[{"embeddable":true,"href":"https:\/\/elterritorialweb.com.ar\/web\/wp-json\/wp\/v2\/users\/2"}],"replies":[{"embeddable":true,"href":"https:\/\/elterritorialweb.com.ar\/web\/wp-json\/wp\/v2\/comments?post=49503"}],"version-history":[{"count":2,"href":"https:\/\/elterritorialweb.com.ar\/web\/wp-json\/wp\/v2\/posts\/49503\/revisions"}],"predecessor-version":[{"id":49507,"href":"https:\/\/elterritorialweb.com.ar\/web\/wp-json\/wp\/v2\/posts\/49503\/revisions\/49507"}],"wp:featuredmedia":[{"embeddable":true,"href":"https:\/\/elterritorialweb.com.ar\/web\/wp-json\/wp\/v2\/media\/49505"}],"wp:attachment":[{"href":"https:\/\/elterritorialweb.com.ar\/web\/wp-json\/wp\/v2\/media?parent=49503"}],"wp:term":[{"taxonomy":"category","embeddable":true,"href":"https:\/\/elterritorialweb.com.ar\/web\/wp-json\/wp\/v2\/categories?post=49503"},{"taxonomy":"post_tag","embeddable":true,"href":"https:\/\/elterritorialweb.com.ar\/web\/wp-json\/wp\/v2\/tags?post=49503"}],"curies":[{"name":"wp","href":"https:\/\/api.w.org\/{rel}","templated":true}]}}