{"id":49611,"date":"2023-02-22T21:54:07","date_gmt":"2023-02-22T21:54:07","guid":{"rendered":"http:\/\/elterritorialweb.com.ar\/web\/?p=49611"},"modified":"2023-02-22T22:07:33","modified_gmt":"2023-02-22T22:07:33","slug":"directivos-de-escuelas-fueron-capacitados-en-gestion-institucional","status":"publish","type":"post","link":"https:\/\/elterritorialweb.com.ar\/web\/directivos-de-escuelas-fueron-capacitados-en-gestion-institucional\/","title":{"rendered":"DIRECTIVOS DE ESCUELAS FUERON CAPACITADOS EN GESTI\u00d3N INSTITUCIONAL"},"content":{"rendered":"\n<p>Esta actividad, que desarrollada en el marco de la Resoluci\u00f3n 312\/2023 del Consejo General de Educaci\u00f3n, forma parte del Programa de Apoyo Pedag\u00f3gico a Escuelas Primarias con Extensi\u00f3n Horaria de Santiago del Estero.<br>El prop\u00f3sito es \u201ccontribuir con la actualizaci\u00f3n de conocimientos b\u00e1sicos de la gesti\u00f3n institucional en las siguientes dimensiones: organizacional; de ense\u00f1anza\u2013aprendizaje-evaluaci\u00f3n y de desarrollo profesional en relaci\u00f3n con la comunidad\u201d.<br>Seg\u00fan explicaron los coordinadores, de esta manera se busca \u201cmejorar la calidad educativa e idear propuestas de trabajo interinstitucional entre los institutos de formaci\u00f3n docente y las escuelas primarias impactadas, y entre escuelas primarias entre s\u00ed, orientado a la mejora de la gesti\u00f3n institucional y del desarrollo del curr\u00edculum en red con la comunidad\u201d.<br>Resaltaron que \u201cen ese marco la capacitaci\u00f3n y el acompa\u00f1amiento posibilita repensar la articulaci\u00f3n entre las cuatro funciones de los Institutos de Formaci\u00f3n Docente (IFD) en el sistema educativo santiague\u00f1o en su conjunto, y orientar a los directivos de Nivel Primario en la gesti\u00f3n de v\u00ednculos estrat\u00e9gicos, no s\u00f3lo con los IFD cercanos, sino tambi\u00e9n con otros actores de la comunidad, tanto del entorno pr\u00f3ximo como mediato, en relaci\u00f3n con la localizaci\u00f3n de la escuela, desde una perspectiva territorial\u201d.<br>En la apertura de las jornadas estuvieron presentes la presidente del Consejo General de Educaci\u00f3n, Dra. Mar\u00eda Elena Herrera; el director del Nivel Primario, Prof. Gustavo Grimaldi, y la directora del Nivel Superior, Mg. Anal\u00eda Valentini.<br>Se realizaron dos jornadas con un total de 450 asistentes, a cargo de las licenciadas Paola Yorbandi y Rosa Ares, con la participaci\u00f3n de supervisores de los Niveles Primario y Superior, directores de las escuelas primarias y rectores de 25 institutos de formaci\u00f3n docente de toda la provincia.<\/p>\n","protected":false},"excerpt":{"rendered":"<p>Con gran \u00e9xito se realizaron en el Nodo Tecnol\u00f3gico de La Banda las Jornadas de Capacitaci\u00f3n en Gesti\u00f3n Institucional, destinadas a directivos de escuelas primarias de gesti\u00f3n p\u00fablica de tercera categor\u00eda y de personal \u00fanico.<\/p>\n","protected":false},"author":2,"featured_media":49612,"comment_status":"open","ping_status":"open","sticky":false,"template":"","format":"standard","meta":{"om_disable_all_campaigns":false,"_monsterinsights_skip_tracking":false,"_monsterinsights_sitenote_active":false,"_monsterinsights_sitenote_note":"","_monsterinsights_sitenote_category":0,"_uf_show_specific_survey":0,"_uf_disable_surveys":false,"jetpack_post_was_ever_published":false,"_jetpack_newsletter_access":"","_jetpack_dont_email_post_to_subs":false,"_jetpack_newsletter_tier_id":0,"_jetpack_memberships_contains_paywalled_content":false,"_jetpack_memberships_contains_paid_content":false,"footnotes":"","jetpack_publicize_message":"","jetpack_publicize_feature_enabled":true,"jetpack_social_post_already_shared":true,"jetpack_social_options":{"image_generator_settings":{"template":"highway","default_image_id":0,"font":"","enabled":false},"version":2}},"categories":[19],"tags":[],"class_list":["post-49611","post","type-post","status-publish","format-standard","has-post-thumbnail","hentry","category-educacion"],"aioseo_notices":[],"views":10,"jetpack_publicize_connections":[],"jetpack_featured_media_url":"https:\/\/i0.wp.com\/elterritorialweb.com.ar\/web\/wp-content\/uploads\/2023\/02\/WhatsApp-Image-2023-02-22-at-22.21.00.jpeg?fit=511%2C371&ssl=1","jetpack_sharing_enabled":true,"_links":{"self":[{"href":"https:\/\/elterritorialweb.com.ar\/web\/wp-json\/wp\/v2\/posts\/49611","targetHints":{"allow":["GET"]}}],"collection":[{"href":"https:\/\/elterritorialweb.com.ar\/web\/wp-json\/wp\/v2\/posts"}],"about":[{"href":"https:\/\/elterritorialweb.com.ar\/web\/wp-json\/wp\/v2\/types\/post"}],"author":[{"embeddable":true,"href":"https:\/\/elterritorialweb.com.ar\/web\/wp-json\/wp\/v2\/users\/2"}],"replies":[{"embeddable":true,"href":"https:\/\/elterritorialweb.com.ar\/web\/wp-json\/wp\/v2\/comments?post=49611"}],"version-history":[{"count":1,"href":"https:\/\/elterritorialweb.com.ar\/web\/wp-json\/wp\/v2\/posts\/49611\/revisions"}],"predecessor-version":[{"id":49613,"href":"https:\/\/elterritorialweb.com.ar\/web\/wp-json\/wp\/v2\/posts\/49611\/revisions\/49613"}],"wp:featuredmedia":[{"embeddable":true,"href":"https:\/\/elterritorialweb.com.ar\/web\/wp-json\/wp\/v2\/media\/49612"}],"wp:attachment":[{"href":"https:\/\/elterritorialweb.com.ar\/web\/wp-json\/wp\/v2\/media?parent=49611"}],"wp:term":[{"taxonomy":"category","embeddable":true,"href":"https:\/\/elterritorialweb.com.ar\/web\/wp-json\/wp\/v2\/categories?post=49611"},{"taxonomy":"post_tag","embeddable":true,"href":"https:\/\/elterritorialweb.com.ar\/web\/wp-json\/wp\/v2\/tags?post=49611"}],"curies":[{"name":"wp","href":"https:\/\/api.w.org\/{rel}","templated":true}]}}