{"id":49615,"date":"2023-02-22T22:14:53","date_gmt":"2023-02-22T22:14:53","guid":{"rendered":"http:\/\/elterritorialweb.com.ar\/web\/?p=49615"},"modified":"2023-02-22T22:17:43","modified_gmt":"2023-02-22T22:17:43","slug":"se-rompio-el-bloque-del-frente-de-todos-en-el-senado","status":"publish","type":"post","link":"https:\/\/elterritorialweb.com.ar\/web\/se-rompio-el-bloque-del-frente-de-todos-en-el-senado\/","title":{"rendered":"SE ROMPI\u00d3 EL BLOQUE DEL FRENTE DE TODOS EN EL SENADO"},"content":{"rendered":"\n<p>Cuatro senadores del Partido Justicialista anunciaron que dejar\u00e1n el interbloque del\u00a0<strong>Frente de Todos<\/strong>\u00a0para conformar junto a la cordobesa\u00a0<strong>Alejandra Vigo<\/strong>, esposa del gobernador\u00a0<strong>Juan Schiaretti<\/strong>, un nuevo bloque que se llamar\u00e1\u00a0<strong>\u00abUnidad Federal\u00bb.<\/strong>\u00a0Se trata del juje\u00f1o\u00a0<strong>Guillermo Snopek,<\/strong>\u00a0la puntana\u00a0<strong>Mar\u00eda Eugenia Catalfamo<\/strong>, el correntino<strong>\u00a0Carlos Esp\u00ednola<\/strong>, y el entrerriano<strong>\u00a0Edgardo Kueider.<\/strong><\/p>\n\n\n\n<p>La noticia fue confirmada este mi\u00e9rcoles a trav\u00e9s de un\u00a0<strong>comunicado<\/strong>\u00a0firmado por los 5 senadores que integrar\u00e1n el nuevo bloque en el que contaron los motivos de su decisi\u00f3n y el esp\u00edritu que tendr\u00e1 el nuevo espacio.<\/p>\n\n\n\n<p>\u00abEl Bloque Unidad Federal es un nuevo espacio de confluencia pol\u00edtica entre senadores y senadoras nacionales con representaci\u00f3n en distintos distritos electorales del pa\u00eds, que coincidimos en el camino de buscar consensos y entendemos la necesidad de construir una alternativa dentro del Senado de la Naci\u00f3n que responda a los nuevos desaf\u00edos que plantean nuestros territorios y que representen a las y los ciudadanos que nos eligieron a trav\u00e9s del voto popular\u00bb, comienza el escrito.<\/p>\n\n\n\n<p>Los senadores informaron que buscan \u00abser una alterativa\u00bb donde se priorice la posibilidad de aportar a la reflexi\u00f3n sobre \u00abla Argentina que queremos para nosotros y las futuras generaciones,&nbsp;<strong>sin grietas\u00bb<\/strong>, con discusiones que planteen soluciones a corto, mediano y largo plazo para todos los argentinos. \u00abApostamos a la unidad, al respeto y al di\u00e1logo en pos de encontrar puntos en com\u00fan, dejando de lado las ret\u00f3ricas petrificadas y los personalismos que tanto da\u00f1o nos han hecho como sociedad\u00bb.<\/p>\n\n\n\n<p>Luego se\u00f1alan que el actual contexto social, econ\u00f3mico y pol\u00edtico que atraviesa Argentina \u00abgenera nuevas realidades y demandas\u00bb y por eso ellos tendr\u00e1n \u00abla responsabilidad de debatir, trabajar, pensar nuevas estrategias y legislar\u00bb en un espacio que aporte \u00abuna mirada verdaderamente federal\u00bb poniendo el foco en las problem\u00e1ticas que atraviesan las provincias como\u00a0<strong>\u00abla pobreza y el hambre\u00bb.<\/strong><\/p>\n\n\n\n<figure class=\"wp-block-image size-full\"><a href=\"https:\/\/i0.wp.com\/elterritorialweb.com.ar\/web\/wp-content\/uploads\/2023\/02\/image-39.png\"><img data-recalc-dims=\"1\" decoding=\"async\" width=\"640\" height=\"686\" data-src=\"https:\/\/i0.wp.com\/elterritorialweb.com.ar\/web\/wp-content\/uploads\/2023\/02\/image-39.png?resize=640%2C686\" alt=\"\" class=\"wp-image-49616 lazyload\" data-srcset=\"https:\/\/i0.wp.com\/elterritorialweb.com.ar\/web\/wp-content\/uploads\/2023\/02\/image-39.png?w=790&amp;ssl=1 790w, https:\/\/i0.wp.com\/elterritorialweb.com.ar\/web\/wp-content\/uploads\/2023\/02\/image-39.png?resize=280%2C300&amp;ssl=1 280w, https:\/\/i0.wp.com\/elterritorialweb.com.ar\/web\/wp-content\/uploads\/2023\/02\/image-39.png?resize=768%2C823&amp;ssl=1 768w\" data-sizes=\"(max-width: 640px) 100vw, 640px\" src=\"data:image\/svg+xml;base64,PHN2ZyB3aWR0aD0iMSIgaGVpZ2h0PSIxIiB4bWxucz0iaHR0cDovL3d3dy53My5vcmcvMjAwMC9zdmciPjwvc3ZnPg==\" style=\"--smush-placeholder-width: 640px; --smush-placeholder-aspect-ratio: 640\/686;\" \/><\/a><\/figure>\n\n\n\n<p>\u00abJunto a los senadores peronistas Alejandra Vigo, Mar\u00eda Eugenia Catalfamo, Guillermo Snopek y Carlos Esp\u00ednola<strong>, formamos hoy el bloque Unidad Federal con el objetivo de darnos una estrategia para favorecer los intereses del interior del pa\u00eds<\/strong>, y en mi caso particular de los entrerrianos\u00bb, public\u00f3 el senador&nbsp;<strong>Kueider&nbsp;<\/strong>en sus redes sociales.<\/p>\n\n\n\n<p>\u00abPero tambi\u00e9n buscamos que se generen debates en torno a la matriz energ\u00e9tica argentina, al desarrollo de la producci\u00f3n y de las nuevas industrias\u00bb, marc\u00f3.<\/p>\n\n\n\n<p>Por \u00faltimo, el senador expres\u00f3 que el nuevo bloque<strong>\u00a0\u00abviene a plantear la necesidad de crear un espacio pol\u00edtico que le d\u00e9 verdadera representaci\u00f3n a la agenda federal y a las necesidades de las provincias argentinas\u00bb.<\/strong><\/p>\n\n\n\n<figure class=\"wp-block-embed is-type-rich is-provider-twitter wp-block-embed-twitter\"><div class=\"wp-block-embed__wrapper\">\n<blockquote class=\"twitter-tweet\" data-width=\"550\" data-dnt=\"true\"><p lang=\"es\" dir=\"ltr\">Junto a los senadores peronistas <a href=\"https:\/\/twitter.com\/alevigo?ref_src=twsrc%5Etfw\">@alevigo<\/a>, <a href=\"https:\/\/twitter.com\/eugecatalfamo?ref_src=twsrc%5Etfw\">@eugecatalfamo<\/a>, <a href=\"https:\/\/twitter.com\/guillermosnopek?ref_src=twsrc%5Etfw\">@guillermosnopek<\/a> y Carlos Esp\u00ednola, formamos hoy el bloque <a href=\"https:\/\/twitter.com\/hashtag\/UnidadFederal?src=hash&amp;ref_src=twsrc%5Etfw\">#UnidadFederal<\/a> con el objetivo de darnos una estrategia para favorecer los intereses del interior del pa\u00eds, y en mi caso particular de los entrerrianos. <a href=\"https:\/\/t.co\/AFC2HwQCdM\">pic.twitter.com\/AFC2HwQCdM<\/a><\/p>&mdash; Edgardo Kueider (@EdgardoKueider) <a href=\"https:\/\/twitter.com\/EdgardoKueider\/status\/1628496586908073986?ref_src=twsrc%5Etfw\">February 22, 2023<\/a><\/blockquote><script async src=\"https:\/\/platform.twitter.com\/widgets.js\" charset=\"utf-8\"><\/script>\n<\/div><\/figure>\n","protected":false},"excerpt":{"rendered":"<p>Se trata del juje\u00f1o Guillermo Snopek, la puntana Mar\u00eda Eugenia Catalfamo, el correntino Carlos Esp\u00ednola, y el entrerriano Edgardo Kueider, que junto a la senadora Alejandra Vigo, esposa del gobernador Juan Schiaretti, formar\u00e1n el bloque Unidad Federal.<\/p>\n","protected":false},"author":2,"featured_media":49618,"comment_status":"open","ping_status":"open","sticky":false,"template":"","format":"standard","meta":{"om_disable_all_campaigns":false,"_monsterinsights_skip_tracking":false,"_monsterinsights_sitenote_active":false,"_monsterinsights_sitenote_note":"","_monsterinsights_sitenote_category":0,"_uf_show_specific_survey":0,"_uf_disable_surveys":false,"jetpack_post_was_ever_published":false,"_jetpack_newsletter_access":"","_jetpack_dont_email_post_to_subs":false,"_jetpack_newsletter_tier_id":0,"_jetpack_memberships_contains_paywalled_content":false,"_jetpack_memberships_contains_paid_content":false,"footnotes":"","jetpack_publicize_message":"","jetpack_publicize_feature_enabled":true,"jetpack_social_post_already_shared":true,"jetpack_social_options":{"image_generator_settings":{"template":"highway","default_image_id":0,"font":"","enabled":false},"version":2}},"categories":[18],"tags":[],"class_list":["post-49615","post","type-post","status-publish","format-standard","has-post-thumbnail","hentry","category-politica"],"aioseo_notices":[],"views":14,"jetpack_publicize_connections":[],"jetpack_featured_media_url":"https:\/\/i0.wp.com\/elterritorialweb.com.ar\/web\/wp-content\/uploads\/2023\/02\/SENADORES-DEL-FDT.jpg?fit=680%2C453&ssl=1","jetpack_sharing_enabled":true,"_links":{"self":[{"href":"https:\/\/elterritorialweb.com.ar\/web\/wp-json\/wp\/v2\/posts\/49615","targetHints":{"allow":["GET"]}}],"collection":[{"href":"https:\/\/elterritorialweb.com.ar\/web\/wp-json\/wp\/v2\/posts"}],"about":[{"href":"https:\/\/elterritorialweb.com.ar\/web\/wp-json\/wp\/v2\/types\/post"}],"author":[{"embeddable":true,"href":"https:\/\/elterritorialweb.com.ar\/web\/wp-json\/wp\/v2\/users\/2"}],"replies":[{"embeddable":true,"href":"https:\/\/elterritorialweb.com.ar\/web\/wp-json\/wp\/v2\/comments?post=49615"}],"version-history":[{"count":1,"href":"https:\/\/elterritorialweb.com.ar\/web\/wp-json\/wp\/v2\/posts\/49615\/revisions"}],"predecessor-version":[{"id":49619,"href":"https:\/\/elterritorialweb.com.ar\/web\/wp-json\/wp\/v2\/posts\/49615\/revisions\/49619"}],"wp:featuredmedia":[{"embeddable":true,"href":"https:\/\/elterritorialweb.com.ar\/web\/wp-json\/wp\/v2\/media\/49618"}],"wp:attachment":[{"href":"https:\/\/elterritorialweb.com.ar\/web\/wp-json\/wp\/v2\/media?parent=49615"}],"wp:term":[{"taxonomy":"category","embeddable":true,"href":"https:\/\/elterritorialweb.com.ar\/web\/wp-json\/wp\/v2\/categories?post=49615"},{"taxonomy":"post_tag","embeddable":true,"href":"https:\/\/elterritorialweb.com.ar\/web\/wp-json\/wp\/v2\/tags?post=49615"}],"curies":[{"name":"wp","href":"https:\/\/api.w.org\/{rel}","templated":true}]}}