{"id":49630,"date":"2023-02-23T03:06:50","date_gmt":"2023-02-23T03:06:50","guid":{"rendered":"http:\/\/elterritorialweb.com.ar\/web\/?p=49630"},"modified":"2023-02-23T03:06:52","modified_gmt":"2023-02-23T03:06:52","slug":"crece-la-expectativa-por-el-corso-santiago-ciudad-2023","status":"publish","type":"post","link":"https:\/\/elterritorialweb.com.ar\/web\/crece-la-expectativa-por-el-corso-santiago-ciudad-2023\/","title":{"rendered":"CRECE LA EXPECTATIVA POR EL CORSO SANTIAGO CIUDAD 2023"},"content":{"rendered":"\n<p>En el lugar, inspeccionaron el montaje del cors\u00f3dromo que, en esta edici\u00f3n, tendr\u00e1 una extensi\u00f3n de 900 metros aproximadamente y se habilitar\u00e1 desde Plaza A\u00f1oranzas hasta el sector del Kart\u00f3dromo.<\/p>\n\n\n\n<p>En este sentido, el subsecretario de Cultura, Rodolfo Legname, indic\u00f3 que \u00abel escenario central estar\u00e1 ubicado a mitad del recorrido en donde se instalar\u00e1 el jurado, mientras que las gradas estar\u00e1n dispuestas a lo largo del cors\u00f3dromo, para que todos aquellos vecinos que se acerquen a disfrutar de este tradicional festejo, puedan estar en las m\u00e1ximas condiciones de comodidad y seguridad posibles a la hora de observar el desfile\u00bb.<\/p>\n\n\n\n<p>\u00abLos festejos dar\u00e1n comienzo, los d\u00edas viernes y s\u00e1bado, desde las 20 horas y la apertura oficial, con el tradicional desfile de color y sonido, se iniciar\u00e1 a las 22, con la entrega de las llaves de la ciudad al Rey Momo, tarea que estar\u00e1 a cargo de la Intendente, Ingeniera Norma Fuentes\u00bb, adelant\u00f3.<\/p>\n\n\n\n<p>Legname resalt\u00f3 que \u00abse trata de un espect\u00e1culo popular,&nbsp; abierto a la participaci\u00f3n de todas las familias santiague\u00f1as, por donde pasar\u00e1n numerosas comparsas, murgas y carrozas provenientes de todos los puntos cardinales de la ciudad, m\u00e1s otras dos comparsas invitadas\u00bb.<\/p>\n\n\n\n<p>Cabe recordar que, al baile de las comparsas y murgas, se sumar\u00e1 la actuaci\u00f3n de artistas como Los Alfiles y Chabacanos el viernes; y Selena y Bambol\u00e9 el s\u00e1bado. Tambi\u00e9n habr\u00e1 pantallas LED de gran tama\u00f1o en sitios estrat\u00e9gicos del recorrido, lo que garantizar\u00e1 que todos los asistentes disfruten de una buena vista del show.<\/p>\n","protected":false},"excerpt":{"rendered":"<p>Funcionarios de la Municipalidad de la Capital asistieron a la Nueva Costanera para supervisar las tareas finales de armado del espacio elegido para el desfile de carrozas, comparsas y murgas del Corso Santiago Ciudad 2023, que se realizar\u00e1 los d\u00edas viernes 24 y s\u00e1bado 25 de febrero.<\/p>\n","protected":false},"author":2,"featured_media":49631,"comment_status":"open","ping_status":"open","sticky":false,"template":"","format":"standard","meta":{"om_disable_all_campaigns":false,"_monsterinsights_skip_tracking":false,"_monsterinsights_sitenote_active":false,"_monsterinsights_sitenote_note":"","_monsterinsights_sitenote_category":0,"_uf_show_specific_survey":0,"_uf_disable_surveys":false,"jetpack_post_was_ever_published":false,"_jetpack_newsletter_access":"","_jetpack_dont_email_post_to_subs":false,"_jetpack_newsletter_tier_id":0,"_jetpack_memberships_contains_paywalled_content":false,"_jetpack_memberships_contains_paid_content":false,"footnotes":"","jetpack_publicize_message":"","jetpack_publicize_feature_enabled":true,"jetpack_social_post_already_shared":true,"jetpack_social_options":{"image_generator_settings":{"template":"highway","default_image_id":0,"font":"","enabled":false},"version":2}},"categories":[21],"tags":[],"class_list":["post-49630","post","type-post","status-publish","format-standard","has-post-thumbnail","hentry","category-locales"],"aioseo_notices":[],"views":7,"jetpack_publicize_connections":[],"jetpack_featured_media_url":"https:\/\/i0.wp.com\/elterritorialweb.com.ar\/web\/wp-content\/uploads\/2023\/02\/corso-10.jpeg?fit=1280%2C795&ssl=1","jetpack_sharing_enabled":true,"_links":{"self":[{"href":"https:\/\/elterritorialweb.com.ar\/web\/wp-json\/wp\/v2\/posts\/49630","targetHints":{"allow":["GET"]}}],"collection":[{"href":"https:\/\/elterritorialweb.com.ar\/web\/wp-json\/wp\/v2\/posts"}],"about":[{"href":"https:\/\/elterritorialweb.com.ar\/web\/wp-json\/wp\/v2\/types\/post"}],"author":[{"embeddable":true,"href":"https:\/\/elterritorialweb.com.ar\/web\/wp-json\/wp\/v2\/users\/2"}],"replies":[{"embeddable":true,"href":"https:\/\/elterritorialweb.com.ar\/web\/wp-json\/wp\/v2\/comments?post=49630"}],"version-history":[{"count":1,"href":"https:\/\/elterritorialweb.com.ar\/web\/wp-json\/wp\/v2\/posts\/49630\/revisions"}],"predecessor-version":[{"id":49632,"href":"https:\/\/elterritorialweb.com.ar\/web\/wp-json\/wp\/v2\/posts\/49630\/revisions\/49632"}],"wp:featuredmedia":[{"embeddable":true,"href":"https:\/\/elterritorialweb.com.ar\/web\/wp-json\/wp\/v2\/media\/49631"}],"wp:attachment":[{"href":"https:\/\/elterritorialweb.com.ar\/web\/wp-json\/wp\/v2\/media?parent=49630"}],"wp:term":[{"taxonomy":"category","embeddable":true,"href":"https:\/\/elterritorialweb.com.ar\/web\/wp-json\/wp\/v2\/categories?post=49630"},{"taxonomy":"post_tag","embeddable":true,"href":"https:\/\/elterritorialweb.com.ar\/web\/wp-json\/wp\/v2\/tags?post=49630"}],"curies":[{"name":"wp","href":"https:\/\/api.w.org\/{rel}","templated":true}]}}