{"id":49715,"date":"2023-02-25T04:17:36","date_gmt":"2023-02-25T04:17:36","guid":{"rendered":"http:\/\/elterritorialweb.com.ar\/web\/?p=49715"},"modified":"2023-02-25T04:52:18","modified_gmt":"2023-02-25T04:52:18","slug":"fuentes-destaco-la-convocatoria-masiva-de-los-vecinoa-en-el-corso-santiago-ciudad-2023","status":"publish","type":"post","link":"https:\/\/elterritorialweb.com.ar\/web\/fuentes-destaco-la-convocatoria-masiva-de-los-vecinoa-en-el-corso-santiago-ciudad-2023\/","title":{"rendered":"FUENTES DESTAC\u00d3 LA CONVOCATORIA MASIVA DE LOS VECINOS EN EL CORSO SANTIAGO CIUDAD 2023"},"content":{"rendered":"\n<p>La jefa comunal fue la encargada de entregar simb\u00f3licamente las llaves al rey Momo para dar inicio a dos jornadas de color y alegr\u00eda del carnaval.<\/p>\n\n\n\n<p>M\u00e1s de 1500 bailarines, comparsas, murgas y carrozas desfilaron demostrando su creatividad art\u00edstica en la festividad popular que tuvo una convocatoria masiva.<\/p>\n\n\n\n<p>La intendente Fuentes remarc\u00f3: \u00a8La gente nos est\u00e1 acompa\u00f1ando, as\u00ed que estamos muy contentos de hacer esta apertura. Hemos tenido un verano acompa\u00f1ados por los vecinos de la ciudad con mucha alegr\u00eda y Santiago es tu R\u00edo ha representado a la familia presente. En \u00e9ste corso invitamos a todos a disfrutar de espect\u00e1culos musicales y del desfile de murgas y carrozas\u00bb, indic\u00f3 la intendente.<\/p>\n\n\n\n<p>Destac\u00f3 tambi\u00e9n que ciudades del interior enviaron sus comparsas ganadoras para participar \u00abde este evento tan esperado por todos los santiague\u00f1os\u00bb.<\/p>\n\n\n\n<p>\u00abAqu\u00ed se muestra la dedicaci\u00f3n para confeccionar los trajes, son familias enteras que&nbsp; trabajan y por eso agradecemos a la Asociaci\u00f3n Amigos del Corso y a las instituciones que nos acompa\u00f1an\u00bb, sostuvo la Ing. Fuentes.<\/p>\n\n\n\n<p>Por su parte, el vicegobernador dijo: \u00abEstas expresiones culturales muestran la alegr\u00eda del pueblo y que no hacen m\u00e1s que demostrar el esp\u00edritu festivo de Santiago del Estero\u00bb. Asimismo puso de relieve la participaci\u00f3n de las agrupaciones de la Capital y de lugares del interior de la provincia<\/p>\n\n\n\n<p>En la primera noche, tambi\u00e9n estuvieron presentes, el presidente del Concejo Deliberante, Humberto Santill\u00e1n; funcionarios del gabinete municipal; concejales; legisladores provinciales, entre otras autoridades.<\/p>\n","protected":false},"excerpt":{"rendered":"<p>Con una presencia multitudinaria que colm\u00f3 el cors\u00f3dromo, habilitado sobre la Costanera Luis \u201cChacho\u201d Lescano, dio comienzo el Corso Santiago Ciudad 2023, en una ceremonia de apertura con la presencia del vicegobernador de la provincia, Dr. Carlos Silva Neder y de la intendente Ing. Norma Fuentes.<\/p>\n","protected":false},"author":2,"featured_media":49717,"comment_status":"open","ping_status":"open","sticky":false,"template":"","format":"standard","meta":{"om_disable_all_campaigns":false,"_monsterinsights_skip_tracking":false,"_monsterinsights_sitenote_active":false,"_monsterinsights_sitenote_note":"","_monsterinsights_sitenote_category":0,"_uf_show_specific_survey":0,"_uf_disable_surveys":false,"jetpack_post_was_ever_published":false,"_jetpack_newsletter_access":"","_jetpack_dont_email_post_to_subs":false,"_jetpack_newsletter_tier_id":0,"_jetpack_memberships_contains_paywalled_content":false,"_jetpack_memberships_contains_paid_content":false,"footnotes":"","jetpack_publicize_message":"","jetpack_publicize_feature_enabled":true,"jetpack_social_post_already_shared":true,"jetpack_social_options":{"image_generator_settings":{"template":"highway","default_image_id":0,"font":"","enabled":false},"version":2}},"categories":[21],"tags":[],"class_list":["post-49715","post","type-post","status-publish","format-standard","has-post-thumbnail","hentry","category-locales"],"aioseo_notices":[],"views":16,"jetpack_publicize_connections":[],"jetpack_featured_media_url":"https:\/\/i0.wp.com\/elterritorialweb.com.ar\/web\/wp-content\/uploads\/2023\/02\/intendente-corsos-2023.jpeg?fit=1280%2C753&ssl=1","jetpack_sharing_enabled":true,"_links":{"self":[{"href":"https:\/\/elterritorialweb.com.ar\/web\/wp-json\/wp\/v2\/posts\/49715","targetHints":{"allow":["GET"]}}],"collection":[{"href":"https:\/\/elterritorialweb.com.ar\/web\/wp-json\/wp\/v2\/posts"}],"about":[{"href":"https:\/\/elterritorialweb.com.ar\/web\/wp-json\/wp\/v2\/types\/post"}],"author":[{"embeddable":true,"href":"https:\/\/elterritorialweb.com.ar\/web\/wp-json\/wp\/v2\/users\/2"}],"replies":[{"embeddable":true,"href":"https:\/\/elterritorialweb.com.ar\/web\/wp-json\/wp\/v2\/comments?post=49715"}],"version-history":[{"count":2,"href":"https:\/\/elterritorialweb.com.ar\/web\/wp-json\/wp\/v2\/posts\/49715\/revisions"}],"predecessor-version":[{"id":49719,"href":"https:\/\/elterritorialweb.com.ar\/web\/wp-json\/wp\/v2\/posts\/49715\/revisions\/49719"}],"wp:featuredmedia":[{"embeddable":true,"href":"https:\/\/elterritorialweb.com.ar\/web\/wp-json\/wp\/v2\/media\/49717"}],"wp:attachment":[{"href":"https:\/\/elterritorialweb.com.ar\/web\/wp-json\/wp\/v2\/media?parent=49715"}],"wp:term":[{"taxonomy":"category","embeddable":true,"href":"https:\/\/elterritorialweb.com.ar\/web\/wp-json\/wp\/v2\/categories?post=49715"},{"taxonomy":"post_tag","embeddable":true,"href":"https:\/\/elterritorialweb.com.ar\/web\/wp-json\/wp\/v2\/tags?post=49715"}],"curies":[{"name":"wp","href":"https:\/\/api.w.org\/{rel}","templated":true}]}}